{"id":1269713,"date":"2026-08-30T12:55:20","date_gmt":"2026-08-30T12:55:20","guid":{"rendered":"https:\/\/www.europesays.com\/de\/1269713\/"},"modified":"2026-08-30T12:55:20","modified_gmt":"2026-08-30T12:55:20","slug":"transfer-ticker-kauft-der-bvb-noch-mal-ein-konstantelias-verletzung-aendert-die-plaene","status":"publish","type":"post","link":"https:\/\/www.europesays.com\/de\/1269713\/","title":{"rendered":"Transfer-Ticker: Kauft der BVB noch mal ein? Konstantelias-Verletzung \u00e4ndert die Pl\u00e4ne"},"content":{"rendered":"<p>Sollten sich die Bef\u00fcrchtungen eines Kreuzbandrisses bei Offensivspieler Giannis Konstantelias best\u00e4tigen, w\u00fcrde Borussia Dortmund wom\u00f6glich noch einmal kurzfristig auf dem Transfermarkt t\u00e4tig werden. \u201eWir m\u00fcssen uns Gedanken machen\u201c, sagte Trainer Niko Kovac dazu: \u201eWir m\u00fcssen schon schauen, was w\u00e4re noch m\u00f6glich.\u201c Sportchef Lars Ricken erkl\u00e4rte ebenfalls, das man \u00fcber das Thema sprechen werde. <\/p>\n<p>Der BVB macht sich gro\u00dfe Sorgen um Zugang Konstantelias. \u201eEs sieht so aus, dass der Doktor das getestet hat und er hat kein gutes Gef\u00fchl\u201c, sagte Kovac nach dem 2:0 gegen den Hamburger SV am Samstag: \u201eWir haben diesen Sieg schon sehr teuer bezahlt, wenn es ein Kreuzbandriss sein sollte.\u201c Klarheit dar\u00fcber soll es heute geben.<\/p>\n<p><img src=\"https:\/\/www.europesays.com\/de\/wp-content\/uploads\/2026\/08\/apdpa-999fc857f6a14882be6daf9e9a158c55-jpg.jpeg\" class=\"c-picture__image\" alt=\"Giannis Konstantelias am Boden\" loading=\"lazy\" decoding=\"async\"\/><\/p>\n<p>Giannis Konstantelias am Boden<\/p>\n<p>Quelle: AP Photo\/Martin Meissner<\/p>\n","protected":false},"excerpt":{"rendered":"Sollten sich die Bef\u00fcrchtungen eines Kreuzbandrisses bei Offensivspieler Giannis Konstantelias best\u00e4tigen, w\u00fcrde Borussia Dortmund wom\u00f6glich noch einmal kurzfristig&hellip;\n","protected":false},"author":2,"featured_media":1269714,"comment_status":"","ping_status":"","sticky":false,"template":"","format":"standard","meta":{"footnotes":"","_share_on_mastodon":"0"},"categories":[1833],"tags":[3364,29,217,3695,30,188,1209,45,1288,251640],"class_list":["post-1269713","post","type-post","status-publish","format-standard","has-post-thumbnail","category-dortmund","tag-de","tag-deutschland","tag-dortmund","tag-erste-liga","tag-germany","tag-liveticker","tag-nordrhein-westfalen","tag-texttospeech","tag-transfers","tag-transfersummen-ks"],"share_on_mastodon":{"url":"https:\/\/pubeurope.com\/@de\/117184571435397708","error":""},"_links":{"self":[{"href":"https:\/\/www.europesays.com\/de\/wp-json\/wp\/v2\/posts\/1269713","targetHints":{"allow":["GET"]}}],"collection":[{"href":"https:\/\/www.europesays.com\/de\/wp-json\/wp\/v2\/posts"}],"about":[{"href":"https:\/\/www.europesays.com\/de\/wp-json\/wp\/v2\/types\/post"}],"author":[{"embeddable":true,"href":"https:\/\/www.europesays.com\/de\/wp-json\/wp\/v2\/users\/2"}],"replies":[{"embeddable":true,"href":"https:\/\/www.europesays.com\/de\/wp-json\/wp\/v2\/comments?post=1269713"}],"version-history":[{"count":0,"href":"https:\/\/www.europesays.com\/de\/wp-json\/wp\/v2\/posts\/1269713\/revisions"}],"wp:featuredmedia":[{"embeddable":true,"href":"https:\/\/www.europesays.com\/de\/wp-json\/wp\/v2\/media\/1269714"}],"wp:attachment":[{"href":"https:\/\/www.europesays.com\/de\/wp-json\/wp\/v2\/media?parent=1269713"}],"wp:term":[{"taxonomy":"category","embeddable":true,"href":"https:\/\/www.europesays.com\/de\/wp-json\/wp\/v2\/categories?post=1269713"},{"taxonomy":"post_tag","embeddable":true,"href":"https:\/\/www.europesays.com\/de\/wp-json\/wp\/v2\/tags?post=1269713"}],"curies":[{"name":"wp","href":"https:\/\/api.w.org\/{rel}","templated":true}]}}