{"id":1269740,"date":"2026-08-30T13:11:21","date_gmt":"2026-08-30T13:11:21","guid":{"rendered":"https:\/\/www.europesays.com\/de\/1269740\/"},"modified":"2026-08-30T13:11:21","modified_gmt":"2026-08-30T13:11:21","slug":"bahnstoerung-zwischen-luebeck-und-hamburg-erste-zuege-fahren-wieder","status":"publish","type":"post","link":"https:\/\/www.europesays.com\/de\/1269740\/","title":{"rendered":"Bahnst\u00f6rung zwischen L\u00fcbeck und Hamburg: Erste Z\u00fcge fahren wieder"},"content":{"rendered":"<p>\n                Stand: 30.08.2026 15:01 Uhr<\/p>\n<p>                    <a href=\"https:\/\/www.europesays.com\/de\/wp-content\/uploads\/2026\/08\/erixx-100.webp\" class=\"zoomimage\" title=\"Bild vergr\u00f6\u00dfern\"><\/p>\n<p>        <img decoding=\"async\" src=\"https:\/\/www.europesays.com\/de\/wp-content\/uploads\/2026\/08\/erixx-100.webp\" alt=\"Ein Erixx-Zug steht an einem Bahnsteig.\" title=\"Laut Bahn sorgt eine Oberleitung f\u00fcr Probleme. Betroffen sind die Linien RE8, RE80, RB81 und RE83. | Erixx Holstein GmbH\" class=\"responsive\" loading=\"lazy\"\/><\/p>\n<p>                    <\/a><\/p>\n<p>                    Laut Bahn sorgt eine Oberleitung f\u00fcr Probleme. Betroffen sind die Linien RE8, RE80, RB81 und RE83.<\/p>\n<p class=\"\">Zwischen <a href=\"https:\/\/www.ndr.de\/nachrichten\/schleswig-holstein\/Luebeck-Aktuelle-Nachrichten-und-Videos-,luebeck2802.html\" title=\"L\u00fcbeck - Aktuelle Nachrichten und Videos\" rel=\"nofollow noopener\" target=\"_blank\">L\u00fcbeck<\/a> und Hamburg gibt es Probleme im Zugverkehr. Grund daf\u00fcr ist eine Oberleitungsst\u00f6rung, hei\u00dft es von der Bahn. Seit dem Sonntagnachmittag ist die Streckensperrung aufgehoben. Die Reparaturarbeiten laufen demnach aber noch &#8211; deswegen kann es weiterhin zu l\u00e4ngeren Fahrzeiten und eventuell auch zu Ausf\u00e4llen kommen, hei\u00dft es von der Bahn. Davon sind die Linien RE8, RE80 und RB81 betroffen.<\/p>\n<p>    Bis zu 80 Minuten Wartezeit am Sonntagmittag<\/p>\n<p class=\"\">Fahrg\u00e4ste mussten bereits um die Mittagszeit mit einer Reisezeitverl\u00e4ngerung von bis zu 80 Minuten rechnen. Auswirkungen gab es zudem auf die Linie RE83 <a href=\"https:\/\/www.ndr.de\/nachrichten\/schleswig-holstein\/Kiel-Aktuelle-Nachrichten-News-und-Videos,kiel7262.html\" title=\"Kiel - Aktuelle Nachrichten und Videos\" rel=\"nofollow noopener\" target=\"_blank\">Kiel<\/a>-L\u00fcneburg. Es gibt einen Ersatzverkehr mit Bussen &#8211; Fahrg\u00e4ste k\u00f6nnen sich auf <a href=\"https:\/\/www.ndr.de\/nachrichten\/schleswig-holstein\/luebeck_herzogtum-lauenburg_ostholstein\/textlink-345770~splash.html\" title=\"Deutsche Bahn: Aktuelle Verkehrsmeldungen\" data-url=\"https:\/\/www.bahn.de\/service\/fahrplaene\/aktuell\" class=\"extlink-preface\" data-type=\"external\" rel=\"nofollow noopener\" target=\"_blank\">bahn.de<\/a> \u00fcber eventuelle Fahrplan\u00e4nderungen informieren.<\/p>\n","protected":false},"excerpt":{"rendered":"Stand: 30.08.2026 15:01 Uhr Laut Bahn sorgt eine Oberleitung f\u00fcr Probleme. Betroffen sind die Linien RE8, RE80, RB81&hellip;\n","protected":false},"author":2,"featured_media":1269741,"comment_status":"","ping_status":"","sticky":false,"template":"","format":"standard","meta":{"footnotes":"","_share_on_mastodon":"0"},"categories":[1826],"tags":[1325,1739,2227,29,50462,30,692,2858,2228,46263,2036],"class_list":["post-1269740","post","type-post","status-publish","format-standard","has-post-thumbnail","category-hamburg","tag-ausfall","tag-bahn","tag-bahnverkehr","tag-deutschland","tag-erixx","tag-germany","tag-hamburg","tag-luebeck","tag-oberleitung","tag-ostholstein","tag-zug"],"share_on_mastodon":{"url":"https:\/\/pubeurope.com\/@de\/117184634217493607","error":""},"_links":{"self":[{"href":"https:\/\/www.europesays.com\/de\/wp-json\/wp\/v2\/posts\/1269740","targetHints":{"allow":["GET"]}}],"collection":[{"href":"https:\/\/www.europesays.com\/de\/wp-json\/wp\/v2\/posts"}],"about":[{"href":"https:\/\/www.europesays.com\/de\/wp-json\/wp\/v2\/types\/post"}],"author":[{"embeddable":true,"href":"https:\/\/www.europesays.com\/de\/wp-json\/wp\/v2\/users\/2"}],"replies":[{"embeddable":true,"href":"https:\/\/www.europesays.com\/de\/wp-json\/wp\/v2\/comments?post=1269740"}],"version-history":[{"count":0,"href":"https:\/\/www.europesays.com\/de\/wp-json\/wp\/v2\/posts\/1269740\/revisions"}],"wp:featuredmedia":[{"embeddable":true,"href":"https:\/\/www.europesays.com\/de\/wp-json\/wp\/v2\/media\/1269741"}],"wp:attachment":[{"href":"https:\/\/www.europesays.com\/de\/wp-json\/wp\/v2\/media?parent=1269740"}],"wp:term":[{"taxonomy":"category","embeddable":true,"href":"https:\/\/www.europesays.com\/de\/wp-json\/wp\/v2\/categories?post=1269740"},{"taxonomy":"post_tag","embeddable":true,"href":"https:\/\/www.europesays.com\/de\/wp-json\/wp\/v2\/tags?post=1269740"}],"curies":[{"name":"wp","href":"https:\/\/api.w.org\/{rel}","templated":true}]}}