{"id":1269748,"date":"2026-08-30T13:15:23","date_gmt":"2026-08-30T13:15:23","guid":{"rendered":"https:\/\/www.europesays.com\/de\/1269748\/"},"modified":"2026-08-30T13:15:23","modified_gmt":"2026-08-30T13:15:23","slug":"nach-wahlkampfveranstaltung-in-berlin-fdp-kandidat-meyer-verteidigt-kritik-bei-debatte-in-moschee","status":"publish","type":"post","link":"https:\/\/www.europesays.com\/de\/1269748\/","title":{"rendered":"Nach Wahlkampfveranstaltung in Berlin: FDP-Kandidat Meyer verteidigt Kritik bei Debatte in Moschee"},"content":{"rendered":"<p class=\"tspCJpg tspCJph\">Nach einem <a href=\"https:\/\/www.tagesspiegel.de\/berlin\/eklat-bei-wahlforum-in-neukollner-moschee-fdp-politiker-spricht-islamismus-an-dann-kommt-es-zum-wortgefecht-15996604.html?icid=in-text-link_15998384\" class=\"link link--internal\" data-gtm-class=\"article-text-link\" data-gtm-val=\"internal\" rel=\"nofollow noopener\" target=\"_blank\">Eklat bei einer Berliner Wahlkampfveranstaltung in einer Neuk\u00f6llner Moschee<\/a> hat der FDP-Spitzenkandidat Christoph Meyer auf die Bedeutung von Debatte und Kritik hingewiesen und sein Vorgehen verteidigt. Meyer wollte bei der Veranstaltung mit weiteren Spitzenkandidaten am Freitag \u00fcber m\u00f6gliche Verbindungen des Vorsitzenden eines Neuk\u00f6llner Moscheevereins zur islamistischen Terrororganisation Hamas debattieren. Er hielt dabei auch ein Foto von 2017 hoch, auf dem unter anderem der Imam und Vorsitzende sowie ein Vertreter der Hamas zu sehen sein sollen. Videos im Internet zeigen die Szene, mehrere Medien berichteten.<\/p>\n<p class=\"tspALhv\">Empfohlener redaktioneller Inhalt<\/p>\n<p> An dieser Stelle finden Sie einen von unseren Redakteuren ausgew\u00e4hlten, externen Inhalt, der den Artikel f\u00fcr Sie mit zus\u00e4tzlichen Informationen anreichert. Sie k\u00f6nnen sich hier den externen Inhalt mit einem Klick anzeigen lassen oder wieder ausblenden. <\/p>\n<p> Externen Inhalt anzeigen <\/p>\n<p class=\"tspALh1\"> Ich bin damit einverstanden, dass mir der externe Inhalt angezeigt wird. Damit k\u00f6nnen personenbezogene Daten an Drittplattformen \u00fcbermittelt werden.  Mehr Informationen dazu erhalten Sie in den Datenschutz-Einstellungen. Diese finden Sie ganz unten auf unserer Seite im Footer, sodass Sie Ihre Einstellungen jederzeit verwalten oder widerrufen k\u00f6nnen. <\/p>\n<p class=\"tspCJpg\">Im Portal X schrieb Meyer: \u201eKritischer Dialog ist kein St\u00f6rfall der Demokratie, sondern ihr Wesenskern. Er sollte selbstverst\u00e4ndlich sein, in der Moschee genauso wie im Roten Rathaus.\u201c Eingeladen zu der Debatte der Spitzenkandidaten f\u00fcr die <a href=\"https:\/\/www.tagesspiegel.de\/berlin\/themen\/berlin-wahl\" target=\"_blank\" rel=\"noopener nofollow\" class=\"link link--external\" data-gtm-class=\"article-text-link\" data-gtm-val=\"external\" aria-describedby=\"message-target-blank\">Abgeordnetenhauswahl am 20. September<\/a> hatte der Rat der Imame. Die Moderatorin unterbrach Meyer mehrfach und drohte, ihm das Wort zu entziehen.\u00a0<\/p>\n<p>Mehr zum Thema<a href=\"https:\/\/www.tagesspiegel.de\/berlin\/mitschuldig-an-bagatellisierung-von-islamismus-cduspitzenmann-evers-boykottiert-wahltalk-bei-umstrittenem-moscheeverein-15993512.html?icid=topic-list_15998384___\" data-gtm-class=\"article-mzt-link\" data-hydrate-fingerprint=\"09740a54944caac75fd2c0c63fd5c5df\" data-hydrate-props=\"{&amp;escapedquot;element&amp;escapedquot;:{&amp;escapedquot;type&amp;escapedquot;:&amp;escapedquot;relatedContent&amp;escapedquot;,&amp;escapedquot;fieldMap&amp;escapedquot;:{},&amp;escapedquot;relation&amp;escapedquot;:{&amp;escapedquot;fields&amp;escapedquot;:{&amp;escapedquot;isPaid&amp;escapedquot;:false},&amp;escapedquot;href&amp;escapedquot;:&amp;escapedquot;\/berlin\/mitschuldig-an-bagatellisierung-von-islamismus-cduspitzenmann-evers-boykottiert-wahltalk-bei-umstrittenem-moscheeverein-15993512.html&amp;escapedquot;,&amp;escapedquot;teaserTitle&amp;escapedquot;:{&amp;escapedquot;kicker&amp;escapedquot;:&amp;escapedquot;\u201eMitschuldig an Bagatellisierung von Islamismus\u201c&amp;escapedquot;,&amp;escapedquot;headline&amp;escapedquot;:&amp;escapedquot;CDU\u2011Spitzenmann Evers boykottiert Wahltalk bei umstrittenem Moscheeverein&amp;escapedquot;},&amp;escapedquot;id&amp;escapedquot;:&amp;escapedquot;15993512&amp;escapedquot;,&amp;escapedquot;type&amp;escapedquot;:&amp;escapedquot;story&amp;escapedquot;},&amp;escapedquot;isPartOfList&amp;escapedquot;:true,&amp;escapedquot;topicListType&amp;escapedquot;:&amp;escapedquot;topic-list&amp;escapedquot;},&amp;escapedquot;showArrow&amp;escapedquot;:true}\" data-hydrate-slots=\"{&#039;default&#039;:[]}\" class=\"tspCPp3 tspDEsb\" rel=\"nofollow noopener\" target=\"_blank\">\u201eMitschuldig an Bagatellisierung von Islamismus\u201c CDU\u2011Spitzenmann Evers boykottiert Wahltalk bei umstrittenem Moscheeverein <\/a><a href=\"https:\/\/www.tagesspiegel.de\/berlin\/zwischen-suppentopf-und-ki-salto-in-die-spree-der-digitale-wahlkampf-der-berliner-spitzenkandidaten-15969555.html?icid=topic-list_15998384___\" data-gtm-class=\"article-mzt-link\" data-hydrate-fingerprint=\"09740a54944caac75fd2c0c63fd5c5df\" data-hydrate-props=\"{&amp;escapedquot;element&amp;escapedquot;:{&amp;escapedquot;type&amp;escapedquot;:&amp;escapedquot;relatedContent&amp;escapedquot;,&amp;escapedquot;fieldMap&amp;escapedquot;:{},&amp;escapedquot;relation&amp;escapedquot;:{&amp;escapedquot;fields&amp;escapedquot;:{&amp;escapedquot;isPaid&amp;escapedquot;:true},&amp;escapedquot;href&amp;escapedquot;:&amp;escapedquot;\/berlin\/zwischen-suppentopf-und-ki-salto-in-die-spree-der-digitale-wahlkampf-der-berliner-spitzenkandidaten-15969555.html&amp;escapedquot;,&amp;escapedquot;teaserTitle&amp;escapedquot;:{&amp;escapedquot;kicker&amp;escapedquot;:&amp;escapedquot;Zwischen Suppentopf und KI-Salto in die Spree&amp;escapedquot;,&amp;escapedquot;headline&amp;escapedquot;:&amp;escapedquot;Der digitale Wahlkampf der Berliner Spitzenkandidaten&amp;escapedquot;},&amp;escapedquot;id&amp;escapedquot;:&amp;escapedquot;15969555&amp;escapedquot;,&amp;escapedquot;type&amp;escapedquot;:&amp;escapedquot;story&amp;escapedquot;},&amp;escapedquot;isPartOfList&amp;escapedquot;:true,&amp;escapedquot;topicListType&amp;escapedquot;:&amp;escapedquot;topic-list&amp;escapedquot;},&amp;escapedquot;showArrow&amp;escapedquot;:true}\" data-hydrate-slots=\"{&#039;default&#039;:[]}\" class=\"tspCPp3 tspDEsb\" rel=\"nofollow noopener\" target=\"_blank\">Zwischen Suppentopf und KI-Salto in die Spree Der digitale Wahlkampf der Berliner Spitzenkandidaten <\/a><a href=\"https:\/\/www.tagesspiegel.de\/berlin\/billiger-populismus-statt-solidaritat-berliner-fdp-queerpolitiker-kehren-der-partei-den-rucken-15956259.html?icid=topic-list_15998384___\" data-gtm-class=\"article-mzt-link\" data-hydrate-fingerprint=\"09740a54944caac75fd2c0c63fd5c5df\" data-hydrate-props=\"{&amp;escapedquot;element&amp;escapedquot;:{&amp;escapedquot;type&amp;escapedquot;:&amp;escapedquot;relatedContent&amp;escapedquot;,&amp;escapedquot;fieldMap&amp;escapedquot;:{},&amp;escapedquot;relation&amp;escapedquot;:{&amp;escapedquot;fields&amp;escapedquot;:{&amp;escapedquot;isPaid&amp;escapedquot;:true},&amp;escapedquot;href&amp;escapedquot;:&amp;escapedquot;\/berlin\/billiger-populismus-statt-solidaritat-berliner-fdp-queerpolitiker-kehren-der-partei-den-rucken-15956259.html&amp;escapedquot;,&amp;escapedquot;teaserTitle&amp;escapedquot;:{&amp;escapedquot;kicker&amp;escapedquot;:&amp;escapedquot;\u201eBilliger Populismus statt Solidarit\u00e4t\u201c&amp;escapedquot;,&amp;escapedquot;headline&amp;escapedquot;:&amp;escapedquot;Berliner FDP-Queerpolitiker kehren der Partei den R\u00fccken&amp;escapedquot;},&amp;escapedquot;id&amp;escapedquot;:&amp;escapedquot;15956259&amp;escapedquot;,&amp;escapedquot;type&amp;escapedquot;:&amp;escapedquot;story&amp;escapedquot;},&amp;escapedquot;isPartOfList&amp;escapedquot;:true,&amp;escapedquot;topicListType&amp;escapedquot;:&amp;escapedquot;topic-list&amp;escapedquot;},&amp;escapedquot;showArrow&amp;escapedquot;:true}\" data-hydrate-slots=\"{&#039;default&#039;:[]}\" class=\"tspCPp3 tspDEsb\" rel=\"nofollow noopener\" target=\"_blank\">\u201eBilliger Populismus statt Solidarit\u00e4t\u201c Berliner FDP-Queerpolitiker kehren der Partei den R\u00fccken <\/a><\/p>\n<p class=\"tspCJpg\">Die Linke-Spitzenkandidatin Elif Eralp widersprach Meyer: \u201eMan muss auch \u00fcber muslimisches Leben reden k\u00f6nnen, ohne \u00fcber religi\u00f6sen Fundamentalismus zu reden.\u201c Dazu gab es Applaus von den wenigen Dutzend Zuh\u00f6rern. Die CDU hatte von vornherein eine Teilnahme mit Verweis auf die problematische Einstellung eines bestimmten Moscheevereins abgelehnt. (dpa)<\/p>\n","protected":false},"excerpt":{"rendered":"Nach einem Eklat bei einer Berliner Wahlkampfveranstaltung in einer Neuk\u00f6llner Moschee hat der FDP-Spitzenkandidat Christoph Meyer auf die&hellip;\n","protected":false},"author":2,"featured_media":1269749,"comment_status":"","ping_status":"","sticky":false,"template":"","format":"standard","meta":{"footnotes":"","_share_on_mastodon":"0"},"categories":[1825],"tags":[296,29,187,30],"class_list":["post-1269748","post","type-post","status-publish","format-standard","has-post-thumbnail","category-berlin","tag-berlin","tag-deutschland","tag-fdp","tag-germany"],"share_on_mastodon":{"url":"https:\/\/pubeurope.com\/@de\/117184648132511445","error":""},"_links":{"self":[{"href":"https:\/\/www.europesays.com\/de\/wp-json\/wp\/v2\/posts\/1269748","targetHints":{"allow":["GET"]}}],"collection":[{"href":"https:\/\/www.europesays.com\/de\/wp-json\/wp\/v2\/posts"}],"about":[{"href":"https:\/\/www.europesays.com\/de\/wp-json\/wp\/v2\/types\/post"}],"author":[{"embeddable":true,"href":"https:\/\/www.europesays.com\/de\/wp-json\/wp\/v2\/users\/2"}],"replies":[{"embeddable":true,"href":"https:\/\/www.europesays.com\/de\/wp-json\/wp\/v2\/comments?post=1269748"}],"version-history":[{"count":0,"href":"https:\/\/www.europesays.com\/de\/wp-json\/wp\/v2\/posts\/1269748\/revisions"}],"wp:featuredmedia":[{"embeddable":true,"href":"https:\/\/www.europesays.com\/de\/wp-json\/wp\/v2\/media\/1269749"}],"wp:attachment":[{"href":"https:\/\/www.europesays.com\/de\/wp-json\/wp\/v2\/media?parent=1269748"}],"wp:term":[{"taxonomy":"category","embeddable":true,"href":"https:\/\/www.europesays.com\/de\/wp-json\/wp\/v2\/categories?post=1269748"},{"taxonomy":"post_tag","embeddable":true,"href":"https:\/\/www.europesays.com\/de\/wp-json\/wp\/v2\/tags?post=1269748"}],"curies":[{"name":"wp","href":"https:\/\/api.w.org\/{rel}","templated":true}]}}