{"id":1269767,"date":"2026-08-30T13:26:24","date_gmt":"2026-08-30T13:26:24","guid":{"rendered":"https:\/\/www.europesays.com\/de\/1269767\/"},"modified":"2026-08-30T13:26:24","modified_gmt":"2026-08-30T13:26:24","slug":"im-zdf-fernsehgarten-andrea-kiewel-von-biene-gestochen-unterhaltung","status":"publish","type":"post","link":"https:\/\/www.europesays.com\/de\/1269767\/","title":{"rendered":"Im \u201eZDF-Fernsehgarten\u201c: Andrea Kiewel von Biene gestochen | Unterhaltung"},"content":{"rendered":"<p><a class=\"skip-content skip-content--link\" href=\"#in-content-skip-link-target-v-0-0\">TTS-Player \u00fcberspringen\u21b5<\/a><a id=\"in-content-skip-link-target-v-0-0\" class=\"skip-content--target-link-hidden skip-content skip-content--target-link\" href=\"#in-content-skip-link-target-v-0-0\">Artikel weiterlesen<\/a><\/p>\n<p>Mainz (Rheinland-Pfalz) \u2013 <b>Schreckmoment im \u201eZDF-Fernsehgarten\u201c am Sonntagmittag! Moderatorin Andrea Kiewel (61) wurde w\u00e4hrend eines Gespr\u00e4chs mit mehreren G\u00e4sten von einer Biene gestochen. Das Insekt hatte sich offenbar unter das wallende, rote Kleid der Moderatorin verirrt.<\/b><\/p>\n<p>Und so lief die Bienen-Attacke ab: Andrea Kiewel greift sich mitten im Talk mit Bachelor Dominik Stuckmann (34) erschrocken an die linke Schulter, schreit laut: \u201eAu!\u201c. Dann ruft sie panisch: \u201eDas war \u2018ne Biene und die hat auch gestochen. Nein, nein, nein, nein.\u201c Sie beugt sich nach vorn und versucht, mithilfe von Ex-Viva-Star G\u00fclcan Kamps (43) die Biene aus ihrem Kleid zu sch\u00fctteln.<\/p>\n<p><img decoding=\"async\" width=\"992\" height=\"558\" alt=\"Kiwi nach dem Stich mit K\u00fchlpad am Hals\" loading=\"lazy\" src=\"https:\/\/www.europesays.com\/de\/wp-content\/uploads\/2026\/08\/6fa056ff7d25006d050c5d3e9681735d,f91ae857.jpeg\"   class=\"landscape\"\/><\/p>\n<p class=\"fig__caption__text\">Kiwi nach dem Stich mit K\u00fchlpad am Hals<\/p>\n<p>Foto: ZDF<\/p>\n<p>Durch die Bewegungen wird die Biene offenbar noch mehr gereizt und sticht ein zweites Mal zu. Kiwi ruft: \u201eAu, au, au, au!\u201c Dann beugt sie sich nach vorn und moderiert trotz Schmerzen das Schlagerduo Vanessa Neigert (34) und Giovanni Weisheit (32) an.<\/p>\n<p>W\u00e4hrend des Auftritts wird Andrea Kiewel medizinisch versorgt und der Bienenstich behandelt. Nach dem Lied h\u00f6rt man Andrea Kiewel aus dem Off sagen: \u201eOh Gott, so peinlich! Zeigt mich nicht, ich dreh\u2018 mich um, keiner will das sehen.\u201c Offenbar ist der Stich auf ihrer Haut sichtbar und schmerzt. Dann sieht man Kiwi, wie sie mit einem K\u00fchlpad den Stich k\u00fchlt.<\/p>\n<p>Doch TV-Urgstein Kiewel ist in einer Live-Sendung einfach unschlagbar. Sie sagt sp\u00e4ter zu BILD: \u201eIch habe mir in dem Moment nur gedacht: Wie dick wird das noch? Wie schlimm werden die Schmerzen noch. Aber alles gut, ich habe es \u00fcberlebt. Ich habe mich einfach wahnsinnig erschrocken, weil ich in 26 j\u00e4hren Fernsehgarten noch nie live gestochen wurde.\u201c<\/p>\n<p><img decoding=\"async\" width=\"992\" height=\"558\" alt=\"Nach vorn gebeugt liest Andrea Kiewel den n\u00e4chsten Musikact von ihrer Moderationskarte ab\" loading=\"lazy\" src=\"https:\/\/www.europesays.com\/de\/wp-content\/uploads\/2026\/08\/87317e1bddcdc99ba6507cca78dca9af,672fce5d.jpeg\"   class=\"landscape\"\/><\/p>\n<p class=\"fig__caption__text\">Nach vorn gebeugt liest Andrea Kiewel den n\u00e4chsten Musikact von ihrer Moderationskarte ab<\/p>\n<p>Foto: ZDF<\/p>\n<p>Im n\u00e4chsten Moment kann Kiwi schon wieder Scherze rei\u00dfen. Sie fragt: \u201eIst das gro\u00df? Sieht aus wie schwanger?\u201c Ein Gast beruhigt sie: \u201eNein, nur ein kleiner wei\u00dfer Punkt.\u201c Darauf Kiwi: \u201eIch hab\u2018s gesp\u00fcrt, es brennt so. Was krieg\u2019 ich jetzt, \u2018ne halbe Zwiebel, ein altes Hausmittel? Und der Chirurg kommt und schneidet es gro\u00dffl\u00e4chig raus. Ich glaube, ich bin gegen diese Stiche nicht allergisch. Ich bin gegen alles M\u00f6gliche allergisch, aber nicht gegen das.\u201c<\/p>\n<p>Tapfer: Nach dem Stich des Insekts moderiert Kiwi ihre Show gewohnt souver\u00e4n zu Ende, ohne noch einmal auf den Vorfall einzugehen. Denn so schnell schockt diese Frau vor der Live-Kamera einfach nichts. Kiwi zu BILD: \u201eSolange der Fernsehgarten nicht wegen Gewitter ger\u00e4umt werden muss, lasse ich mich gerne von allen Bienen und Hummeln der Welt stechen. Ich mache immer weiter!\u201c<\/p>\n","protected":false},"excerpt":{"rendered":"TTS-Player \u00fcberspringen\u21b5Artikel weiterlesen Mainz (Rheinland-Pfalz) \u2013 Schreckmoment im \u201eZDF-Fernsehgarten\u201c am Sonntagmittag! Moderatorin Andrea Kiewel (61) wurde w\u00e4hrend eines&hellip;\n","protected":false},"author":2,"featured_media":1269768,"comment_status":"","ping_status":"","sticky":false,"template":"","format":"standard","meta":{"footnotes":"","_share_on_mastodon":"0"},"categories":[155],"tags":[38561,29,214,30,48752,41449,138370,215,1448,41448],"class_list":["post-1269767","post","type-post","status-publish","format-standard","has-post-thumbnail","category-unterhaltung","tag-biene","tag-deutschland","tag-entertainment","tag-germany","tag-insektenarten","tag-kiewel-andrea","tag-team-first","tag-unterhaltung","tag-zdf","tag-zdf-fernsehgarten"],"share_on_mastodon":{"url":"https:\/\/pubeurope.com\/@de\/117184694165486862","error":""},"_links":{"self":[{"href":"https:\/\/www.europesays.com\/de\/wp-json\/wp\/v2\/posts\/1269767","targetHints":{"allow":["GET"]}}],"collection":[{"href":"https:\/\/www.europesays.com\/de\/wp-json\/wp\/v2\/posts"}],"about":[{"href":"https:\/\/www.europesays.com\/de\/wp-json\/wp\/v2\/types\/post"}],"author":[{"embeddable":true,"href":"https:\/\/www.europesays.com\/de\/wp-json\/wp\/v2\/users\/2"}],"replies":[{"embeddable":true,"href":"https:\/\/www.europesays.com\/de\/wp-json\/wp\/v2\/comments?post=1269767"}],"version-history":[{"count":0,"href":"https:\/\/www.europesays.com\/de\/wp-json\/wp\/v2\/posts\/1269767\/revisions"}],"wp:featuredmedia":[{"embeddable":true,"href":"https:\/\/www.europesays.com\/de\/wp-json\/wp\/v2\/media\/1269768"}],"wp:attachment":[{"href":"https:\/\/www.europesays.com\/de\/wp-json\/wp\/v2\/media?parent=1269767"}],"wp:term":[{"taxonomy":"category","embeddable":true,"href":"https:\/\/www.europesays.com\/de\/wp-json\/wp\/v2\/categories?post=1269767"},{"taxonomy":"post_tag","embeddable":true,"href":"https:\/\/www.europesays.com\/de\/wp-json\/wp\/v2\/tags?post=1269767"}],"curies":[{"name":"wp","href":"https:\/\/api.w.org\/{rel}","templated":true}]}}