{"id":1269774,"date":"2026-08-30T13:30:26","date_gmt":"2026-08-30T13:30:26","guid":{"rendered":"https:\/\/www.europesays.com\/de\/1269774\/"},"modified":"2026-08-30T13:30:26","modified_gmt":"2026-08-30T13:30:26","slug":"hat-spezielles-geschenk-im-buero-afd-politiker-wollte-dieses-video-stoppen-politik","status":"publish","type":"post","link":"https:\/\/www.europesays.com\/de\/1269774\/","title":{"rendered":"Hat spezielles Geschenk im B\u00fcro: AfD-Politiker wollte dieses Video stoppen | Politik"},"content":{"rendered":"<p><a class=\"skip-content skip-content--link\" href=\"#in-content-skip-link-target-v-0-0\">TTS-Player \u00fcberspringen\u21b5<\/a><a id=\"in-content-skip-link-target-v-0-0\" class=\"skip-content--target-link-hidden skip-content skip-content--target-link\" href=\"#in-content-skip-link-target-v-0-0\">Artikel weiterlesen<\/a><\/p>\n<p>Berlin\/Querfurt \u2013 <b>Im Wahlprogramm spricht sich die AfD Sachsen-Anhalt f\u00fcr \u201eFrieden in Europa\u201c aus. Derweil schm\u00fcckte der programmatische und ideologische Kopf der Partei, Landes-Vizechef Hans-Thomas Tillschneider (48), sein B\u00fcro im Wahlkampf mit einer Tasse der russischen Armee. Bei Dreharbeiten im Rahmen eines Interviews auf die Tasse angesprochen, reagierte Tillschneider wirsch und versuchte sp\u00e4ter, die Ver\u00f6ffentlichung der Aufnahmen anwaltlich zu verhindern.<\/b><\/p>\n<p>Der Vorfall ereignete sich bei Aufnahmen der Ronzheimer-Reportage \u00fcber die <a href=\"https:\/\/www.bild.de\/themen\/ereignisse\/landtagswahlen-sachsen-anhalt\/politik-nachrichten-news-fotos-videos-15882068.bild.html\" class=\"text-link\" rel=\"nofollow noopener\" target=\"_blank\">Landtagswahl in Sachsen-Anhalt<\/a>. <\/p>\n<p>Das passierte im B\u00fcro des Politikers<\/p>\n<p>Der Landtagsabgeordnete Tillschneider empfing BILD-Vize Paul Ronzheimer vor seinem Wahlkreisb\u00fcro in Querfurt. Vor Beginn des Video-Interviews in den B\u00fcro-R\u00e4umlichkeiten bot Tillschneider an, dem Reporter und dessen Kamera-Team eine F\u00fchrung zu geben und zeigte mehrere Souvenirs. Darunter befand sich eine schwarze Tasse mit einem roten Stern sowie dem russischen Schriftzug \u201eArmee Russlands\u201c. Souvenirs anderer Armeen, etwa der Bundeswehr, befanden sich im B\u00fcro nicht.<\/p>\n<p><img decoding=\"async\" width=\"992\" height=\"558\" alt=\"\u201eArmija Rossii\u201c steht auf der Tasse, mit der Tillschneider sein Wahlkreis-B\u00fcro in Querfurt schm\u00fcckte: Armee Russlands\" loading=\"lazy\" src=\"https:\/\/www.europesays.com\/de\/wp-content\/uploads\/2026\/08\/d11f23e6293ab54696274851f78ccd5b,d10e49f2.jpeg\"   class=\"landscape\"\/><\/p>\n<p class=\"fig__caption__text\">\u201eArmija Rossii\u201c steht auf der Tasse, mit der Tillschneider sein Wahlkreis-B\u00fcro in Querfurt schm\u00fcckte: Armee Russlands<\/p>\n<p>Foto: BILD<\/p>\n<p><img decoding=\"async\" width=\"992\" height=\"558\" alt=\"Hans-Thomas Tillschneider (48) zeigte BILD-Vize Paul Ronzheimer (41) in seinem Wahlkreis-B\u00fcro eine Tasse der russischen Armee \u2013 anschlie\u00dfend wollte er BILD untersagen, diese Aufnahmen zu senden\" loading=\"lazy\" src=\"https:\/\/www.europesays.com\/de\/wp-content\/uploads\/2026\/08\/6a008d72bbc728bfc58d0edf77d8127f,89404a63.jpeg\"   class=\"landscape\"\/><\/p>\n<p class=\"fig__caption__text\">Tillschneider zeigte BILD-Vize Paul Ronzheimer die Tasse \u2013 und wollte BILD anschlie\u00dfend untersagen, diese Aufnahmen zu senden<\/p>\n<p>Foto: BILD<\/p>\n<p>Von Ronzheimer gefragt, weshalb Tillschneider sein B\u00fcro mit einem Souvenir der russischen Streitkr\u00e4fte schm\u00fccke, erkl\u00e4rte der <a href=\"https:\/\/www.bild.de\/themen\/personen\/politiker-deutschland\/nachrichten-news-fotos-videos-17078188.bild.html\" class=\"text-link\" rel=\"nofollow noopener\" target=\"_blank\">Politiker<\/a> ausweichend: \u201eDie Tasse steht da einfach rum. Ich verbinde damit nichts Gro\u00dfes. Die ist mir mal geschenkt worden.\u201c<\/p>\n<p>Wie der AfD-Mann reagierte<\/p>\n<p>Sp\u00e4ter reagierte der Vize-Chef der <a href=\"https:\/\/www.bild.de\/politik\/inland\/alternative-fuer-deutschland\/afd-alle-infos-76662060.bild.html\" class=\"text-link\" rel=\"nofollow noopener\" target=\"_blank\">AfD<\/a> in Sachsen-Anhalt gereizter und forderte Ronzheimer auf, die Tasse nicht anzusprechen: \u201eJetzt h\u00f6ren Sie mit dieser bl\u00f6den Tasse auf.\u201c Kurz nach Beendigung der Dreharbeiten versuchte Tillschneider per Anwalt, die Ver\u00f6ffentlichung der Aufnahmen, die in seinem B\u00fcro entstanden sind, zu untersagen.<\/p>\n<p>In Russland ist die Tasse im milit\u00e4rischen Online-Shop der Marke \u201eArmija Rossii\u201c (Armee Russlands) erh\u00e4ltlich und kostet etwa acht Euro. Der Shop listet das russische Verteidigungsministerium als offiziellen Partner. Die Zielgruppe sind offenbar Fans des russischen Milit\u00e4rs.<\/p>\n<p><img decoding=\"async\" width=\"992\" height=\"558\" alt=\"Tillschneider wollte seine Tasse der russischen Armee im Schrank verstauen\" loading=\"lazy\" src=\"https:\/\/www.europesays.com\/de\/wp-content\/uploads\/2026\/08\/0b2e9447fdb11c9566948f4aab661703,f6da4b2.jpeg\"   class=\"landscape\"\/><\/p>\n<p class=\"fig__caption__text\">Tillschneider wollte seine Tasse der russischen Armee im Schrank verstauen<\/p>\n<p>Foto: BILD<\/p>\n<p>Tillschneiders Russland-Geschichte<\/p>\n<p>Obwohl Hans-Thomas Tillschneider sein B\u00fcro mit dem Fan-Artikel schm\u00fcckte, bestritt er im <a href=\"https:\/\/www.youtube.com\/watch?v=0JXv2oXTQSU&amp;t=628s\" target=\"_blank\" rel=\"nofollow noopener\" class=\"text-link\">Gespr\u00e4ch mit Paul Ronzheimer<\/a>, sich mit der russischen Armee zu solidarisieren. Innerhalb der AfD wird der Politiker zum ultra-pro-russischen Fl\u00fcgel der Partei gez\u00e4hlt. Wenige Monate nach dem \u00dcberfall Russlands auf die gesamte Ukraine reiste er nach Russland, brach die Reise jedoch nach Kritik der Parteif\u00fchrung ab. Im Oktober 2025 feierte Tillschneider in der russischen Botschaft in Berlin den Geburtstag von Diktator Wladimir Putin.<\/p>\n<p>In seinem Landesverband <a href=\"https:\/\/www.bild.de\/regional\/sachsen-anhalt\/sachsen-anhalt\/home-54527072.bild.html\" class=\"text-link\" rel=\"nofollow noopener\" target=\"_blank\">Sachsen-Anhalt<\/a> nimmt Tillschneider eine entscheidende Rolle ein. F\u00fcr den Fall eines Wahlsieges wird er als Bildungsminister gehandelt und m\u00f6chte unter anderem den Geschichtsunterricht an deutschen Schulen grundlegend \u00e4ndern.<\/p>\n","protected":false},"excerpt":{"rendered":"TTS-Player \u00fcberspringen\u21b5Artikel weiterlesen Berlin\/Querfurt \u2013 Im Wahlprogramm spricht sich die AfD Sachsen-Anhalt f\u00fcr \u201eFrieden in Europa\u201c aus. Derweil&hellip;\n","protected":false},"author":2,"featured_media":1269335,"comment_status":"","ping_status":"","sticky":false,"template":"","format":"standard","meta":{"footnotes":"","_share_on_mastodon":"0"},"categories":[2],"tags":[150,29,30,13,88844,14,15,5566,76486,16,15151,156093,91454,860,12,138370,10,8,9,11,4672],"class_list":["post-1269774","post","type-post","status-publish","format-standard","has-post-thumbnail","category-deutschland","tag-alternative-fuer-deutschland","tag-deutschland","tag-germany","tag-headlines","tag-landtagswahlen-sachsen-anhalt","tag-nachrichten","tag-news","tag-parteien","tag-piatov-filipp","tag-politik","tag-politiker","tag-politiker-deutschland","tag-ronzheimer","tag-sachsen-anhalt","tag-schlagzeilen","tag-team-first","tag-top-news","tag-top-meldungen","tag-topmeldungen","tag-topnews","tag-wahlen"],"share_on_mastodon":{"url":"https:\/\/pubeurope.com\/@de\/117184709759766710","error":""},"_links":{"self":[{"href":"https:\/\/www.europesays.com\/de\/wp-json\/wp\/v2\/posts\/1269774","targetHints":{"allow":["GET"]}}],"collection":[{"href":"https:\/\/www.europesays.com\/de\/wp-json\/wp\/v2\/posts"}],"about":[{"href":"https:\/\/www.europesays.com\/de\/wp-json\/wp\/v2\/types\/post"}],"author":[{"embeddable":true,"href":"https:\/\/www.europesays.com\/de\/wp-json\/wp\/v2\/users\/2"}],"replies":[{"embeddable":true,"href":"https:\/\/www.europesays.com\/de\/wp-json\/wp\/v2\/comments?post=1269774"}],"version-history":[{"count":0,"href":"https:\/\/www.europesays.com\/de\/wp-json\/wp\/v2\/posts\/1269774\/revisions"}],"wp:featuredmedia":[{"embeddable":true,"href":"https:\/\/www.europesays.com\/de\/wp-json\/wp\/v2\/media\/1269335"}],"wp:attachment":[{"href":"https:\/\/www.europesays.com\/de\/wp-json\/wp\/v2\/media?parent=1269774"}],"wp:term":[{"taxonomy":"category","embeddable":true,"href":"https:\/\/www.europesays.com\/de\/wp-json\/wp\/v2\/categories?post=1269774"},{"taxonomy":"post_tag","embeddable":true,"href":"https:\/\/www.europesays.com\/de\/wp-json\/wp\/v2\/tags?post=1269774"}],"curies":[{"name":"wp","href":"https:\/\/api.w.org\/{rel}","templated":true}]}}