{"id":1269775,"date":"2026-08-30T13:31:21","date_gmt":"2026-08-30T13:31:21","guid":{"rendered":"https:\/\/www.europesays.com\/de\/1269775\/"},"modified":"2026-08-30T13:31:21","modified_gmt":"2026-08-30T13:31:21","slug":"bei-stuermischer-see-faehre-mit-mehr-als-250-passagieren-kentert-vor-zypern-mindestens-sieben-tote","status":"publish","type":"post","link":"https:\/\/www.europesays.com\/de\/1269775\/","title":{"rendered":"Bei st\u00fcrmischer See: F\u00e4hre mit mehr als 250 Passagieren kentert vor Zypern &#8211; mindestens sieben Tote"},"content":{"rendered":"<p>Bei st\u00fcrmischer SeeF\u00e4hre mit mehr als 250 Passagieren kentert vor Zypern &#8211; mindestens sieben Tote<\/p>\n<p>30.08.2026, 14:03 Uhr <\/p>\n<p>Artikel anh\u00f6ren(01:48 min)<\/p>\n<p><img decoding=\"async\" class=\"Image_img__fQCi0 Image_Img_16_9__4BLfH widget-picture-inline_maximizable__t_E7h\" loading=\"eager\" fetchpriority=\"high\" src=\"https:\/\/www.europesays.com\/de\/wp-content\/uploads\/2026\/08\/2026-08-30T120412Z_1391590460_RC209NALLQZK_RTRMADP_3_CYPRUS-VESSEL-CAPSIZE.webp\" alt=\"2026-08-30T120412Z_1391590460_RC209NALLQZK_RTRMADP_3_CYPRUS-VESSEL-CAPSIZE\"\/>Sie haben es geschafft: Gerettete Passagiere werden in Kyrenia an Land gebracht. (Foto: REUTERS)<\/p>\n<p class=\"Typography_text-m__XI0da Typography_weight-bold__uT6mq storyline_lead_text_leadtext__q_wg8\">Eine gro\u00dfe Rettungsaktion ist vor der K\u00fcste Zyperns im Gange: Bei st\u00fcrmischem Wetter ger\u00e4t dort ein Passagierschiff mit zahlreichen Menschen an Bord in Seenot. Bislang k\u00f6nnen 159 gerettet werden. F\u00fcr mindestens sieben Menschen kommt die Hilfe offenbar zu sp\u00e4t.<\/p>\n<p class=\"Typography_text-default__P3otY Typography_weight-normal__pqUbH storyline_paragraph_p__qSR5N\">Bei einem F\u00e4hrunfall vor der Insel Zypern sind sieben Menschen ums Leben gekommen. Das Schiff mit mehr als 250 Passagieren war kurz nach dem Auslaufen aus der Hafenstadt Kyrenia gekentert, sagte der nordzyprische Ministerpr\u00e4sident \u00dcnal \u00dcstel nach Angaben der t\u00fcrkischen staatlichen Nachrichtenagentur Anadolu.\u00a0Die K\u00fcstenwache und Rettungsteams seien im Einsatz, sagte der nordzyprische Verkehrsminister Erhan Arikli.<\/p>\n<p class=\"Typography_text-default__P3otY Typography_weight-normal__pqUbH storyline_paragraph_p__qSR5N\">Kurz nach dem Auslaufen aus der Hafenstadt Kyrenia (t\u00fcrkisch: Girne) drang demnach Wasser in die F\u00e4hre ein, und es wurde ein Notruf abgesetzt. Auf Bildern des Senders CNN T\u00fcrk war zu sehen, wie Menschen in Rettungswesten darauf warteten, in Sicherheit gebracht zu werden. Ein Helikopter kreiste \u00fcber ihren K\u00f6pfen.<\/p>\n<p class=\"Typography_text-default__P3otY Typography_weight-normal__pqUbH storyline_paragraph_p__qSR5N\">Arikli sagte t\u00fcrkischen und zyprischen Medien, dass sich insgesamt 267 Personen auf der F\u00e4hre bef\u00e4nden, darunter 259 Passagiere und 8 Besatzungsmitglieder. Einige Menschen seien bereits an Land und in umliegende Krankenh\u00e4user gebracht worden. Bislang seien 159 gerettet worden, sagte der B\u00fcrgermeister der Stadt Kyrenia, Murat Senkul, dem Fernsehsender CNN T\u00fcrk.\u00a0Die F\u00e4hre sei auf dem Weg in das s\u00fcdt\u00fcrkische Mersin gewesen. Die See war Medienberichten zufolge st\u00fcrmisch.<\/p>\n<p class=\"Typography_text-default__P3otY Typography_weight-normal__pqUbH storyline_paragraph_p__qSR5N\">Der t\u00fcrkische Vizepr\u00e4sident Cevdet Yilmaz schrieb auf X, die t\u00fcrkische K\u00fcstenwache unterst\u00fctze bei der Rettung. Die F\u00e4hre des Typs Katamaran sei gekentert.<\/p>\n<p class=\"Typography_text-default__P3otY Typography_weight-normal__pqUbH storyline_paragraph_p__qSR5N\">Zypern ist seit 1974 nach einem Putsch nationalistischer griechischer Zyprer und einer darauffolgenden t\u00fcrkischen Milit\u00e4rintervention de facto geteilt. Im Jahr 1983 wurde die T\u00fcrkische Republik Nordzypern (KKTC) proklamiert, die weltweit nur von der T\u00fcrkei anerkannt wird. 2004 nahm die EU die Insel Zypern als Ganzes in die EU auf.<\/p>\n<p class=\"Typography_text-s__wu_cm Typography_weight-normal__pqUbH Typography_color-darkgrey__sZEnP article-detail-footer_source__KslPc\">Quelle: ntv.de, gh\u00f6\/dpa<\/p>\n","protected":false},"excerpt":{"rendered":"Bei st\u00fcrmischer SeeF\u00e4hre mit mehr als 250 Passagieren kentert vor Zypern &#8211; mindestens sieben Tote 30.08.2026, 14:03 Uhr&hellip;\n","protected":false},"author":2,"featured_media":1269776,"comment_status":"","ping_status":"","sticky":false,"template":"","format":"standard","meta":{"footnotes":"","_share_on_mastodon":"0"},"categories":[5],"tags":[13,984,700,14,15,12,16186,10,8,9,11,13536,4028,1033],"class_list":["post-1269775","post","type-post","status-publish","format-standard","has-post-thumbnail","category-nachrichten","tag-headlines","tag-international","tag-mittelmeer","tag-nachrichten","tag-news","tag-schlagzeilen","tag-seenotrettung","tag-top-news","tag-top-meldungen","tag-topmeldungen","tag-topnews","tag-ungluecke","tag-unwetter","tag-zypern"],"share_on_mastodon":{"url":"https:\/\/pubeurope.com\/@de\/117184711092719661","error":""},"_links":{"self":[{"href":"https:\/\/www.europesays.com\/de\/wp-json\/wp\/v2\/posts\/1269775","targetHints":{"allow":["GET"]}}],"collection":[{"href":"https:\/\/www.europesays.com\/de\/wp-json\/wp\/v2\/posts"}],"about":[{"href":"https:\/\/www.europesays.com\/de\/wp-json\/wp\/v2\/types\/post"}],"author":[{"embeddable":true,"href":"https:\/\/www.europesays.com\/de\/wp-json\/wp\/v2\/users\/2"}],"replies":[{"embeddable":true,"href":"https:\/\/www.europesays.com\/de\/wp-json\/wp\/v2\/comments?post=1269775"}],"version-history":[{"count":0,"href":"https:\/\/www.europesays.com\/de\/wp-json\/wp\/v2\/posts\/1269775\/revisions"}],"wp:featuredmedia":[{"embeddable":true,"href":"https:\/\/www.europesays.com\/de\/wp-json\/wp\/v2\/media\/1269776"}],"wp:attachment":[{"href":"https:\/\/www.europesays.com\/de\/wp-json\/wp\/v2\/media?parent=1269775"}],"wp:term":[{"taxonomy":"category","embeddable":true,"href":"https:\/\/www.europesays.com\/de\/wp-json\/wp\/v2\/categories?post=1269775"},{"taxonomy":"post_tag","embeddable":true,"href":"https:\/\/www.europesays.com\/de\/wp-json\/wp\/v2\/tags?post=1269775"}],"curies":[{"name":"wp","href":"https:\/\/api.w.org\/{rel}","templated":true}]}}