{"id":1269781,"date":"2026-08-30T13:36:26","date_gmt":"2026-08-30T13:36:26","guid":{"rendered":"https:\/\/www.europesays.com\/de\/1269781\/"},"modified":"2026-08-30T13:36:26","modified_gmt":"2026-08-30T13:36:26","slug":"schleswig-holstein-aktuell-nachrichten-im-ueberblick-338","status":"publish","type":"post","link":"https:\/\/www.europesays.com\/de\/1269781\/","title":{"rendered":"Schleswig-Holstein aktuell: Nachrichten im \u00dcberblick"},"content":{"rendered":"<p>        <img decoding=\"async\" src=\"https:\/\/www.europesays.com\/de\/wp-content\/uploads\/2026\/03\/nachrichtenkompakt126.webp.webp\" alt=\"Grafik: Eine Sprechblase, in der die Kontur des Landes Schleswig-Holstein abgebildet ist.\" title=\"Grafik: Eine Sprechblase, in der die Kontur des Landes Schleswig-Holstein abgebildet ist. | NDR\" class=\"responsive\"\/><\/p>\n<p>AUDIO: Nachrichten 13:00 Uhr &#8211; 30.08.2026 (3 Min)<\/p>\n<p>\n                Stand: 30.08.2026 13:40 Uhr<\/p>\n<p class=\"preface\">Nachrichten aus Schleswig-Holstein vom 30. August 2026 &#8211; kompakt und aktuell im Newsblog von NDR SH: Lesen Sie hier im \u00dcberblick, was im Land passiert und noch wichtig wird.<\/p>\n<p>\n        13:39 Uhr\n    <\/p>\n<p>    Bahn zwischen L\u00fcbeck und Hamburg: St\u00f6rung sorgt f\u00fcr Probleme<\/p>\n<p class=\"\">Zwischen <a href=\"https:\/\/www.ndr.de\/nachrichten\/schleswig-holstein\/Luebeck-Aktuelle-Nachrichten-und-Videos-,luebeck2802.html\" title=\"L\u00fcbeck - Aktuelle Nachrichten und Videos\" rel=\"nofollow noopener\" target=\"_blank\">L\u00fcbeck<\/a> und Hamburg gibt es aktuell Probleme im Zugverkehr. Grund daf\u00fcr ist eine Oberleitungsst\u00f6rung, hei\u00dft es von der Bahn. Die Reparaturarbeiten laufen demnach. Laut Bahn sind die Linien RE8, RE80 und RB81 betroffen. Fahrg\u00e4ste m\u00fcssen mit einer Reisezeitverl\u00e4ngerung von bis zu 80 Minuten rechnen. Auswirkungen gibt es zudem auf die Linie RE83 <a href=\"https:\/\/www.ndr.de\/nachrichten\/schleswig-holstein\/Kiel-Aktuelle-Nachrichten-News-und-Videos,kiel7262.html\" title=\"Kiel - Aktuelle Nachrichten und Videos\" rel=\"nofollow noopener\" target=\"_blank\">Kiel<\/a>-L\u00fcneburg. Fahrg\u00e4ste k\u00f6nnen sich auf <a href=\"https:\/\/www.ndr.de\/nachrichten\/schleswig-holstein\/luebeck_herzogtum-lauenburg_ostholstein\/textlink-345770~splash.html\" title=\"Deutsche Bahn: Aktuelle Verkehrsmeldungen\" data-url=\"https:\/\/www.bahn.de\/service\/fahrplaene\/aktuell\" class=\"extlink-preface\" data-type=\"external\" rel=\"nofollow noopener\" target=\"_blank\">bahn.de<\/a> \u00fcber eventuelle Fahrplan\u00e4nderungen informieren. | NDR Schleswig-Holstein 30.08.2026 13:00 Uhr<\/p>\n<p>        <img decoding=\"async\" src=\"https:\/\/www.europesays.com\/de\/wp-content\/uploads\/2026\/08\/erixx-100.webp\" alt=\"Ein Erixx-Zug steht an einem Bahnsteig.\" title=\"Ein Erixx-Zug steht an einem Bahnsteig. | Erixx Holstein GmbH\" class=\"responsive\" loading=\"lazy\"\/><\/p>\n<p>Laut Bahn gibt es Probleme mit einer Oberleitung. Z\u00fcge der Linien RE8, RE80, RB81 und RE83 waren betroffen.<\/p>\n<p>\n        10:41 Uhr\n    <\/p>\n<p>    A1: E-Highway noch nicht zur\u00fcckgebaut &#8211; Zust\u00e4ndigkeiten unklar<\/p>\n<p class=\"\">Vor fast zwei Jahren ist der E-Highway auf der A1 bei Reinfeld (<a href=\"https:\/\/www.ndr.de\/nachrichten\/schleswig-holstein\/Stormarn-Aktuelle-Nachrichten-und-Videos,stormarn148.html\" title=\"Stormarn - Aktuelle Nachrichten und Videos\" rel=\"nofollow noopener\" target=\"_blank\">Kreis Stormarn<\/a>) stillgelegt worden. Im Rahmen einer Testphase waren dort auf f\u00fcnf Kilometern speziell ausger\u00fcstete Lkw unterwegs, die bei der Fahrt mit Strom versorgt wurden. Jetzt will niemand die Verantwortung f\u00fcr den R\u00fcckbau der Masten \u00fcbernehmen. Das ergeben Nachfragen von NDR Schleswig-Holstein. Das Land sieht demnach das Bundesverkehrsministerium in der Pflicht. Das verweist allerdings an das Bundesumweltministerium. Hier wird die Verantwortung weitergereicht an die Autobahn GmbH des Bundes. Die wiederum verweist zur\u00fcck an Land und Bund. | NDR Schleswig-Holstein 30.08.2026 08:00 Uhr<\/p>\n<p>        <img decoding=\"async\" src=\"https:\/\/www.europesays.com\/de\/wp-content\/uploads\/2026\/08\/ehighway102.webp\" alt=\"Fahrdr\u00e4hte an den Auslegermasten des E-Highways zwischen Reinfeld und L\u00fcbeck, aus denen Lastwagen mit Elektroantrieb sp\u00e4ter Strom beziehen sollen\" title=\"Fahrdr\u00e4hte an den Auslegermasten des E-Highways zwischen Reinfeld und L\u00fcbeck, aus denen Lastwagen mit Elektroantrieb sp\u00e4ter Strom beziehen sollen | dpa-Bildfunk, Markus Scholz\" class=\"responsive\" loading=\"lazy\"\/><\/p>\n<p>Vor zwei Jahren sind die Masten auf der A1 stillgelegt worden. Seitdem ist unklar, was mit der kilometerlangen Bauruine passieren soll.<\/p>\n<p>        <img decoding=\"async\" src=\"https:\/\/www.europesays.com\/de\/wp-content\/uploads\/2026\/03\/podcastlogo104.webp.webp\" alt=\"Ein Mikrofon vor zwei Menschen.\" title=\"Ein Mikrofon vor zwei Menschen. | NDR, Janis R\u00f6hlig\" class=\"responsive\" loading=\"lazy\"\/><\/p>\n<p>Alles, was f\u00fcr Schleswig-Holstein wichtig ist: Im Nachrichten-Podcast von NDR 1 Welle Nord h\u00f6ren Sie das Neueste aus Schleswig-Holstein, Deutschland und der Welt.<\/p>\n<p>\n        08:11 Uhr\n    <\/p>\n<p>    Grammdorf: Hunderte Holzpaletten verbrannt<\/p>\n<p class=\"\">Bei einem Gro\u00dffeuer in Grammdorf im <a href=\"https:\/\/www.ndr.de\/nachrichten\/schleswig-holstein\/Ostholstein-Aktuelle-Nachrichten-und-Videos,ostholstein126.html\" title=\"Ostholstein - Aktuelle Nachrichten und Videos\" rel=\"nofollow noopener\" target=\"_blank\">Kreis Ostholstein<\/a> sind mehrere hundert Holzpaletten zerst\u00f6rt worden. Laut Feuerwehr waren etwa 75 Einsatzkr\u00e4fte mit den L\u00f6scharbeiten besch\u00e4ftigt. Dabei wurden sie von Kr\u00e4ften des Technischen Hilfswerks unterst\u00fctzt. Die L\u00f6scharbeiten dauerten bis in den sp\u00e4ten Abend. Verletzt wurde niemand. Brandursache und Schadensh\u00f6he sind noch nicht bekannt. | NDR Schleswig-Holstein 30.08.2026 08:00 Uhr<\/p>\n<p>        <img decoding=\"async\" src=\"https:\/\/www.europesays.com\/de\/wp-content\/uploads\/2026\/03\/podcastlogo104.webp.webp\" alt=\"Ein Mikrofon vor zwei Menschen.\" title=\"Ein Mikrofon vor zwei Menschen. | NDR, Janis R\u00f6hlig\" class=\"responsive\" loading=\"lazy\"\/><\/p>\n<p>Alles, was f\u00fcr Schleswig-Holstein wichtig ist: Im Nachrichten-Podcast von NDR 1 Welle Nord h\u00f6ren Sie das Neueste aus Schleswig-Holstein, Deutschland und der Welt.<\/p>\n<p>\n        10:41 Uhr\n    <\/p>\n<p>    Das Wetter in Schleswig-Holstein<\/p>\n<p class=\"\">Heute sind viele Wolken am Himmel. Zeitweise regnet es, Schauer ziehen durchs Land &#8211; ganz vereinzelt kann es gewittern. Im Laufe des Nachmittags l\u00e4sst der Regen von Nordfriesland und Dithmarschen her nach, dann kann sich vereinzelt auch die Sonne zeigen. Die H\u00f6chstwerte liegen bei 20 Grad in Bredstedt (<a href=\"https:\/\/www.ndr.de\/nachrichten\/schleswig-holstein\/Nordfriesland-Aktuelle-Nachrichten-und-Videos,nordfriesland174.html\" title=\"Nordfriesland - Aktuelle Nachrichten und Videos\" rel=\"nofollow noopener\" target=\"_blank\">Kreis Nordfriesland<\/a>) und bis 22 Grad in B\u00f6rnsen (<a href=\"https:\/\/www.ndr.de\/nachrichten\/schleswig-holstein\/Herzogtum-Lauenburg-Aktuelle-Nachrichten-und-Videos,herzogtumlauenburg126.html\" title=\"Herzogtum Lauenburg - Aktuelle Nachrichten und Videos\" rel=\"nofollow noopener\" target=\"_blank\">Kreis Herzogtum Lauenburg<\/a>). Ein m\u00e4\u00dfiger bis frischer, phasenweise stark b\u00f6iger, auf S\u00fcdwest bis West drehender Wind weht. | NDR Schleswig-Holstein 30.08.2026 10:00 Uhr<\/p>\n<p>        <img decoding=\"async\" src=\"https:\/\/www.europesays.com\/de\/wp-content\/uploads\/2026\/08\/wetter-6918.webp\" alt=\"NDR Schleswig-Holstein Moderatorin Meike von der Goltz im Studio mit der Wettervorhersage.\" title=\"NDR Schleswig-Holstein Moderatorin Meike von der Goltz im Studio mit der Wettervorhersage. | NDR\" class=\"responsive\" loading=\"lazy\"\/><\/p>\n<p>NDR Schleswig-Holstein Moderatorin Meike von der Goltz mit den Aussichten f\u00fcr den 30. August und die kommenden Tage.<\/p>\n","protected":false},"excerpt":{"rendered":"AUDIO: Nachrichten 13:00 Uhr &#8211; 30.08.2026 (3 Min) Stand: 30.08.2026 13:40 Uhr Nachrichten aus Schleswig-Holstein vom 30. August&hellip;\n","protected":false},"author":2,"featured_media":898760,"comment_status":"","ping_status":"","sticky":false,"template":"","format":"standard","meta":{"footnotes":"","_share_on_mastodon":"0"},"categories":[1852],"tags":[590,3364,29,548,663,3934,30,13,4949,17462,14,15,12,1971,17461,1973],"class_list":["post-1269781","post","type-post","status-publish","format-standard","has-post-thumbnail","category-kiel","tag-aktuell","tag-de","tag-deutschland","tag-eu","tag-europa","tag-europe","tag-germany","tag-headlines","tag-kiel","tag-kompakt","tag-nachrichten","tag-news","tag-schlagzeilen","tag-schleswig-holstein","tag-ueberblick","tag-wetter"],"share_on_mastodon":{"url":"https:\/\/pubeurope.com\/@de\/117184732608019893","error":""},"_links":{"self":[{"href":"https:\/\/www.europesays.com\/de\/wp-json\/wp\/v2\/posts\/1269781","targetHints":{"allow":["GET"]}}],"collection":[{"href":"https:\/\/www.europesays.com\/de\/wp-json\/wp\/v2\/posts"}],"about":[{"href":"https:\/\/www.europesays.com\/de\/wp-json\/wp\/v2\/types\/post"}],"author":[{"embeddable":true,"href":"https:\/\/www.europesays.com\/de\/wp-json\/wp\/v2\/users\/2"}],"replies":[{"embeddable":true,"href":"https:\/\/www.europesays.com\/de\/wp-json\/wp\/v2\/comments?post=1269781"}],"version-history":[{"count":0,"href":"https:\/\/www.europesays.com\/de\/wp-json\/wp\/v2\/posts\/1269781\/revisions"}],"wp:featuredmedia":[{"embeddable":true,"href":"https:\/\/www.europesays.com\/de\/wp-json\/wp\/v2\/media\/898760"}],"wp:attachment":[{"href":"https:\/\/www.europesays.com\/de\/wp-json\/wp\/v2\/media?parent=1269781"}],"wp:term":[{"taxonomy":"category","embeddable":true,"href":"https:\/\/www.europesays.com\/de\/wp-json\/wp\/v2\/categories?post=1269781"},{"taxonomy":"post_tag","embeddable":true,"href":"https:\/\/www.europesays.com\/de\/wp-json\/wp\/v2\/tags?post=1269781"}],"curies":[{"name":"wp","href":"https:\/\/api.w.org\/{rel}","templated":true}]}}