{"id":1269786,"date":"2026-08-30T13:39:20","date_gmt":"2026-08-30T13:39:20","guid":{"rendered":"https:\/\/www.europesays.com\/de\/1269786\/"},"modified":"2026-08-30T13:39:20","modified_gmt":"2026-08-30T13:39:20","slug":"sommermusik-schloss-rheydt-fun-and-friends-tanzt-durch-den-regen","status":"publish","type":"post","link":"https:\/\/www.europesays.com\/de\/1269786\/","title":{"rendered":"Sommermusik Schloss Rheydt: &#8222;Fun and Friends&#8220; tanzt durch den Regen"},"content":{"rendered":"<p class=\"text_ohne_einzug richtext text-em-55 !leading-serif mx-6 desktop:mx-0\">\u201eDas wird das erste M\u00fctzenkonzert in der Geschichte der Sommermusik\u201c, rief G\u00fcnter vom Dorp gut gelaunt von der B\u00fchne herunter. Ein sch\u00f6nes Bild bot sich ihm und den \u00fcbrigen Musikern: Dicht gedr\u00e4ngt sa\u00dfen die G\u00e4ste des abendlichen Konzerts von \u201eFun and Friends\u201c auf ihren St\u00fchlen. Von den Scheinwerfern beleuchtet strahlten ihre gelben, blauen, roten, pinken oder gr\u00fcnen Regencapes. Immerhin war der Regen ein sanfter und warmer \u2013 und nach ein paar Songs wurde es besser und die Musiker und Musikerinnen konnten die K\u00f6pfe der Zuh\u00f6rerinnen und Zuh\u00f6rer wieder erkennen.<\/p>\n","protected":false},"excerpt":{"rendered":"\u201eDas wird das erste M\u00fctzenkonzert in der Geschichte der Sommermusik\u201c, rief G\u00fcnter vom Dorp gut gelaunt von der&hellip;\n","protected":false},"author":2,"featured_media":1269787,"comment_status":"","ping_status":"","sticky":false,"template":"","format":"standard","meta":{"footnotes":"","_share_on_mastodon":"0"},"categories":[1849],"tags":[75566,96,3364,29,548,663,3934,46063,1221,30,50484,13,1310,124867,4455,50485,14,15,1209,10328,262260,12,30481,1909,87522],"class_list":["post-1269786","post","type-post","status-publish","format-standard","has-post-thumbnail","category-moenchengladbach","tag-bot","tag-buehne","tag-de","tag-deutschland","tag-eu","tag-europa","tag-europe","tag-fun","tag-gaeste","tag-germany","tag-guenter-vom-dorp","tag-headlines","tag-konzert","tag-konzertgaeste","tag-moenchengladbach","tag-muesseler","tag-nachrichten","tag-news","tag-nordrhein-westfalen","tag-regen","tag-regencapes","tag-schlagzeilen","tag-schoenes","tag-song","tag-stuehlen"],"share_on_mastodon":{"url":"https:\/\/pubeurope.com\/@de\/117184742711668513","error":""},"_links":{"self":[{"href":"https:\/\/www.europesays.com\/de\/wp-json\/wp\/v2\/posts\/1269786","targetHints":{"allow":["GET"]}}],"collection":[{"href":"https:\/\/www.europesays.com\/de\/wp-json\/wp\/v2\/posts"}],"about":[{"href":"https:\/\/www.europesays.com\/de\/wp-json\/wp\/v2\/types\/post"}],"author":[{"embeddable":true,"href":"https:\/\/www.europesays.com\/de\/wp-json\/wp\/v2\/users\/2"}],"replies":[{"embeddable":true,"href":"https:\/\/www.europesays.com\/de\/wp-json\/wp\/v2\/comments?post=1269786"}],"version-history":[{"count":0,"href":"https:\/\/www.europesays.com\/de\/wp-json\/wp\/v2\/posts\/1269786\/revisions"}],"wp:featuredmedia":[{"embeddable":true,"href":"https:\/\/www.europesays.com\/de\/wp-json\/wp\/v2\/media\/1269787"}],"wp:attachment":[{"href":"https:\/\/www.europesays.com\/de\/wp-json\/wp\/v2\/media?parent=1269786"}],"wp:term":[{"taxonomy":"category","embeddable":true,"href":"https:\/\/www.europesays.com\/de\/wp-json\/wp\/v2\/categories?post=1269786"},{"taxonomy":"post_tag","embeddable":true,"href":"https:\/\/www.europesays.com\/de\/wp-json\/wp\/v2\/tags?post=1269786"}],"curies":[{"name":"wp","href":"https:\/\/api.w.org\/{rel}","templated":true}]}}