{"id":1269794,"date":"2026-08-30T13:46:16","date_gmt":"2026-08-30T13:46:16","guid":{"rendered":"https:\/\/www.europesays.com\/de\/1269794\/"},"modified":"2026-08-30T13:46:16","modified_gmt":"2026-08-30T13:46:16","slug":"bundesliga-jsv-speyer-gewinnt-bei-bc-karlsruhe-122-judo","status":"publish","type":"post","link":"https:\/\/www.europesays.com\/de\/1269794\/","title":{"rendered":"Bundesliga: JSV Speyer gewinnt bei BC Karlsruhe 12:2 &#8211; Judo"},"content":{"rendered":"<p class=\"rhp-dpa-teaser\"><b>Der JSV Speyer hat mit einem 12:2-Ausw\u00e4rtssieg gegen BC Karlsruhe einen gro\u00dfen Schritt in Richtung Finalrunde der Bundesliga der M\u00e4nner genommen.<\/b><\/p>\n<p>Aufgrund des deutlichen Sieges und weil sich die direkten Konkurrenten R\u00fcsselsheim sowie <a class=\"rtr-entity\" data-rtr-entity=\"Offenbach\" data-rtr-id=\"2878eecb153cf25a1c2e55cfce77d07305dcd08e\" data-rtr-score=\"14.427385892116183\" data-rtr-etype=\"location\" data-rtr-index=\"10\" href=\"https:\/\/www.rheinpfalz.de\/themen\/offenbach\" rel=\"nofollow noopener\" target=\"_blank\">Offenbach<\/a> unentschieden trennten, haben die Speyerer es am letzten Kampftag selbst in der Hand, mit einem Sieg oder einem Remis Platz zwei zu sichern. Ohne Schwergewichtler, aber ansonsten in Bestbesetzung, reisten die JSV-M\u00e4nner an und wollten nicht wie 2025 zur Halbzeit zur\u00fcckliegen.<\/p>\n<p class=\"rhp-teaser\"><b>Der JSV Speyer hat mit einem 12:2-Ausw\u00e4rtssieg gegen BC Karlsruhe einen gro\u00dfen Schritt in Richtung Finalrunde der Bundesliga der M\u00e4nner genommen.<\/b><\/p>\n","protected":false},"excerpt":{"rendered":"Der JSV Speyer hat mit einem 12:2-Ausw\u00e4rtssieg gegen BC Karlsruhe einen gro\u00dfen Schritt in Richtung Finalrunde der Bundesliga&hellip;\n","protected":false},"author":2,"featured_media":1269795,"comment_status":"","ping_status":"","sticky":false,"template":"","format":"standard","meta":{"footnotes":"","_share_on_mastodon":"0"},"categories":[1844],"tags":[1634,72358,299,3364,29,72359,30,262261,72356,8903,4060,19212,232178,5661,17303,232177],"class_list":["post-1269794","post","type-post","status-publish","format-standard","has-post-thumbnail","category-karlsruhe","tag-baden-wuerttemberg","tag-bc-karlsruhe","tag-bundesliga","tag-de","tag-deutschland","tag-felix-baechle","tag-germany","tag-jona-visser","tag-jsv-speyer","tag-karlsruhe","tag-lokal","tag-offenbach","tag-pierre-ederer","tag-ruesselsheim","tag-speyer","tag-viktor-driller"],"share_on_mastodon":{"url":"https:\/\/pubeurope.com\/@de\/117184769894712727","error":""},"_links":{"self":[{"href":"https:\/\/www.europesays.com\/de\/wp-json\/wp\/v2\/posts\/1269794","targetHints":{"allow":["GET"]}}],"collection":[{"href":"https:\/\/www.europesays.com\/de\/wp-json\/wp\/v2\/posts"}],"about":[{"href":"https:\/\/www.europesays.com\/de\/wp-json\/wp\/v2\/types\/post"}],"author":[{"embeddable":true,"href":"https:\/\/www.europesays.com\/de\/wp-json\/wp\/v2\/users\/2"}],"replies":[{"embeddable":true,"href":"https:\/\/www.europesays.com\/de\/wp-json\/wp\/v2\/comments?post=1269794"}],"version-history":[{"count":0,"href":"https:\/\/www.europesays.com\/de\/wp-json\/wp\/v2\/posts\/1269794\/revisions"}],"wp:featuredmedia":[{"embeddable":true,"href":"https:\/\/www.europesays.com\/de\/wp-json\/wp\/v2\/media\/1269795"}],"wp:attachment":[{"href":"https:\/\/www.europesays.com\/de\/wp-json\/wp\/v2\/media?parent=1269794"}],"wp:term":[{"taxonomy":"category","embeddable":true,"href":"https:\/\/www.europesays.com\/de\/wp-json\/wp\/v2\/categories?post=1269794"},{"taxonomy":"post_tag","embeddable":true,"href":"https:\/\/www.europesays.com\/de\/wp-json\/wp\/v2\/tags?post=1269794"}],"curies":[{"name":"wp","href":"https:\/\/api.w.org\/{rel}","templated":true}]}}