{"id":1269803,"date":"2026-08-30T13:52:16","date_gmt":"2026-08-30T13:52:16","guid":{"rendered":"https:\/\/www.europesays.com\/de\/1269803\/"},"modified":"2026-08-30T13:52:16","modified_gmt":"2026-08-30T13:52:16","slug":"wuelfrath-so-war-die-stimmung-beim-weinfest-in-duessel","status":"publish","type":"post","link":"https:\/\/www.europesays.com\/de\/1269803\/","title":{"rendered":"W\u00fclfrath: So war die Stimmung beim Weinfest in D\u00fcssel"},"content":{"rendered":"<p class=\"text_ohne_einzug richtext text-em-55 !leading-serif mx-6 desktop:mx-0\"> \u201eGr\u00fc\u00df Euch!\u201c Worte wie diese d\u00fcrfte Michael Veit am Wochenende \u00f6fter gebraucht haben. Denn schlie\u00dflich galt es immer wieder, bekannte Gesichter an den Stehtischen und B\u00e4nken auf dem idyllischen Dorfplatz in D\u00fcssel willkommen zu hei\u00dfen. Holzbuden s\u00e4umten das Areal unterhalb der Kirche St. Maximin. Beschwingte Musik begleitete die G\u00e4ste beim gem\u00fctlichen Pl\u00e4uschchen: Zum sechsten Mal veranstaltete der Gastronom vom Restaurant Kutscherstuben das Weinfest in dieser malerischen Umgebung, die mit ihrem d\u00f6rflichen Ambiente, den historischen Fachwerkensembles und dem h\u00fcgeligen Terrain tats\u00e4chlich ein wenig an die Anbaugebiete des Rebsaftes im S\u00fcdwesten Deutschlands erinnert.<\/p>\n","protected":false},"excerpt":{"rendered":"\u201eGr\u00fc\u00df Euch!\u201c Worte wie diese d\u00fcrfte Michael Veit am Wochenende \u00f6fter gebraucht haben. Denn schlie\u00dflich galt es immer&hellip;\n","protected":false},"author":2,"featured_media":1269804,"comment_status":"","ping_status":"","sticky":false,"template":"","format":"standard","meta":{"footnotes":"","_share_on_mastodon":"0"},"categories":[1840],"tags":[25207,66956,3364,29,80358,26379,14874,30,103004,103002,1209,9593,4749,27167,4418],"class_list":["post-1269803","post","type-post","status-publish","format-standard","has-post-thumbnail","category-wuppertal","tag-weinfest","tag-breuer","tag-de","tag-deutschland","tag-dorfplatz","tag-duessel","tag-gastronom","tag-germany","tag-kutscherstuben","tag-michael-veit","tag-nordrhein-westfalen","tag-stand","tag-wochenende","tag-wuelfrath","tag-wuppertal"],"share_on_mastodon":{"url":"https:\/\/pubeurope.com\/@de\/117184793571131311","error":""},"_links":{"self":[{"href":"https:\/\/www.europesays.com\/de\/wp-json\/wp\/v2\/posts\/1269803","targetHints":{"allow":["GET"]}}],"collection":[{"href":"https:\/\/www.europesays.com\/de\/wp-json\/wp\/v2\/posts"}],"about":[{"href":"https:\/\/www.europesays.com\/de\/wp-json\/wp\/v2\/types\/post"}],"author":[{"embeddable":true,"href":"https:\/\/www.europesays.com\/de\/wp-json\/wp\/v2\/users\/2"}],"replies":[{"embeddable":true,"href":"https:\/\/www.europesays.com\/de\/wp-json\/wp\/v2\/comments?post=1269803"}],"version-history":[{"count":0,"href":"https:\/\/www.europesays.com\/de\/wp-json\/wp\/v2\/posts\/1269803\/revisions"}],"wp:featuredmedia":[{"embeddable":true,"href":"https:\/\/www.europesays.com\/de\/wp-json\/wp\/v2\/media\/1269804"}],"wp:attachment":[{"href":"https:\/\/www.europesays.com\/de\/wp-json\/wp\/v2\/media?parent=1269803"}],"wp:term":[{"taxonomy":"category","embeddable":true,"href":"https:\/\/www.europesays.com\/de\/wp-json\/wp\/v2\/categories?post=1269803"},{"taxonomy":"post_tag","embeddable":true,"href":"https:\/\/www.europesays.com\/de\/wp-json\/wp\/v2\/tags?post=1269803"}],"curies":[{"name":"wp","href":"https:\/\/api.w.org\/{rel}","templated":true}]}}