{"id":1269805,"date":"2026-08-30T13:53:19","date_gmt":"2026-08-30T13:53:19","guid":{"rendered":"https:\/\/www.europesays.com\/de\/1269805\/"},"modified":"2026-08-30T13:53:19","modified_gmt":"2026-08-30T13:53:19","slug":"liveblog-fc-buederich-vs-wuppertaler-sv","status":"publish","type":"post","link":"https:\/\/www.europesays.com\/de\/1269805\/","title":{"rendered":"Liveblog: FC B\u00fcderich vs Wuppertaler SV"},"content":{"rendered":"<p>          Fu\u00dfball-Oberliga aktuell        Liveblog: FC B\u00fcderich vs Wuppertaler SV<\/p>\n<p class=\"text-50 desktop:text-70 park-container-small px-6 mb-10 desktop:mb-14\">B\u00fcderich\/Wuppertal \u00b7 <strong data-cy=\"intro\" data-readtime-content=\"\">Im zweiten Ausw\u00e4rtsspiel der Saison muss der WSV am Sonntag, 30. August, beim FC B\u00fcderich antreten und hofft auf die ersten Punkte. Ansto\u00df im Stadion am Eisenbrand ist um 15.30 Uhr. Hier k\u00f6nnen Sie mit uns auf Ballh\u00f6he bleiben.<\/strong><\/p>\n<p>                        <a class=\"absolute bottom-0 inset-x-0 z-10 group\/link before:pt-16\/10 before:float-left after:clear-both flex justify-end items-end print:hidden\" href=\"https:\/\/www.wz.de\/imgs\/39\/2\/7\/9\/0\/5\/4\/8\/9\/9\/tok_691c744849c779b1dbfd6e04951899be\/w1900_h1659_x1384_y739_Froehlich_3-c9f5b6abbe220ee7.JPG\" title=\"Vergr\u00f6\u00dferte Ansicht\" aria-describedby=\"park-figure-\" data-enlargable=\"image\" rel=\"nofollow noopener\" target=\"_blank\"><\/p>\n<p>                            <\/a><\/p>\n<p>                <img class=\"absolute inset-0 w-full h-full object-cover aspect-[16\/10] opacity-0 transition-opacity animated\" onload=\"this.style.opacity = '1';\" src=\"https:\/\/www.europesays.com\/de\/wp-content\/uploads\/2026\/08\/w2100_h1313_x1384_y739_Froehlich_3-c9f5b6abbe220ee7.JPG\"   alt=\"Linus Fr\u00f6hlich, hier beim Auftaktspiel in Velbert, steht mit seinen WSV-Kollegen in B\u00fcderich vor der n\u00e4chsten hohen Ausw\u00e4rtsh\u00fcrde.\" fetchpriority=\"high\" decoding=\"async\" data-park-image-img=\"\"\/><\/p>\n<p class=\"block font-sans text-30 text-black-almost dark:text-white-almost desktop:text-40 desktop:[.floated_&amp;]:text-30 mt-3 desktop:[.floated_&amp;]:mt-3 desktop:mt-4\" data-readtime-content=\"\">\n        Linus Fr\u00f6hlich, hier beim Auftaktspiel in Velbert, steht mit seinen WSV-Kollegen in B\u00fcderich vor der n\u00e4chsten hohen Ausw\u00e4rtsh\u00fcrde.\n    <\/p>\n<p>    Foto: Otto Krschak  <\/p>\n","protected":false},"excerpt":{"rendered":"Fu\u00dfball-Oberliga aktuell Liveblog: FC B\u00fcderich vs Wuppertaler SV B\u00fcderich\/Wuppertal \u00b7 Im zweiten Ausw\u00e4rtsspiel der Saison muss der WSV&hellip;\n","protected":false},"author":2,"featured_media":1269806,"comment_status":"","ping_status":"","sticky":false,"template":"","format":"standard","meta":{"footnotes":"","_share_on_mastodon":"0"},"categories":[1840],"tags":[7140,3364,29,30,1209,6227,4418],"class_list":["post-1269805","post","type-post","status-publish","format-standard","has-post-thumbnail","category-wuppertal","tag-buederich","tag-de","tag-deutschland","tag-germany","tag-nordrhein-westfalen","tag-wsv","tag-wuppertal"],"share_on_mastodon":{"url":"https:\/\/pubeurope.com\/@de\/117184799095653617","error":""},"_links":{"self":[{"href":"https:\/\/www.europesays.com\/de\/wp-json\/wp\/v2\/posts\/1269805","targetHints":{"allow":["GET"]}}],"collection":[{"href":"https:\/\/www.europesays.com\/de\/wp-json\/wp\/v2\/posts"}],"about":[{"href":"https:\/\/www.europesays.com\/de\/wp-json\/wp\/v2\/types\/post"}],"author":[{"embeddable":true,"href":"https:\/\/www.europesays.com\/de\/wp-json\/wp\/v2\/users\/2"}],"replies":[{"embeddable":true,"href":"https:\/\/www.europesays.com\/de\/wp-json\/wp\/v2\/comments?post=1269805"}],"version-history":[{"count":0,"href":"https:\/\/www.europesays.com\/de\/wp-json\/wp\/v2\/posts\/1269805\/revisions"}],"wp:featuredmedia":[{"embeddable":true,"href":"https:\/\/www.europesays.com\/de\/wp-json\/wp\/v2\/media\/1269806"}],"wp:attachment":[{"href":"https:\/\/www.europesays.com\/de\/wp-json\/wp\/v2\/media?parent=1269805"}],"wp:term":[{"taxonomy":"category","embeddable":true,"href":"https:\/\/www.europesays.com\/de\/wp-json\/wp\/v2\/categories?post=1269805"},{"taxonomy":"post_tag","embeddable":true,"href":"https:\/\/www.europesays.com\/de\/wp-json\/wp\/v2\/tags?post=1269805"}],"curies":[{"name":"wp","href":"https:\/\/api.w.org\/{rel}","templated":true}]}}