{"id":1269819,"date":"2026-08-30T14:03:17","date_gmt":"2026-08-30T14:03:17","guid":{"rendered":"https:\/\/www.europesays.com\/de\/1269819\/"},"modified":"2026-08-30T14:03:17","modified_gmt":"2026-08-30T14:03:17","slug":"frankreich-staatsverschuldung-und-praesidentschaftswahl-2024-wirtschaft","status":"publish","type":"post","link":"https:\/\/www.europesays.com\/de\/1269819\/","title":{"rendered":"Frankreich Staatsverschuldung und Pr\u00e4sidentschaftswahl 2024 &#8211; Wirtschaft"},"content":{"rendered":"<p data-manual=\"paragraph\" data-schema-org-speakable=\"true\" class=\"css-9njfp7\"><a href=\"https:\/\/www.sueddeutsche.de\/thema\/Emmanuel_Macron\" rel=\"nofollow noopener\" target=\"_blank\">Emmanuel Macron<\/a> ist noch bis zum Fr\u00fchjahr kommenden Jahres im Amt. Aber \u00fcber den Umgang mit seinem politischen Nachlass wird schon heftig gestritten \u2013 vor allem \u00fcber die Staatsverschuldung, die unter seiner Pr\u00e4sidentschaft auf mehr als 3500 Milliarden Euro gewachsen ist. Die zweitgr\u00f6\u00dfte Volkswirtschaft hat den gr\u00f6\u00dften Schuldenberg in der EU angeh\u00e4uft. Das Staatsdefizit liegt bei mehr als f\u00fcnf Prozent des Bruttoinlandsprodukts und k\u00f6nnte auf fast sieben Prozent steigen, prognostizieren \u00d6konomen, die den Haushalt im Auftrag der Regierung untersucht haben. Damit l\u00e4ge <a href=\"https:\/\/www.sueddeutsche.de\/thema\/Frankreich\" rel=\"nofollow noopener\" target=\"_blank\">Frankreich<\/a> weit \u00fcber dem Maastricht-Kriterium von drei Prozent. F\u00fcr den Schuldendienst gibt der franz\u00f6sische Staat inzwischen mehr aus als f\u00fcr die Verteidigung.<\/p>\n","protected":false},"excerpt":{"rendered":"Emmanuel Macron ist noch bis zum Fr\u00fchjahr kommenden Jahres im Amt. Aber \u00fcber den Umgang mit seinem politischen&hellip;\n","protected":false},"author":2,"featured_media":1269820,"comment_status":"","ping_status":"","sticky":false,"template":"","format":"standard","meta":{"footnotes":"","_share_on_mastodon":"0"},"categories":[3974],"tags":[331,332,1356,548,663,3934,3980,156,13,148,157,14,15,12,149,222671,55,381],"class_list":["post-1269819","post","type-post","status-publish","format-standard","has-post-thumbnail","category-frankreich","tag-aktuelle-nachrichten","tag-aktuelle-news","tag-emmanuel-macron","tag-eu","tag-europa","tag-europe","tag-france","tag-frankreich","tag-headlines","tag-leserdiskussion","tag-marine-le-pen","tag-nachrichten","tag-news","tag-schlagzeilen","tag-sueddeutsche-zeitung","tag-wahl-in-frankreich","tag-wirtschaft","tag-wirtschaftspolitik"],"share_on_mastodon":{"url":"https:\/\/pubeurope.com\/@de\/117184836715162435","error":""},"_links":{"self":[{"href":"https:\/\/www.europesays.com\/de\/wp-json\/wp\/v2\/posts\/1269819","targetHints":{"allow":["GET"]}}],"collection":[{"href":"https:\/\/www.europesays.com\/de\/wp-json\/wp\/v2\/posts"}],"about":[{"href":"https:\/\/www.europesays.com\/de\/wp-json\/wp\/v2\/types\/post"}],"author":[{"embeddable":true,"href":"https:\/\/www.europesays.com\/de\/wp-json\/wp\/v2\/users\/2"}],"replies":[{"embeddable":true,"href":"https:\/\/www.europesays.com\/de\/wp-json\/wp\/v2\/comments?post=1269819"}],"version-history":[{"count":0,"href":"https:\/\/www.europesays.com\/de\/wp-json\/wp\/v2\/posts\/1269819\/revisions"}],"wp:featuredmedia":[{"embeddable":true,"href":"https:\/\/www.europesays.com\/de\/wp-json\/wp\/v2\/media\/1269820"}],"wp:attachment":[{"href":"https:\/\/www.europesays.com\/de\/wp-json\/wp\/v2\/media?parent=1269819"}],"wp:term":[{"taxonomy":"category","embeddable":true,"href":"https:\/\/www.europesays.com\/de\/wp-json\/wp\/v2\/categories?post=1269819"},{"taxonomy":"post_tag","embeddable":true,"href":"https:\/\/www.europesays.com\/de\/wp-json\/wp\/v2\/tags?post=1269819"}],"curies":[{"name":"wp","href":"https:\/\/api.w.org\/{rel}","templated":true}]}}