{"id":1269839,"date":"2026-08-30T14:14:16","date_gmt":"2026-08-30T14:14:16","guid":{"rendered":"https:\/\/www.europesays.com\/de\/1269839\/"},"modified":"2026-08-30T14:14:16","modified_gmt":"2026-08-30T14:14:16","slug":"fussball-bundesliga-tolhoek-rettet-eintracht-frauen-einen-punkt","status":"publish","type":"post","link":"https:\/\/www.europesays.com\/de\/1269839\/","title":{"rendered":"Fu\u00dfball-Bundesliga: Tolhoek rettet Eintracht-Frauen einen Punkt"},"content":{"rendered":"<p class=\"mb-6 text-xs-varying md:text-m lg:text-l font-serif group-[.font-sans]:font-sans \">\n    Die Fu\u00dfballerinnen von Eintracht Frankfurt sind am 2. Spieltag der Bundesliga nur knapp einer Blamage entgangen. Die Hessinnen schafften gegen den <a href=\"https:\/\/www.mainpost.de\/organisationen\/mp-1-fc-nuernberg\" target=\"_self\" class=\"underline \" rel=\"nofollow noopener\">1. FC N\u00fcrnberg<\/a> nach langem R\u00fcckstand noch ein 1:1 (0:1)-Unentschieden. Nach der F\u00fchrung durch Louna Lapassouse in der 32. Minute gelang Danique Tolhoek vor 3.005 Zuschauern im Stadion am Brentanobad in der 86. Minute das Ausgleichstor. Die erst zur zweiten Halbzeit gekommene St\u00fcrmerin Larissa M\u00fchlhaus musste nach nur knapp zehn Minuten Einsatzzeit verletzungsbedingt wieder vom Feld.\n  <\/p>\n<p class=\"mb-6 text-xs-varying md:text-m lg:text-l font-serif group-[.font-sans]:font-sans \">\n    Eintracht-Trainer Niko Arnautis hatte mit\u00a0Blick auf die entscheidende Partie in der Champions-League-Qualifikation am Mittwoch bei Paris Saint-Germain sieben Wechsel in seiner Startelf vorgenommen. Doch in dem neu formierten Team lief gegen die gut verteidigenden G\u00e4ste lange nicht viel zusammen.\n  <\/p>\n<p class=\"mb-6 text-xs-varying md:text-m lg:text-l font-serif group-[.font-sans]:font-sans \">\n    Bei den N\u00fcrnbergerinnen nutzte Lapassouse bei einem schlecht gekl\u00e4rten Angriff einen Fehlpass von Noemi Ivelj zum Treffer. Arnautis reagierte nach der Pause mit mehreren Wechseln. Der Einsatz von Ereleta Memeti ab der zweiten H\u00e4lfte zahlte sich aus, als die wuselige Mittelfeldspielerin die Niederl\u00e4nderin Tolhoek schlie\u00dflich im Strafraum zum Ausgleichstor bediente.\n  <\/p>\n","protected":false},"excerpt":{"rendered":"Die Fu\u00dfballerinnen von Eintracht Frankfurt sind am 2. Spieltag der Bundesliga nur knapp einer Blamage entgangen. Die Hessinnen&hellip;\n","protected":false},"author":2,"featured_media":1269840,"comment_status":"","ping_status":"","sticky":false,"template":"","format":"standard","meta":{"footnotes":"","_share_on_mastodon":"0"},"categories":[1837],"tags":[783,772,8837,3364,29,460,2362,30,123386,150376,3783,8496],"class_list":["post-1269839","post","type-post","status-publish","format-standard","has-post-thumbnail","category-nuernberg","tag-1-fc-nuernberg","tag-bayern","tag-bundesligaspiel","tag-de","tag-deutschland","tag-eintracht-frankfurt","tag-endspiel","tag-germany","tag-muehlhaus","tag-niko-arnauti","tag-nuernberg","tag-psg"],"share_on_mastodon":{"url":"https:\/\/pubeurope.com\/@de\/117184879744324387","error":""},"_links":{"self":[{"href":"https:\/\/www.europesays.com\/de\/wp-json\/wp\/v2\/posts\/1269839","targetHints":{"allow":["GET"]}}],"collection":[{"href":"https:\/\/www.europesays.com\/de\/wp-json\/wp\/v2\/posts"}],"about":[{"href":"https:\/\/www.europesays.com\/de\/wp-json\/wp\/v2\/types\/post"}],"author":[{"embeddable":true,"href":"https:\/\/www.europesays.com\/de\/wp-json\/wp\/v2\/users\/2"}],"replies":[{"embeddable":true,"href":"https:\/\/www.europesays.com\/de\/wp-json\/wp\/v2\/comments?post=1269839"}],"version-history":[{"count":0,"href":"https:\/\/www.europesays.com\/de\/wp-json\/wp\/v2\/posts\/1269839\/revisions"}],"wp:featuredmedia":[{"embeddable":true,"href":"https:\/\/www.europesays.com\/de\/wp-json\/wp\/v2\/media\/1269840"}],"wp:attachment":[{"href":"https:\/\/www.europesays.com\/de\/wp-json\/wp\/v2\/media?parent=1269839"}],"wp:term":[{"taxonomy":"category","embeddable":true,"href":"https:\/\/www.europesays.com\/de\/wp-json\/wp\/v2\/categories?post=1269839"},{"taxonomy":"post_tag","embeddable":true,"href":"https:\/\/www.europesays.com\/de\/wp-json\/wp\/v2\/tags?post=1269839"}],"curies":[{"name":"wp","href":"https:\/\/api.w.org\/{rel}","templated":true}]}}