{"id":1269851,"date":"2026-08-30T14:21:30","date_gmt":"2026-08-30T14:21:30","guid":{"rendered":"https:\/\/www.europesays.com\/de\/1269851\/"},"modified":"2026-08-30T14:21:30","modified_gmt":"2026-08-30T14:21:30","slug":"werder-bremen-teilt-kurz-vor-anpfiff-mit-jens-stage-faellt-lange-aus","status":"publish","type":"post","link":"https:\/\/www.europesays.com\/de\/1269851\/","title":{"rendered":"Werder Bremen teilt kurz vor Anpfiff mit: Jens Stage f\u00e4llt lange aus"},"content":{"rendered":"<p>Starspieler f\u00e4llt monatelang aus <\/p>\n<p>Kurz vor Anpfiff: Werder Bremen teilt Schocknachricht<\/p>\n<p>Aktualisiert am 30.08.2026 &#8211; 15:32 UhrLesedauer: 1 Min.<\/p>\n<p><a href=\"#focus-0\" class=\"transition-colors block text-current relative\" data-sctrack=\"FocusGalleryImage.Reference\"><img fetchpriority=\"high\" data-testid=\"Opener.Image\"   loading=\"eager\" src=\"https:\/\/www.europesays.com\/de\/wp-content\/uploads\/2026\/08\/jens-stage-der-daene-muss-mit-einer-muskelverletzung-lange-zuschauen.jpg\" alt=\"Jens Stage: Der D\u00e4ne muss mit einer Muskelverletzung lange zuschauen.\" title=\"Jens Stage: Der D\u00e4ne muss mit einer Muskelverletzung lange zuschauen.\" width=\"1917\" height=\"1078\" class=\"bg-[url:var(--lqipURL)] bg-cover bg-center flex h-full w-full max-w-full\" style=\"--lqipURL:url('https:\/\/images.t-online.de\/2026\/08\/oF7ypRGtbeat\/1021x53:1917x1078\/fit-in\/150x0\/filters:blur(25)\/jens-stage-der-daene-muss-mit-einer-muskelverletzung-lange-zuschauen.jpg')\" decoding=\"async\"\/><img loading=\"lazy\" src=\"https:\/\/www.t-online.de\/s\/paper\/_next\/static\/media\/zoom-in.f7dae02f.svg\" alt=\"Vergr\u00f6\u00dfern des Bildes\" title=\"Vergr\u00f6\u00dfern des Bildes\" class=\"block h-[calc(var(--height)_\/_16_*_1rem)] w-[calc(var(--width)_\/_16_*_1rem)] max-w-none absolute right-8 bottom-8 rounded-4 bg-snow p-8\" style=\"--width:32;--height:32\" decoding=\"async\"\/><\/a><\/p>\n<p>Jens Stage: Der D\u00e4ne muss mit einer Muskelverletzung lange zuschauen. (Quelle: IMAGO\/DeFodi.de)<\/p>\n<p><img loading=\"lazy\" src=\"https:\/\/www.t-online.de\/s\/paper\/_next\/static\/media\/audio-volume.6689034c.svg\" alt=\"\" title=\"\" class=\"block h-[calc(var(--height)_\/_16_*_1rem)] w-[calc(var(--width)_\/_16_*_1rem)] max-w-none group-hover:brightness-0 group-hover:invert\" style=\"--width:16;--height:16\" decoding=\"async\"\/>Vorlesen<\/p>\n<p>Aktuelle Zeit:0:00Gesamtdauer:0:00<\/p>\n<p>1x<img loading=\"lazy\" src=\"https:\/\/www.t-online.de\/s\/paper\/_next\/static\/media\/font-sizes.32942e33.svg\" alt=\"\" title=\"\" class=\"block h-[calc(var(--height)_\/_16_*_1rem)] w-[calc(var(--width)_\/_16_*_1rem)] max-w-none group-hover:hidden group-aria-expanded:hidden\" style=\"--width:16;--height:16\" decoding=\"async\"\/><img loading=\"lazy\" src=\"https:\/\/www.t-online.de\/s\/paper\/_next\/static\/media\/font-sizes-dark-mode.e382645c.svg\" alt=\"\" title=\"\" class=\"block h-[calc(var(--height)_\/_16_*_1rem)] w-[calc(var(--width)_\/_16_*_1rem)] max-w-none hidden group-hover:block group-aria-expanded:block\" style=\"--width:16;--height:16\" decoding=\"async\"\/><img loading=\"lazy\" src=\"https:\/\/www.t-online.de\/s\/paper\/_next\/static\/media\/sharing-menu-icon.1eb71368.svg\" alt=\"\" title=\"\" class=\"block h-[calc(var(--height)_\/_16_*_1rem)] w-[calc(var(--width)_\/_16_*_1rem)] max-w-none group-hover:brightness-0 group-hover:invert\" style=\"--width:16;--height:16\" decoding=\"async\"\/>Artikel teilen<\/p>\n<p class=\"font-bold text-18 leading-17 user-text-lg:text-22 user-text-xl:text-24\">Werder Bremen will sich in der neuen Saison direkt in der Bundesliga behaupten. Dabei sollte Jens Stage eine Schl\u00fcsselrolle spielen \u2013 eigentlich.<\/p>\n<p class=\"text-18 leading-17 user-text-lg:text-22 user-text-xl:text-24\">Im Abschlusstraining vor dem Bundesligaspiel beim <a href=\"https:\/\/www.t-online.de\/themen\/sc-freiburg\/\" class=\"transition-colors cursor-pointer no-underline md:hover:text-magenta md:focus:text-magenta border-b border-solid border-current text-salemsfur md:hover:border-magenta\" data-tracking=\"{&quot;action&quot;:&quot;click&quot;,&quot;category&quot;:&quot;intextLink&quot;,&quot;label&quot;:&quot;\/themen\/sc-freiburg\/&quot;}\" data-sctrack=\"BodyAnchor\" rel=\"nofollow noopener\" target=\"_blank\">SC Freiburg<\/a> hat sich Jens Stage eine schwere Muskelverletzung im Oberschenkel zugezogen. Das teilte der Klub kurz vor dem Anpfiff der Partie beim SC Freiburg am Sonntagnachmittag (15.30 Uhr im <a href=\"https:\/\/www.t-online.de\/sport\/live-ticker\/heute\/\" class=\"transition-colors cursor-pointer no-underline md:hover:text-magenta md:focus:text-magenta border-b border-solid border-current text-salemsfur md:hover:border-magenta\" data-tracking=\"{&quot;action&quot;:&quot;click&quot;,&quot;category&quot;:&quot;intextLink&quot;,&quot;label&quot;:&quot;\/sport\/live-ticker\/heute\/&quot;}\" data-sctrack=\"BodyAnchor\" rel=\"nofollow noopener\" target=\"_blank\">Liveticker<\/a> bei t-online). Der d\u00e4nische Mittelfeldspieler geh\u00f6rt bei <a href=\"https:\/\/www.t-online.de\/themen\/sv-werder-bremen\/\" class=\"transition-colors cursor-pointer no-underline md:hover:text-magenta md:focus:text-magenta border-b border-solid border-current text-salemsfur md:hover:border-magenta\" data-tracking=\"{&quot;action&quot;:&quot;click&quot;,&quot;category&quot;:&quot;intextLink&quot;,&quot;label&quot;:&quot;\/themen\/sv-werder-bremen\/&quot;}\" data-sctrack=\"BodyAnchor\" rel=\"nofollow noopener\" target=\"_blank\">Werder Bremen<\/a> seit Jahren zu den Stammkr\u00e4ften.<\/p>\n<p class=\"text-18 leading-17 user-text-lg:text-22 user-text-xl:text-24\">In den kommenden Tagen sollen gemeinsam mit dem 29-J\u00e4hrigen die n\u00e4chsten Behandlungsschritte festgelegt werden, teilte der Klub mit. Werder-Trainer <a href=\"https:\/\/www.t-online.de\/themen\/daniel-thioune\/\" class=\"transition-colors cursor-pointer no-underline md:hover:text-magenta md:focus:text-magenta border-b border-solid border-current text-salemsfur md:hover:border-magenta\" data-tracking=\"{&quot;action&quot;:&quot;click&quot;,&quot;category&quot;:&quot;intextLink&quot;,&quot;label&quot;:&quot;\/themen\/daniel-thioune\/&quot;}\" data-sctrack=\"BodyAnchor\" rel=\"nofollow noopener\" target=\"_blank\">Daniel Thioune<\/a> sagte: &#8222;Es tut mir wahnsinnig leid f\u00fcr Jens und wir werden nun alles tun, damit seine Genesung bestm\u00f6glich verl\u00e4uft und er so bald wie m\u00f6glich wieder fit wird.&#8220;<\/p>\n<p class=\"text-18 leading-17 user-text-lg:text-22 user-text-xl:text-24\">Einen Einsatz in diesem Jahr schloss Thioune aus: &#8222;Aufgrund der Schwere der Verletzung gehen wir allerdings nicht davon aus, dass Jens in diesem Jahr noch mal auf dem Platz stehen wird.&#8220; Das sei ein &#8222;harter Schlag&#8220; f\u00fcr die Mannschaft. Stage hatte vergangene Saison als zentraler Mittelfeldspieler zehn Tore f\u00fcr Werder erzielt, dazu zwei weitere vorgelegt. Im Vorjahr war er sogar an 15 Treffern beteiligt gewesen.<\/p>\n<p class=\"text-18 leading-17 user-text-lg:text-22 user-text-xl:text-24\">Gesch\u00e4ftsf\u00fchrer Clemens Fritz sprach vor dem Anpfiff bei DAZN von einem &#8222;Riesenschock&#8220;. F\u00fcr die vakante Position soll es jetzt noch eine Verst\u00e4rkung geben: &#8222;Wir sind dran, wir wollen uns im Mittelfeld noch einmal verst\u00e4rken, sind in Gespr\u00e4chen.&#8220;<\/p>\n","protected":false},"excerpt":{"rendered":"Starspieler f\u00e4llt monatelang aus Kurz vor Anpfiff: Werder Bremen teilt Schocknachricht Aktualisiert am 30.08.2026 &#8211; 15:32 UhrLesedauer: 1&hellip;\n","protected":false},"author":2,"featured_media":1269852,"comment_status":"","ping_status":"","sticky":false,"template":"","format":"standard","meta":{"footnotes":"","_share_on_mastodon":"0"},"categories":[1824],"tags":[722,17161,2420,8402,3364,29,30,34406,141665,298,94853,2365,226],"class_list":["post-1269851","post","type-post","status-publish","format-standard","has-post-thumbnail","category-bremen","tag-722","tag-17161","tag-bremen","tag-daniel-thioune","tag-de","tag-deutschland","tag-germany","tag-jens-stage","tag-muskelverletzung","tag-sc-freiburg","tag-schocknachricht","tag-sv-werder-bremen","tag-t-online"],"share_on_mastodon":{"url":"","error":""},"_links":{"self":[{"href":"https:\/\/www.europesays.com\/de\/wp-json\/wp\/v2\/posts\/1269851","targetHints":{"allow":["GET"]}}],"collection":[{"href":"https:\/\/www.europesays.com\/de\/wp-json\/wp\/v2\/posts"}],"about":[{"href":"https:\/\/www.europesays.com\/de\/wp-json\/wp\/v2\/types\/post"}],"author":[{"embeddable":true,"href":"https:\/\/www.europesays.com\/de\/wp-json\/wp\/v2\/users\/2"}],"replies":[{"embeddable":true,"href":"https:\/\/www.europesays.com\/de\/wp-json\/wp\/v2\/comments?post=1269851"}],"version-history":[{"count":0,"href":"https:\/\/www.europesays.com\/de\/wp-json\/wp\/v2\/posts\/1269851\/revisions"}],"wp:featuredmedia":[{"embeddable":true,"href":"https:\/\/www.europesays.com\/de\/wp-json\/wp\/v2\/media\/1269852"}],"wp:attachment":[{"href":"https:\/\/www.europesays.com\/de\/wp-json\/wp\/v2\/media?parent=1269851"}],"wp:term":[{"taxonomy":"category","embeddable":true,"href":"https:\/\/www.europesays.com\/de\/wp-json\/wp\/v2\/categories?post=1269851"},{"taxonomy":"post_tag","embeddable":true,"href":"https:\/\/www.europesays.com\/de\/wp-json\/wp\/v2\/tags?post=1269851"}],"curies":[{"name":"wp","href":"https:\/\/api.w.org\/{rel}","templated":true}]}}