{"id":1269864,"date":"2026-08-30T14:32:20","date_gmt":"2026-08-30T14:32:20","guid":{"rendered":"https:\/\/www.europesays.com\/de\/1269864\/"},"modified":"2026-08-30T14:32:20","modified_gmt":"2026-08-30T14:32:20","slug":"duesseldorf-so-schoen-war-das-luegallee-fest-in-oberkassel","status":"publish","type":"post","link":"https:\/\/www.europesays.com\/de\/1269864\/","title":{"rendered":"D\u00fcsseldorf: So sch\u00f6n war das Luegallee-Fest in Oberkassel"},"content":{"rendered":"<p class=\"text_ohne_einzug richtext text-em-55 !leading-serif mx-6 desktop:mx-0\">Die Kinder wollten nicht von der H\u00fcpfburg, die Eltern irgendwann schon: Beim Luegallee-Fest blieb es am Sonntag ansonsten bemerkenswert entspannt. Rund um den Barbarossa-Brunnenplatz und auf der gegen\u00fcberliegenden Seite der <a href=\"https:\/\/rp-online.de\/thema\/luegallee\/\" rel=\"nofollow noopener\" target=\"_blank\">Luegallee<\/a> wurde gefeiert, geredet und der Musik gelauscht \u2013 ohne L\u00e4rm und Hektik, daf\u00fcr mit viel Gelassenheit.<\/p>\n<p class=\"richtext text-em-55 !leading-serif mx-6 desktop:mx-0\">\u201eIch komme jedes Mal zum Luegallee-Fest, weil ich einen netten, entspannten Sonntag verleben m\u00f6chte\u201c, sagte der Oberkasseler Michael. \u201eIch bin nie verabredet, finde aber immer Leute, die ich kenne.\u201c \u201eEs ist ein sehr nettes Fest. Gut, dass es die Leute gibt, die es organisieren\u201c, lobte Ratsherr Samy Charchira (Gr\u00fcne). \u201eEs ist ein Ankerpunkt f\u00fcr die Gemeinschaft. Sch\u00f6n, dass die Nachbarschaft zusammenkommen kann.\u201c<\/p>\n<p class=\"richtext text-em-55 !leading-serif mx-6 desktop:mx-0\">Organisiert wurde das beschauliche Fest erneut von der Interessengemeinschaft (IG) \u201eWir in Oberkassel\u201c. Federf\u00fchrend war IG-Gesch\u00e4ftsf\u00fchrer und Kassenwart Manfred Simon. \u201eWir feiern ja nicht nur rund um den Barbarossa-Brunnen und den Barbarossa-Veranstaltungsplatz, sondern auch in der Drakestra\u00dfe\u201c, erkl\u00e4rte Simon. \u201eDort haben sich f\u00fcnf L\u00e4den dem Luegallee-Fest angeschlossen.\u201c<\/p>\n<p class=\"richtext text-em-55 !leading-serif mx-6 desktop:mx-0\">Das Herz des Festes blieb jedoch der Barbarossa-Brunnen. Dort stand die B\u00fchne, dort wurden die Gewinner der Tombola-Hauptpreise verk\u00fcndet \u2013 und dort spielte im wahrsten Sinne des Wortes die Musik. Zun\u00e4chst erfreute das Trio \u201eJazzbonbon\u201c mit Dixieland die Ohren. Danach rockte die Schulband des Cecilien-Gymnasiums, \u201eShades\u201c, gemeinsam mit den \u201eT\u00f6chtern D\u00fcsseldorfs\u201c die B\u00fchne. Den musikalischen Abschluss bildeten The Fox.<\/p>\n<p class=\"richtext text-em-55 !leading-serif mx-6 desktop:mx-0\">\u201eEs gab keine Schwierigkeiten, das Programm zusammenzustellen\u201c, sagte Simon. \u201eAuch die Standakquise war einfach. Ich hatte mehr Anfragen als St\u00e4nde.\u201c<\/p>\n<p class=\"richtext text-em-55 !leading-serif mx-6 desktop:mx-0\">Dass Beate J\u00fcrgens mit ihrem Zahnarztpraxisteam dabei ist, steht seit 2012 fest. Damals war J\u00fcrgens mit der Er\u00f6ffnung einer neuen Praxis besch\u00e4ftigt, fand aber dennoch die Zeit, das Luegallee-Fest mitzugestalten. \u201eIch habe auch schon vor 2012 als Zahn\u00e4rztin im Viertel gearbeitet. Damals haben wir Zahngold an Kinderhilfsprojekte gespendet. Mit unserem Stand auf dem Luegallee-Fest wollten wir mehr tun\u201c, sagte J\u00fcrgens. \u201eDiesmal sammeln wir Spenden, haben ein Gl\u00fccksrad aufgestellt, veranstalten eine Tombola und verdoppeln am Ende des Tages alle eingenommenen Spendengelder.\u201c<\/p>\n<p class=\"richtext text-em-55 !leading-serif mx-6 desktop:mx-0\">F\u00fcr die Tombola hatte das 20-k\u00f6pfige Praxisteam Freunde, Verwandte, Patienten und Gesch\u00e4ftsleute angesprochen und so mehr als 200 Preise zusammengetragen. \u201eDer Hauptpreis der Tombola ist ein Rundflug \u00fcber D\u00fcsseldorf, gespendet von Flying Hope\u201c, sagte J\u00fcrgens. Flying Hope erhalte gemeinsam mit Sterntaler die Spenden.<\/p>\n<p class=\"richtext text-em-55 !leading-serif mx-6 desktop:mx-0\">Flying Hope ist ein gemeinn\u00fctziger Verein, der kostenlose Fl\u00fcge f\u00fcr Kinder vermittelt, die aufgrund ihres k\u00f6rperlichen, geistigen oder seelischen Zustands auf die Hilfe anderer angewiesen sind und nicht \u00fcber die n\u00f6tigen finanziellen Mittel verf\u00fcgen. Sterntaler ist ein Verein und eine Stiftung zur Unterst\u00fctzung hilfsbed\u00fcrftiger Kinder.<\/p>\n<p class=\"richtext text-em-55 !leading-serif mx-6 desktop:mx-0\">Angesichts des Oberkasseler Publikums hatte J\u00fcrgens mit ihrem Team die Preise f\u00fcr das Gl\u00fccksrad angehoben. \u201eZuletzt haben wir ein und zwei Euro verlangt. Diesmal kostet einmal Drehen f\u00fcnf Euro, dreimal Drehen zehn\u201c, sagte die Zahn\u00e4rztin. \u201eWir m\u00f6chten, dass ordentlich Geld f\u00fcr die Kinderhilfsprojekte zusammenkommt. Wir rechnen mit 8000 bis 10.000 Euro.\u201c<\/p>\n<p class=\"richtext text-em-55 !leading-serif mx-6 desktop:mx-0\">F\u00fcr J\u00fcrgens ist es selbstverst\u00e4ndlich, Menschen, denen es nicht so gut geht, unter die Arme zu greifen. \u201eUns widerf\u00e4hrt so viel Gutes, wir haben so ein sch\u00f6nes Leben in Deutschland. Da sollte man etwas von seinem Gl\u00fcck zur\u00fcckgeben\u201c, meinte sie. \u201eUnsere Spenden flie\u00dfen in Projekte in D\u00fcsseldorf, damit es mehr D\u00fcsseldorfern gut geht.\u201c<\/p>\n<p class=\"richtext text-em-55 !leading-serif mx-6 desktop:mx-0\">Neben dem Gl\u00fccksrad der Zahn\u00e4rztin stand ein gro\u00dfer gelber US-amerikanischer Schulbus. Er geh\u00f6rt der International School on the Rhine (ISR) in Neuss. Die ISR betreibt seit einigen Jahren auch einen Kindergarten in Niederkassel und wird demn\u00e4chst im fr\u00fcheren Geb\u00e4ude des Comenius-Gymnasiums eine <a href=\"https:\/\/rp-online.de\/thema\/grundschule\/\" rel=\"nofollow noopener\" target=\"_blank\">Grundschule<\/a> er\u00f6ffnen. \u201eWir sind nicht zum ersten Mal beim Luegallee-Fest dabei\u201c, sagte ISR-Kindergartenleiterin Raduca Ghica. \u201eAber diesmal suchen wir erstmals nach Sch\u00fclern f\u00fcr die neue Grundschule. Dann m\u00fcssen die Kinder, die unseren Kindergarten verlassen, nicht mehr nach Neuss, sondern k\u00f6nnen im linksrheinischen D\u00fcsseldorf bleiben.\u201c<\/p>\n","protected":false},"excerpt":{"rendered":"Die Kinder wollten nicht von der H\u00fcpfburg, die Eltern irgendwann schon: Beim Luegallee-Fest blieb es am Sonntag ansonsten&hellip;\n","protected":false},"author":2,"featured_media":1269865,"comment_status":"","ping_status":"","sticky":false,"template":"","format":"standard","meta":{"footnotes":"","_share_on_mastodon":"0"},"categories":[1831],"tags":[220860,3364,29,3405,73539,14627,30,11677,112548,13673,23029,14345,1209,25022,24501],"class_list":["post-1269864","post","type-post","status-publish","format-standard","has-post-thumbnail","category-duesseldorf","tag-barbarossa","tag-de","tag-deutschland","tag-duesseldorf","tag-entspannt","tag-freunde","tag-germany","tag-huepfburg","tag-juergens","tag-luegallee","tag-nachbarn","tag-nachbarschaft","tag-nordrhein-westfalen","tag-oberkassel","tag-tombola"],"share_on_mastodon":{"url":"","error":""},"_links":{"self":[{"href":"https:\/\/www.europesays.com\/de\/wp-json\/wp\/v2\/posts\/1269864","targetHints":{"allow":["GET"]}}],"collection":[{"href":"https:\/\/www.europesays.com\/de\/wp-json\/wp\/v2\/posts"}],"about":[{"href":"https:\/\/www.europesays.com\/de\/wp-json\/wp\/v2\/types\/post"}],"author":[{"embeddable":true,"href":"https:\/\/www.europesays.com\/de\/wp-json\/wp\/v2\/users\/2"}],"replies":[{"embeddable":true,"href":"https:\/\/www.europesays.com\/de\/wp-json\/wp\/v2\/comments?post=1269864"}],"version-history":[{"count":0,"href":"https:\/\/www.europesays.com\/de\/wp-json\/wp\/v2\/posts\/1269864\/revisions"}],"wp:featuredmedia":[{"embeddable":true,"href":"https:\/\/www.europesays.com\/de\/wp-json\/wp\/v2\/media\/1269865"}],"wp:attachment":[{"href":"https:\/\/www.europesays.com\/de\/wp-json\/wp\/v2\/media?parent=1269864"}],"wp:term":[{"taxonomy":"category","embeddable":true,"href":"https:\/\/www.europesays.com\/de\/wp-json\/wp\/v2\/categories?post=1269864"},{"taxonomy":"post_tag","embeddable":true,"href":"https:\/\/www.europesays.com\/de\/wp-json\/wp\/v2\/tags?post=1269864"}],"curies":[{"name":"wp","href":"https:\/\/api.w.org\/{rel}","templated":true}]}}