{"id":1269870,"date":"2026-08-30T14:36:28","date_gmt":"2026-08-30T14:36:28","guid":{"rendered":"https:\/\/www.europesays.com\/de\/1269870\/"},"modified":"2026-08-30T14:36:28","modified_gmt":"2026-08-30T14:36:28","slug":"bergischer-hc-nimmt-aus-stuttgart-positive-erkenntnisse-und-einen-wechselfehler-mit","status":"publish","type":"post","link":"https:\/\/www.europesays.com\/de\/1269870\/","title":{"rendered":"Bergischer HC nimmt aus Stuttgart positive Erkenntnisse und einen Wechselfehler mit"},"content":{"rendered":"<p class=\"text_ohne_einzug richtext text-em-55 !leading-serif mx-6 desktop:mx-0\">Eng ging es zu beim Saisonauftakt vor 4000 Zuschauern in der Stuttgarter Porsche-Arena. Der Bergische HC war in der zweiten Halbzeit drauf und dran, das Spiel zu drehen, schlug aber genau dann nicht zu, als die Chance am gr\u00f6\u00dften war. Insbesondere ein Wechselfehler machte Trainer Markus P\u00fctz zu schaffen, nachdem Johannes Wasielewski gerade auf 21:22 verk\u00fcrzt hatte. \u201eIch dachte, wir m\u00fcssen auff\u00fcllen, aber wir waren noch in Unterzahl\u201c, haderte P\u00fctz. \u201eDas ging auf meine Kappe.\u201c So blieben die G\u00e4ste noch l\u00e4nger mit einem Handballer weniger auf dem Feld. Kurz darauf f\u00fchrte der TVB Stuttgart 24:21 und stellte damit erneut die Weichen Richtung Sieg.<\/p>\n","protected":false},"excerpt":{"rendered":"Eng ging es zu beim Saisonauftakt vor 4000 Zuschauern in der Stuttgarter Porsche-Arena. Der Bergische HC war in&hellip;\n","protected":false},"author":2,"featured_media":1269871,"comment_status":"","ping_status":"","sticky":false,"template":"","format":"standard","meta":{"footnotes":"","_share_on_mastodon":"0"},"categories":[1830],"tags":[1634,9500,3364,29,170576,7080,7850,54591,30,21067,17389,18464,5725,1441,14880,145933,262268,18312],"class_list":["post-1269870","post","type-post","status-publish","format-standard","has-post-thumbnail","category-stuttgart","tag-baden-wuerttemberg","tag-bhc","tag-de","tag-deutschland","tag-durchspielen","tag-fehler","tag-feld","tag-feldspieler","tag-germany","tag-handballer","tag-johannes","tag-putz","tag-spiel","tag-stuttgart","tag-stuttgarter","tag-wasielewski","tag-wechselfehler","tag-zweiten"],"share_on_mastodon":{"url":"https:\/\/pubeurope.com\/@de\/117184966658394746","error":""},"_links":{"self":[{"href":"https:\/\/www.europesays.com\/de\/wp-json\/wp\/v2\/posts\/1269870","targetHints":{"allow":["GET"]}}],"collection":[{"href":"https:\/\/www.europesays.com\/de\/wp-json\/wp\/v2\/posts"}],"about":[{"href":"https:\/\/www.europesays.com\/de\/wp-json\/wp\/v2\/types\/post"}],"author":[{"embeddable":true,"href":"https:\/\/www.europesays.com\/de\/wp-json\/wp\/v2\/users\/2"}],"replies":[{"embeddable":true,"href":"https:\/\/www.europesays.com\/de\/wp-json\/wp\/v2\/comments?post=1269870"}],"version-history":[{"count":0,"href":"https:\/\/www.europesays.com\/de\/wp-json\/wp\/v2\/posts\/1269870\/revisions"}],"wp:featuredmedia":[{"embeddable":true,"href":"https:\/\/www.europesays.com\/de\/wp-json\/wp\/v2\/media\/1269871"}],"wp:attachment":[{"href":"https:\/\/www.europesays.com\/de\/wp-json\/wp\/v2\/media?parent=1269870"}],"wp:term":[{"taxonomy":"category","embeddable":true,"href":"https:\/\/www.europesays.com\/de\/wp-json\/wp\/v2\/categories?post=1269870"},{"taxonomy":"post_tag","embeddable":true,"href":"https:\/\/www.europesays.com\/de\/wp-json\/wp\/v2\/tags?post=1269870"}],"curies":[{"name":"wp","href":"https:\/\/api.w.org\/{rel}","templated":true}]}}