{"id":1269901,"date":"2026-08-30T14:53:17","date_gmt":"2026-08-30T14:53:17","guid":{"rendered":"https:\/\/www.europesays.com\/de\/1269901\/"},"modified":"2026-08-30T14:53:17","modified_gmt":"2026-08-30T14:53:17","slug":"zweijaehriges-maedchen-malt-werke-deren-wert-ein-kurator-auf-vierstellige-hoehe-schaetzte","status":"publish","type":"post","link":"https:\/\/www.europesays.com\/de\/1269901\/","title":{"rendered":"Zweij\u00e4hriges M\u00e4dchen malt Werke, deren Wert ein Kurator auf vierstellige H\u00f6he sch\u00e4tzte"},"content":{"rendered":"<p class=\"mb-6 text-xs-varying md:text-m lg:text-l font-serif group-[.font-sans]:font-sans \">\n    Mit einem Jahr malte ihre Tochter wie jedes Kind mit Fingerfarben und Wasserfarben auf einem Kindertisch. Die Kleine fragte ihre Mama Carolin H. immer wieder, ob sie malen d\u00fcrfte, wie sie der Redaktion erz\u00e4hlte. Als sie fast zwei Jahre alt war, \u00fcberlegten Mama und Oma sich, mit ihr in ein Gesch\u00e4ft f\u00fcr K\u00fcnstlerbedarf zu fahren, um ihr eine kleine Leinwand zu kaufen. Die Familie wohnt in der S\u00fcdpfalz, die Eltern kommen aber aus Baden-Baden.\n  <\/p>\n<p class=\"mb-6 text-xs-varying md:text-m lg:text-l font-serif group-[.font-sans]:font-sans \">\n    Doch die Kleine wollte keine kleine Leinwand. Sie bestand auf eine Leinwand, die gr\u00f6\u00dfer war als sie selbst. So erz\u00e4hlte es die Mama Carolin H. der ka-news-Redaktion. Also fuhren Oma, Mama und Enkelin mit drei 80&#215;100-Zentimeter-Leinw\u00e4nden nach Hause. Ihre Mama habe sich damals schon gefragt, ob die Kleine \u00fcberhaupt bis ans Ende der Leinwand kommt. Im Alter von zwei Jahren sind Kinder in der Regel nicht gr\u00f6\u00dfer als 90 Zentimeter. Doch der Wunsch der fast Zweij\u00e4hrigen wurde erh\u00f6rt. Im Februar begann sie dann mit ihrem ersten Werk.\n  <\/p>\n<p>            Sie wei\u00df genau, welche Farben sie kombinieren m\u00f6chte<\/p>\n<p class=\"mb-6 text-xs-varying md:text-m lg:text-l font-serif group-[.font-sans]:font-sans \">\n    \u201eBeim ersten Werk hat sie sich beigebracht, wie sie Farben einsetzt\u201c, sagt Carolin H. Die Mama erz\u00e4hlt, die kleine habe ganz genau gewusst, welche Farbt\u00f6ne und welche Mengen sie aus den Acryltuben haben wolle. \u201eSie hat so oft gefragt, ob sie malen darf, dass wir ihr dann ein Atelier bei den Gro\u00dfeltern eingerichtet haben\u201c, erz\u00e4hlt die Mama.\n  <\/p>\n<p>    <img decoding=\"async\" src=\"https:\/\/images.mgpd.de\/img\/115103791\/crop\/c16_9-w100\/1958407368\/1940547953\/marlena-an-werk-11.jpg\" alt=\"Das zweij\u00e4hrige M\u00e4dchen aus der S\u00fcdpfalz erstaunt mit hochformatigen Acrylgem\u00e4lden.\" title=\"Das zweij\u00e4hrige M\u00e4dchen aus der S\u00fcdpfalz erstaunt mit hochformatigen Acrylgem\u00e4lden.\" loading=\"lazy\" class=\"h-full w-full object-cover\"\/><\/p>\n<p>      Icon vergr\u00f6\u00dfern<\/p>\n<p>    Das zweij\u00e4hrige M\u00e4dchen aus der S\u00fcdpfalz erstaunt mit hochformatigen Acrylgem\u00e4lden.<br \/>\n    Foto: Carolin H.<\/p>\n<p>        Schlie\u00dfen <\/p>\n<p>      Icon Schlie\u00dfen<\/p>\n<p>        Icon vergr\u00f6\u00dfern<\/p>\n<p>        Icon verkleinern<\/p>\n<p>      Icon Pfeil bewegen<\/p>\n<p>    Das zweij\u00e4hrige M\u00e4dchen aus der S\u00fcdpfalz erstaunt mit hochformatigen Acrylgem\u00e4lden.<br \/>\n    Foto: Carolin H.<\/p>\n<p class=\"mb-6 text-xs-varying md:text-m lg:text-l font-serif group-[.font-sans]:font-sans \">\n    Seit ihrem ersten Werk im Februar habe ihr Tochter 13 hochformatige Bilder fertiggestellt &#8211; mehr als ein Gem\u00e4lde pro Monat. Sie nutzt neben B\u00fcrsten, Schw\u00e4mmen und Pinseln gerne auch mal ein Spielzeugauto zum malen. Die Mama benennt die Gem\u00e4lde im Anschluss und fotografiert sie f\u00fcr ihre Website und f\u00fcr den eigens f\u00fcr ihre Tochter angelegten Instagram-Account. Vom 23. bis 25. Oktober stellt das zweij\u00e4hrige M\u00e4dchen die Gem\u00e4lde auf der Ausstellung in Burg Stettenfels\u00a0aus.\n  <\/p>\n<p>            Kein \u201eKrikelkrakel\u201c, sondern Kunst<\/p>\n<p class=\"mb-6 text-xs-varying md:text-m lg:text-l font-serif group-[.font-sans]:font-sans \">\n    Kunst von Zweij\u00e4hrigen werde laut Carolin H. schnell als \u201eKrikelkrakel\u201c abgetan. Deswegen habe sie dem Kurator bei der Vorf\u00fchrung der Werke erst einmal nicht erz\u00e4hlt, dass ihre Tochter so jung sei. \u201eDer Kurator sch\u00e4tzte die Summe der Werte auf einen vierstelligen Betrag\u201c, erinnert sich die Mama. Als sie ihm sagte, die K\u00fcnstlerin sei erst zwei Jahre alt, habe er sie ungl\u00e4ubig angeschaut.\n  <\/p>\n<p class=\"mb-6 text-xs-varying md:text-m lg:text-l font-serif group-[.font-sans]:font-sans \">\n    Auch auf Instagram, wo die Mutter den Entstehungsprozess der Werke dokumentiert, habe es Kaufinteressenten gegeben, die Betr\u00e4ge in \u00e4hnlicher Summe h\u00e4tten zahlen wollen. Sie w\u00fcrde das Gesicht ihrer Tochter und den Wohnort streng geheim halten, so die Mutter. Tats\u00e4chlich ist die Frontalansicht der Kleinen nicht zu sehen, lediglich das Profil. Sie nutze Instagram auch, damit ihr die Menschen glauben, dass die Werke nicht von ihr selbst seien.\n  <\/p>\n<p>            \u201eEinen Fu\u00df in der T\u00fcr haben\u201c<\/p>\n<p class=\"mb-6 text-xs-varying md:text-m lg:text-l font-serif group-[.font-sans]:font-sans \">\n    Doch die Pr\u00e4senz in den sozialen Medien sei wichtig, \u201eum in der Kunstwelt einen Fu\u00df in der T\u00fcr zu haben.\u201c Nach der Ausstellung sollen aber nicht alle 13 Werke verkauft werden &#8211; Lieblingsbilder und das Erstbild will die Mama behalten. Das k\u00fcnstlerische Geschick scheint in der Familie zu liegen. \u201eIch gewann als Kind in der Grundschule den europ\u00e4ischen Kunstwettbewerb und in dem Haus meiner Eltern h\u00e4ngen Aquarellgem\u00e4lde meiner Mutter\u201c, sagt Carolin H.\n  <\/p>\n","protected":false},"excerpt":{"rendered":"Mit einem Jahr malte ihre Tochter wie jedes Kind mit Fingerfarben und Wasserfarben auf einem Kindertisch. Die Kleine&hellip;\n","protected":false},"author":2,"featured_media":1269902,"comment_status":"","ping_status":"","sticky":false,"template":"","format":"standard","meta":{"footnotes":"","_share_on_mastodon":"0"},"categories":[1775],"tags":[1793,16418,262296,29,214,30,152,165733,1794,34781,215],"class_list":["post-1269901","post","type-post","status-publish","format-standard","has-post-thumbnail","category-kunst-und-design","tag-art-and-design","tag-baden-baden","tag-carolin-h","tag-deutschland","tag-entertainment","tag-germany","tag-instagram","tag-kindertisch","tag-kunst-und-design","tag-suedpfalz","tag-unterhaltung"],"share_on_mastodon":{"url":"https:\/\/pubeurope.com\/@de\/117185034615154573","error":""},"_links":{"self":[{"href":"https:\/\/www.europesays.com\/de\/wp-json\/wp\/v2\/posts\/1269901","targetHints":{"allow":["GET"]}}],"collection":[{"href":"https:\/\/www.europesays.com\/de\/wp-json\/wp\/v2\/posts"}],"about":[{"href":"https:\/\/www.europesays.com\/de\/wp-json\/wp\/v2\/types\/post"}],"author":[{"embeddable":true,"href":"https:\/\/www.europesays.com\/de\/wp-json\/wp\/v2\/users\/2"}],"replies":[{"embeddable":true,"href":"https:\/\/www.europesays.com\/de\/wp-json\/wp\/v2\/comments?post=1269901"}],"version-history":[{"count":0,"href":"https:\/\/www.europesays.com\/de\/wp-json\/wp\/v2\/posts\/1269901\/revisions"}],"wp:featuredmedia":[{"embeddable":true,"href":"https:\/\/www.europesays.com\/de\/wp-json\/wp\/v2\/media\/1269902"}],"wp:attachment":[{"href":"https:\/\/www.europesays.com\/de\/wp-json\/wp\/v2\/media?parent=1269901"}],"wp:term":[{"taxonomy":"category","embeddable":true,"href":"https:\/\/www.europesays.com\/de\/wp-json\/wp\/v2\/categories?post=1269901"},{"taxonomy":"post_tag","embeddable":true,"href":"https:\/\/www.europesays.com\/de\/wp-json\/wp\/v2\/tags?post=1269901"}],"curies":[{"name":"wp","href":"https:\/\/api.w.org\/{rel}","templated":true}]}}