{"id":1269912,"date":"2026-08-30T15:00:18","date_gmt":"2026-08-30T15:00:18","guid":{"rendered":"https:\/\/www.europesays.com\/de\/1269912\/"},"modified":"2026-08-30T15:00:18","modified_gmt":"2026-08-30T15:00:18","slug":"knochenstueck-abgebrochen-ralf-schumacher-muss-nach-jetski-star-wm-operiert-werden","status":"publish","type":"post","link":"https:\/\/www.europesays.com\/de\/1269912\/","title":{"rendered":"Knochenst\u00fcck abgebrochen: Ralf Schumacher muss nach &#8222;Jetski Star WM&#8220; operiert werden"},"content":{"rendered":"<p>Knochenst\u00fcck abgebrochenRalf Schumacher muss nach &#8222;Jetski Star WM&#8220; operiert werden<\/p>\n<p>30.08.2026, 15:41 Uhr <\/p>\n<p>Artikel anh\u00f6ren(04:31 min)<\/p>\n<p class=\"Typography_text-m__XI0da Typography_weight-bold__uT6mq storyline_lead_text_leadtext__q_wg8\">Bei der &#8222;Jetski Star WM&#8220; bildet Ralf Schumacher ein Team mit Stefan Raab. Bei einer wilden Fahrt st\u00fcrzt er vom Fahrzeug. Zuerst ist die Rede von einer ausgekugelten Schulter. Beim R\u00f6ntgen zeigt sich jetzt das eigentliche Ausma\u00df der Verletzung. <\/p>\n<p class=\"Typography_text-default__P3otY Typography_weight-normal__pqUbH storyline_paragraph_p__qSR5N\">Ralf Schumacher muss sich nach seinem Sturz bei der RTL-Show &#8222;Jetski Star WM&#8220; einer Operation unterziehen. Das teilte der 51-J\u00e4hrige am Sonntag selbst bei Instagram mit. Neben der zun\u00e4chst diagnostizierten Schulterluxation habe sich bei ihm ein abgebrochenes Knochenst\u00fcck gezeigt.<\/p>\n<p class=\"Typography_text-default__P3otY Typography_weight-normal__pqUbH storyline_paragraph_p__qSR5N\">Unmittelbar nach dem Unfall am Samstagabend hatte es noch nach einer glimpflichen Sache ausgesehen. Die Schulter des fr\u00fcheren Formel-1-Piloten wurde vor Ort wieder eingerenkt, anschlie\u00dfend fuhr er zur Kontrolle ins BG Klinikum Duisburg. Dort wurde er nach eigenen Angaben zun\u00e4chst ger\u00f6ntgt, am n\u00e4chsten Morgen folgte ein MRT. Erst diese Untersuchungen brachten die zweite Verletzung ans Licht. &#8222;War zwar nur eine Schulterluxation oder ausgerenkte Schulter, aber leider ist ein St\u00fcck Knochen mit abgebrochen&#8220;, sagt Schumacher in einer Videobotschaft. Deshalb stehe nun &#8222;eine kleine OP&#8220; an.<\/p>\n<p class=\"Typography_text-default__P3otY Typography_weight-normal__pqUbH storyline_paragraph_p__qSR5N\">&#8222;Ich bin gerade auf dem Weg nach \u00d6sterreich, dort werde ich am Montag an der rechten Schulter operiert&#8220;, sagte er der &#8222;Bild&#8220;-Zeitung. Die Schulter schmerze die ganze Zeit, aber nach der Operation sollte es besser gehen. Nach der OP wolle er eine Nacht im Krankenhaus bleiben und am Donnerstag nach Monza reisen. Der Arzt rechnet laut Schumacher damit, dass die Verletzung nach f\u00fcnf bis sechs Monaten wieder vollst\u00e4ndig verheilt ist.<\/p>\n<p class=\"Typography_text-default__P3otY Typography_weight-normal__pqUbH storyline_paragraph_p__qSR5N\">Seinen n\u00e4chsten Arbeitseinsatz stellt der Sky-Experte somit nicht infrage. &#8222;Dann sollte ich dann auch in Monza wieder vor Ort sein&#8220;, sagte er in seinem Video mit Blick auf das anstehende Formel-1-Wochenende in Italien. &#8222;Muss ja mein Mikro nur mit links halten.&#8220; Auch der Sender selbst best\u00e4tigte auf Instagram, dass sein Experte trotz des Eingriffs in Monza am Mikrofon stehen soll.<\/p>\n<p>Schumacher: &#8222;Zu alt f\u00fcr den Mist&#8220;<\/p>\n<p class=\"Typography_text-default__P3otY Typography_weight-normal__pqUbH storyline_paragraph_p__qSR5N\">Ausdr\u00fccklich bedankte sich Schumacher bei denjenigen, die nach dem Sturz eingegriffen hatten. &#8222;Vielen lieben Dank an das Team vor Ort, die mir die Schulter wieder eingerenkt haben und die mich aus dem Wasser gezogen haben&#8220;, sagte er. Das sei sehr schnell gegangen. Auch die \u00c4rzte der Duisburger Klinik hob er hervor.<\/p>\n<p class=\"Typography_text-default__P3otY Typography_weight-normal__pqUbH storyline_paragraph_p__qSR5N\">Beim Versuch, den Jetski im Wasser wieder umzudrehen, hatte Schumacher bereits Schmerzen gesp\u00fcrt. Als er sich anschlie\u00dfend zur\u00fcck auf das Fahrzeug ziehen wollte, wurde die Schulter ausgekugelt. Den Humor verlor der Ex-Rennfahrer dabei nicht. &#8222;Das muss man erstmal schaffen&#8220;, sagte er im Clip. Vielleicht sei er inzwischen &#8222;einfach zu alt f\u00fcr den Mist&#8220;.<\/p>\n<p class=\"Typography_text-default__P3otY Typography_weight-normal__pqUbH storyline_paragraph_p__qSR5N\">Schumacher war am Samstagabend gemeinsam mit Stefan Raab in der Team Challenge angetreten, beide sa\u00dfen auf einem Jetski. Nach einem Sturz ins Wasser schaffte es Schumacher nicht zur\u00fcck auf das Fahrzeug. Raab bemerkte, dass etwas nicht stimmte, und rief Helfer herbei.<\/p>\n<p>Ex-Rennfahrer w\u00fcrde wieder mitmachen<\/p>\n<p class=\"Typography_text-default__P3otY Typography_weight-normal__pqUbH storyline_paragraph_p__qSR5N\">Noch w\u00e4hrend der Sendung sprach Raab \u00fcber seinen Teampartner: &#8222;Er ist jetzt gerade im Krankenhaus, aber es ist hoffentlich nichts Schlimmeres.&#8220; Schumacher selbst meldete sich kurz nach dem Unfall bei Moderatorin Laura Wontorra. &#8222;Der Arzt hat wieder alles eingerenkt&#8220;, erkl\u00e4rte er und r\u00e4umte ein: &#8222;Das tut echt weh.&#8220;<\/p>\n<p class=\"Typography_text-default__P3otY Typography_weight-normal__pqUbH storyline_paragraph_p__qSR5N\">Trotz des Ausgangs zieht der 51-J\u00e4hrige ein positives Fazit. Die &#8222;mega&#8220; Veranstaltung habe ihm viel Spa\u00df gemacht. Dass er den Teamwettbewerb mit Raab nicht zu Ende bringen konnte, \u00e4rgert ihn nach eigenen Worten: &#8222;Sorry, dass wir den Teamwettbewerb nicht so gewinnen konnten, aber beim n\u00e4chsten Mal sind wir bestimmt besser.&#8220; Bei einer weiteren Ausgabe der Show w\u00e4re er nach eigener Aussage wieder dabei.<\/p>\n<p class=\"Typography_text-s__wu_cm Typography_weight-normal__pqUbH Typography_color-darkgrey__sZEnP article-detail-footer_source__KslPc\">Quelle: ntv.de, raf\/spot<\/p>\n","protected":false},"excerpt":{"rendered":"Knochenst\u00fcck abgebrochenRalf Schumacher muss nach &#8222;Jetski Star WM&#8220; operiert werden 30.08.2026, 15:41 Uhr Artikel anh\u00f6ren(04:31 min) Bei der&hellip;\n","protected":false},"author":2,"featured_media":1269913,"comment_status":"","ping_status":"","sticky":false,"template":"","format":"standard","meta":{"footnotes":"","_share_on_mastodon":"0"},"categories":[155],"tags":[29,214,30,89079,640,4222,13527,215],"class_list":["post-1269912","post","type-post","status-publish","format-standard","has-post-thumbnail","category-unterhaltung","tag-deutschland","tag-entertainment","tag-germany","tag-ralf-schumacher","tag-rtl","tag-sky","tag-stefan-raab","tag-unterhaltung"],"share_on_mastodon":{"url":"https:\/\/pubeurope.com\/@de\/117185061269879426","error":""},"_links":{"self":[{"href":"https:\/\/www.europesays.com\/de\/wp-json\/wp\/v2\/posts\/1269912","targetHints":{"allow":["GET"]}}],"collection":[{"href":"https:\/\/www.europesays.com\/de\/wp-json\/wp\/v2\/posts"}],"about":[{"href":"https:\/\/www.europesays.com\/de\/wp-json\/wp\/v2\/types\/post"}],"author":[{"embeddable":true,"href":"https:\/\/www.europesays.com\/de\/wp-json\/wp\/v2\/users\/2"}],"replies":[{"embeddable":true,"href":"https:\/\/www.europesays.com\/de\/wp-json\/wp\/v2\/comments?post=1269912"}],"version-history":[{"count":0,"href":"https:\/\/www.europesays.com\/de\/wp-json\/wp\/v2\/posts\/1269912\/revisions"}],"wp:featuredmedia":[{"embeddable":true,"href":"https:\/\/www.europesays.com\/de\/wp-json\/wp\/v2\/media\/1269913"}],"wp:attachment":[{"href":"https:\/\/www.europesays.com\/de\/wp-json\/wp\/v2\/media?parent=1269912"}],"wp:term":[{"taxonomy":"category","embeddable":true,"href":"https:\/\/www.europesays.com\/de\/wp-json\/wp\/v2\/categories?post=1269912"},{"taxonomy":"post_tag","embeddable":true,"href":"https:\/\/www.europesays.com\/de\/wp-json\/wp\/v2\/tags?post=1269912"}],"curies":[{"name":"wp","href":"https:\/\/api.w.org\/{rel}","templated":true}]}}