{"id":1269941,"date":"2026-08-30T15:16:16","date_gmt":"2026-08-30T15:16:16","guid":{"rendered":"https:\/\/www.europesays.com\/de\/1269941\/"},"modified":"2026-08-30T15:16:16","modified_gmt":"2026-08-30T15:16:16","slug":"hafenfest-schlumpf-show-bei-der-spassregatta-ludwigshafen","status":"publish","type":"post","link":"https:\/\/www.europesays.com\/de\/1269941\/","title":{"rendered":"Hafenfest: Schlumpf-Show bei der Spa\u00dfregatta &#8211; Ludwigshafen"},"content":{"rendered":"<p class=\"rhp-dpa-teaser\"><b>Mit der Spa\u00dfregatta endet ein dreit\u00e4giges Hafenfest auf der Parkinsel. Trotz niedrigen Pegels liefen alle Bootsrennen, auch Feuerwehr und Politik waren auf dem Wasser dabei.<\/b><\/p>\n<p>Ortsvorsteher <a class=\"rtr-entity\" data-rtr-entity=\"Christoph Heller\" data-rtr-id=\"ca898bab42af903d0be8a42a6baa1dfb33d08154\" data-rtr-score=\"44.79429954288787\" data-rtr-etype=\"person\" data-rtr-index=\"1\" href=\"https:\/\/www.rheinpfalz.de\/themen\/christoph-heller\" rel=\"nofollow noopener\" target=\"_blank\">Christoph Heller<\/a>, wie immer au\u00dfer Konkurrenz, begr\u00fc\u00dfte mit Feuerwehrleiter Stefan Bruck einen ganz besonderen Gast auf seinem Boot. Gemeinsam entf\u00fchrten sie nach Schlumpfhausen mit dem Feuerwehrchef als Papa Schlumpf und Heller als Gargamel. F\u00fcr Bruck zugleich eine Premiere, wie auch letzte Gelegenheit im Amt.<\/p>\n<p class=\"rhp-teaser\"><b>Mit der Spa\u00dfregatta endet ein dreit\u00e4giges Hafenfest auf der Parkinsel. Trotz niedrigen Pegels liefen alle Bootsrennen, auch Feuerwehr und Politik waren auf dem Wasser dabei.<\/b><\/p>\n","protected":false},"excerpt":{"rendered":"Mit der Spa\u00dfregatta endet ein dreit\u00e4giges Hafenfest auf der Parkinsel. Trotz niedrigen Pegels liefen alle Bootsrennen, auch Feuerwehr&hellip;\n","protected":false},"author":2,"featured_media":1269942,"comment_status":"","ping_status":"","sticky":false,"template":"","format":"standard","meta":{"footnotes":"","_share_on_mastodon":"0"},"categories":[1845],"tags":[1634,262309,73570,3364,29,548,663,3934,985,30,50401,13,25476,2096,14,15,12,97448,262308,111899],"class_list":["post-1269941","post","type-post","status-publish","format-standard","has-post-thumbnail","category-mannheim","tag-baden-wuerttemberg","tag-bettina-heller","tag-christoph-heller","tag-de","tag-deutschland","tag-eu","tag-europa","tag-europe","tag-feuerwehr","tag-germany","tag-hafenfest","tag-headlines","tag-ludwigshafen","tag-mannheim","tag-nachrichten","tag-news","tag-schlagzeilen","tag-spassregatta","tag-stefan-bruck","tag-web"],"share_on_mastodon":{"url":"https:\/\/pubeurope.com\/@de\/117185123863393404","error":""},"_links":{"self":[{"href":"https:\/\/www.europesays.com\/de\/wp-json\/wp\/v2\/posts\/1269941","targetHints":{"allow":["GET"]}}],"collection":[{"href":"https:\/\/www.europesays.com\/de\/wp-json\/wp\/v2\/posts"}],"about":[{"href":"https:\/\/www.europesays.com\/de\/wp-json\/wp\/v2\/types\/post"}],"author":[{"embeddable":true,"href":"https:\/\/www.europesays.com\/de\/wp-json\/wp\/v2\/users\/2"}],"replies":[{"embeddable":true,"href":"https:\/\/www.europesays.com\/de\/wp-json\/wp\/v2\/comments?post=1269941"}],"version-history":[{"count":0,"href":"https:\/\/www.europesays.com\/de\/wp-json\/wp\/v2\/posts\/1269941\/revisions"}],"wp:featuredmedia":[{"embeddable":true,"href":"https:\/\/www.europesays.com\/de\/wp-json\/wp\/v2\/media\/1269942"}],"wp:attachment":[{"href":"https:\/\/www.europesays.com\/de\/wp-json\/wp\/v2\/media?parent=1269941"}],"wp:term":[{"taxonomy":"category","embeddable":true,"href":"https:\/\/www.europesays.com\/de\/wp-json\/wp\/v2\/categories?post=1269941"},{"taxonomy":"post_tag","embeddable":true,"href":"https:\/\/www.europesays.com\/de\/wp-json\/wp\/v2\/tags?post=1269941"}],"curies":[{"name":"wp","href":"https:\/\/api.w.org\/{rel}","templated":true}]}}