{"id":1269954,"date":"2026-08-30T15:23:23","date_gmt":"2026-08-30T15:23:23","guid":{"rendered":"https:\/\/www.europesays.com\/de\/1269954\/"},"modified":"2026-08-30T15:23:23","modified_gmt":"2026-08-30T15:23:23","slug":"suche-nach-der-form-die-eine-aussage-hat","status":"publish","type":"post","link":"https:\/\/www.europesays.com\/de\/1269954\/","title":{"rendered":"Suche nach der Form, die eine Aussage hat"},"content":{"rendered":"<p class=\"text_ohne_einzug richtext text-em-55 !leading-serif mx-6 desktop:mx-0\">Als Kind hat er sich gern mit dem Material besch\u00e4ftigt, das er auf Baustellen vorfand. Und er war \u00f6fters auf Baustellen, schlie\u00dflich waren die Eltern Architekten. Er bastelte, erprobte sich handwerklich. Heute arbeitet der Erwachsene viel mit Doppelstegplatten, seinem aktuellen Lieblingsmaterial, mit dem er so sch\u00f6n gro\u00df arbeiten kann. Die f\u00fcr Dachabdeckungen verwendeten Fl\u00e4chen hatte er vor zwei Jahren in einer Lagerhalle entdeckt, bekam eine Lastwagenfuhre des giftigen, teilweise zerst\u00f6rten Industrieabfalls geschenkt, um daraus Skulpturen zu entwickeln. Die Besch\u00e4ftigung mit der Cyanotypie dagegen ruht diesen Sommer. Ein Nebeneinander lehnt Felix Baltzer ab, konzentriert sich lieber auf eine Sache. Das Kunstwerk, das er f\u00fcr den Bergischen Zukunftspreis ausgesucht hat, entstand 2019, geh\u00f6rt zur Serie Genua, eine Auseinandersetzung mit Ort, Licht, kirchlichem Brauchtum und einer alten Technik, die er nicht einfach \u00fcbernommen, sondern auf seine Bed\u00fcrfnisse zugeschnitten hat. So wie er es immer tut in der intensiven Auseinandersetzung mit Form und Material.<\/p>\n","protected":false},"excerpt":{"rendered":"Als Kind hat er sich gern mit dem Material besch\u00e4ftigt, das er auf Baustellen vorfand. Und er war&hellip;\n","protected":false},"author":2,"featured_media":1269955,"comment_status":"","ping_status":"","sticky":false,"template":"","format":"standard","meta":{"footnotes":"","_share_on_mastodon":"0"},"categories":[1840],"tags":[2251,2028,203397,17655,16314,3364,29,24259,17761,262311,30,2075,28974,3910,54653,14117,57813,262310,19109,42196,1209,10421,4418],"class_list":["post-1269954","post","type-post","status-publish","format-standard","has-post-thumbnail","category-wuppertal","tag-architekten","tag-auseinandersetzung","tag-baltzer","tag-baustellen","tag-bergischen","tag-de","tag-deutschland","tag-felix","tag-form","tag-formschichten","tag-germany","tag-kunst","tag-kunstakademie","tag-kuenstler","tag-kuenstlerisch","tag-kunstwerk","tag-kunstwerks","tag-lieblingsmaterial","tag-material","tag-materialien","tag-nordrhein-westfalen","tag-werk","tag-wuppertal"],"share_on_mastodon":{"url":"https:\/\/pubeurope.com\/@de\/117185151263065071","error":""},"_links":{"self":[{"href":"https:\/\/www.europesays.com\/de\/wp-json\/wp\/v2\/posts\/1269954","targetHints":{"allow":["GET"]}}],"collection":[{"href":"https:\/\/www.europesays.com\/de\/wp-json\/wp\/v2\/posts"}],"about":[{"href":"https:\/\/www.europesays.com\/de\/wp-json\/wp\/v2\/types\/post"}],"author":[{"embeddable":true,"href":"https:\/\/www.europesays.com\/de\/wp-json\/wp\/v2\/users\/2"}],"replies":[{"embeddable":true,"href":"https:\/\/www.europesays.com\/de\/wp-json\/wp\/v2\/comments?post=1269954"}],"version-history":[{"count":0,"href":"https:\/\/www.europesays.com\/de\/wp-json\/wp\/v2\/posts\/1269954\/revisions"}],"wp:featuredmedia":[{"embeddable":true,"href":"https:\/\/www.europesays.com\/de\/wp-json\/wp\/v2\/media\/1269955"}],"wp:attachment":[{"href":"https:\/\/www.europesays.com\/de\/wp-json\/wp\/v2\/media?parent=1269954"}],"wp:term":[{"taxonomy":"category","embeddable":true,"href":"https:\/\/www.europesays.com\/de\/wp-json\/wp\/v2\/categories?post=1269954"},{"taxonomy":"post_tag","embeddable":true,"href":"https:\/\/www.europesays.com\/de\/wp-json\/wp\/v2\/tags?post=1269954"}],"curies":[{"name":"wp","href":"https:\/\/api.w.org\/{rel}","templated":true}]}}