{"id":1269997,"date":"2026-08-30T15:52:26","date_gmt":"2026-08-30T15:52:26","guid":{"rendered":"https:\/\/www.europesays.com\/de\/1269997\/"},"modified":"2026-08-30T15:52:26","modified_gmt":"2026-08-30T15:52:26","slug":"erich-kaestner-preis-des-presseclubs-dresden-fuer-schauspieler-samuel-koch","status":"publish","type":"post","link":"https:\/\/www.europesays.com\/de\/1269997\/","title":{"rendered":"Erich-K\u00e4stner-Preis des Presseclubs Dresden f\u00fcr Schauspieler Samuel Koch"},"content":{"rendered":"<p>        <img decoding=\"async\" src=\"https:\/\/www.europesays.com\/de\/wp-content\/uploads\/2026\/08\/samuel-koch-198.webp\" alt=\"Der Schauspieler Samuel Koch\" title=\"Der Schauspieler Samuel Koch | picture alliance\/dpa | Michael Kappeler\" class=\"responsive\"\/><\/p>\n<p>AUDIO: Dresdner Presseclub verleiht Erich-K\u00e4stner-Preis (1 Min)<\/p>\n<p class=\"topline\">Dresden<\/p>\n<p>\n                Stand: 30.08.2026 17:35 Uhr<\/p>\n<p class=\"textauthor\">von MDR SACHSEN<\/p>\n<p>        <img decoding=\"async\" src=\"https:\/\/www.europesays.com\/de\/wp-content\/uploads\/2026\/08\/1787969123_972_google-handy-100.webp\" alt=\"Ein Handy liegt auf einer Laptoptastatur. Das Display zeigt das Google Logo\" title=\"Ein Handy liegt auf einer Laptoptastatur. Das Display zeigt das Google Logo |  IMAGO \/ SOPA Images\" class=\"responsive\" loading=\"lazy\"\/><\/p>\n<p>Nachrichten personalisieren<\/p>\n<p class=\"\">Der Dresdner Presseclub hat den Schauspieler Samuel Koch mit dem Erich-K\u00e4stner-Preis geehrt. Wie der Verein am Sonntag mitteilte, wurde damit Kochs Engagement f\u00fcr ein respektvolles Miteinander von Menschen mit und ohne Handicap gew\u00fcrdigt. Der 38-J\u00e4hrige inspiriere mit seinem Mut Menschen in schwierigen Lebenslagen. Mit seinem Einsatz f\u00fcr Barrierefreiheit und seinem Einstehen f\u00fcr Menschlichkeit und Toleranz verk\u00f6rpert Koch laut Presseclub genau die Werte, die man mit dem K\u00e4stner-Preis w\u00fcrdige.<\/p>\n<blockquote><p>\n        Wir brauchen Menschen wie Samuel Koch, die f\u00fcr Teilhabe, Mut und gelebte Inklusion stehen.<\/p>\n<p>                Tobias Wolf | Co-Vorsitzender des Dresdner Presseclubs<\/p>\n<\/blockquote>\n<p>    Koch: Helfen ist multipiliziertes Gl\u00fcck<\/p>\n<p class=\"\">Der ehemalige Kunstturner Koch ist seit einem Unfall in der ZDF-Show &#8222;Wetten, dass ..?&#8220; 2010 querschnittsgel\u00e4hmt. Trotz dieses Handicaps beendete er 2014 sein Schauspielstudium mit Diplomabschluss und \u00fcbt den Beruf erfolgreich aus. Bei der Preis\u00fcbergabe am Sonntag auf Schloss Albrechtsberg in Dresden rief Koch die Menschen dazu auf, einander mehr zu helfen. Das sei &#8222;multipliziertes Gl\u00fcck&#8220;. Dass sein soziales Engagement mit dieser Auszeichnung gew\u00fcrdigt werde, sei f\u00fcr ihn eine freudige \u00dcberraschung.<\/p>\n<blockquote><p>\n        Ich kann, glaube ich, privilegierterweise, aber auch traurigerweise sagen, dass ich mit \u00fcberdurchschnittlich vielen, sehr stark leidtragenden Menschen Kontakt hatte. Und dass die Arbeit mit den Menschen gesehen und hier wertgesch\u00e4tzt wird, das bedeutet mir schon was.<\/p>\n<p>                Samuel Koch | Schauspieler und Erich-K\u00e4stner-Preistr\u00e4ger 2026<\/p>\n<\/blockquote>\n<p>                    <a href=\"https:\/\/www.europesays.com\/de\/wp-content\/uploads\/2026\/08\/samuel-koch-196.webp\" class=\"zoomimage\" title=\"Bild vergr\u00f6\u00dfern\"><\/p>\n<p>        <img decoding=\"async\" src=\"https:\/\/www.europesays.com\/de\/wp-content\/uploads\/2026\/08\/samuel-koch-196.webp\" alt=\"Der Schauspieler Samuel Koch steht mit seinem Rollstuhl auf einer Theaterb\u00fchne\" title=\"Seine Querschnittel\u00e4hmung hielt Samuel Koch nicht davon ab, ein erfolgreicher Schauspieler zu werden. | picture alliance\/dpa | Uwe Anspach\" class=\"responsive\" loading=\"lazy\"\/><\/p>\n<p>                    <\/a><\/p>\n<p>                    Seine Querschnittel\u00e4hmung hielt Samuel Koch nicht davon ab, ein erfolgreicher Schauspieler zu werden.<\/p>\n<p>    Preisgeld f\u00fcr einen guten Zweck<\/p>\n<p class=\"\">Der Presseclub Dresden ehrt seit 1994 mit dem Erich-K\u00e4stner-Preis Pers\u00f6nlichkeiten, die sich um den Gedanken der Toleranz, der Humanit\u00e4t und der V\u00f6lkerverst\u00e4ndigung verdient gemacht haben. Zu den Preistr\u00e4gern z\u00e4hlen der fr\u00fchere Bundespr\u00e4sident Joachim Gauck, Kabarettist Dieter Hildebrandt, die Organisation &#8222;\u00c4rzte ohne Grenzen&#8220; und der Initiator des Projektes &#8222;Stolpersteine&#8220;, Gunter Demnig.<\/p>\n<p>                    <a href=\"https:\/\/www.europesays.com\/de\/wp-content\/uploads\/2026\/08\/dieter-hildebrandt-138.webp\" class=\"zoomimage\" title=\"Bild vergr\u00f6\u00dfern\"><\/p>\n<p>        <img decoding=\"async\" src=\"https:\/\/www.europesays.com\/de\/wp-content\/uploads\/2026\/08\/dieter-hildebrandt-138.webp\" alt=\"Der Kabarettist Dieter Hildebrandt h\u00e4lt 2013 den gerade an ihn verliehenen Erich-K\u00e4stner-Preis in seiner Hand.\" title=\"Der Kabarettist Dieter Hildebrandt erhielt 2013 der Erich-K\u00e4stner-Preis, wenige Monate vor seinem Tod. | IMAGO \/ Andreas Weihs\" class=\"responsive\" loading=\"lazy\"\/><\/p>\n<p>                    <\/a><\/p>\n<p>                    Der Kabarettist Dieter Hildebrandt erhielt 2013 der Erich-K\u00e4stner-Preis, wenige Monate vor seinem Tod.<\/p>\n<p class=\"\">Die nach dem in Dresden geborenen Schriftsteller und Publizisten benannte Auszeichnung ist mit 10.000 Euro dotiert. Das Geld wird vom Preistr\u00e4ger f\u00fcr einen sozialen, kulturellen oder karitativen Zweck gespendet.<\/p>\n<p>Samuel Koch reicht jeweils die H\u00e4lfte des Preisgeldes an den inklusiven Kunst- und Kulturverein &#8222;farbwerk&#8220; und den &#8222;Samuel Koch &amp; Freunde e. V.&#8220; weiter. Mit ihm setzt sich der Schauspieler seit 2019 f\u00fcr die Barrierefreiheit in Kunst, Kultur und Freizeit ein und unterst\u00fctzt hinaus Menschen, die anderen in Notlagen zur Seite stehen.<\/p>\n<p>Mehr zum Thema<\/p>\n<p>Auszeichnung<\/p>\n<p>Wer Natalija Bock bei einer Demo, Aktion oder einfach im Gespr\u00e4ch in Dresden erlebt, fragt sich: Woher nimmt sie nur die Energie? Die Dolmetscherin hilft seit zwei Jahren unerm\u00fcdlich Menschen aus ihrer alten Heimat. <\/p>\n<p>        <img decoding=\"async\" src=\"https:\/\/www.europesays.com\/de\/wp-content\/uploads\/2026\/08\/erich-kaestner-172.webp\" alt=\"Erich K\u00e4stner, ein Mann in Anzug, mit Katze auf dem Arm\" title=\"Erich K\u00e4stner, ein Mann in Anzug, mit Katze auf dem Arm | picture alliance\/Hedwig Roslavlev\/Keystone\" class=\"responsive\" loading=\"lazy\"\/><\/p>\n<p>Gestorben am 29. Juli<\/p>\n<p>Der in Dresden geborene Erich K\u00e4stner wollte eigentlich Lehrer werden. Doch eine K\u00fcndigung ver\u00e4nderte alles \u2013 und machte ihn zu einem der beliebtesten und bekanntesten Autoren Deutschlands. Zehn \u00fcberraschende Fakten.<\/p>\n<p>        <img decoding=\"async\" src=\"https:\/\/www.europesays.com\/de\/wp-content\/uploads\/2026\/08\/erich-kaestner-170.webp\" alt=\"Undatiertes Archivbild: Schwarz-wei\u00df-Portr\u00e4t Erich K\u00e4stners vor einem B\u00fccherregal\" title=\"Undatiertes Archivbild: Schwarz-wei\u00df-Portr\u00e4t Erich K\u00e4stners vor einem B\u00fccherregal | picture alliance\/akg-images\/K\u00e1roly Forg\u00e1cs\" class=\"responsive\" loading=\"lazy\"\/><\/p>\n<p>&#8222;Von Emil und die Detektive&#8220; bis &#8222;Fabian&#8220;<\/p>\n<p>Erich K\u00e4stner begeistert bis heute mit seinen B\u00fcchern und Gedichten. Vom Roman &#8222;Fabian&#8220; bis zu Versen der &#8222;Sachlichen Romanze&#8220; stellen wir die  ber\u00fchmtesten Werke des Dresdner Autors vor, der am 29. Juli 1974 starb.<\/p>\n<p>        <img decoding=\"async\" src=\"https:\/\/www.europesays.com\/de\/wp-content\/uploads\/2026\/08\/samuel-koch-156.webp\" alt=\" Samuel Koch (v), begibt sich, gefolgt von seinem Anwalt Oliver Negele, in den Gerichtssaal am Bundessozialgericht. Vor knapp 15 Jahren erlitt Samuel Koch einen schweren Unfall bei &quot;Wetten, dass..?&quot;. Seitdem ist er querschnittsgel\u00e4hmt. Jetzt befasst sich das Bundessozialgericht mit der Frage, ob es sich dabei um einen Arbeitsunfall gehandelt hat. Eine Klage auf Feststellung eines Arbeitsunfalls blieb in den Vorinstanzen erfolglos.\" title=\" Samuel Koch (v), begibt sich, gefolgt von seinem Anwalt Oliver Negele, in den Gerichtssaal am Bundessozialgericht. Vor knapp 15 Jahren erlitt Samuel Koch einen schweren Unfall bei &quot;Wetten, dass..?&quot;. Seitdem ist er querschnittsgel\u00e4hmt. Jetzt befasst sich das Bundessozialgericht mit der Frage, ob es sich dabei um einen Arbeitsunfall gehandelt hat. Eine Klage auf Feststellung eines Arbeitsunfalls blieb in den Vorinstanzen erfolglos. | picture alliance\/dpa | Andreas Arnold\" class=\"responsive\" loading=\"lazy\"\/><\/p>\n<p>15 Jahre nach Unfall in Live-Sendung<\/p>\n<p>Im Jahr 2010 hatte sich Samuel Koch bei &#8222;Wetten, dass..?&#8220; eine Querschnittsl\u00e4hmung zugezogen. Er will den Unfall als Arbeitsunfall anerkennen lassen. Vor dem Bundessozialgericht hat Koch nun einen Teilerfolg erlangt.<\/p>\n<p class=\"\">MDR (stt)\/dpa\/epd<\/p>\n","protected":false},"excerpt":{"rendered":"AUDIO: Dresdner Presseclub verleiht Erich-K\u00e4stner-Preis (1 Min) Dresden Stand: 30.08.2026 17:35 Uhr von MDR SACHSEN Nachrichten personalisieren Der&hellip;\n","protected":false},"author":2,"featured_media":1269998,"comment_status":"","ping_status":"","sticky":false,"template":"","format":"standard","meta":{"footnotes":"","_share_on_mastodon":"0"},"categories":[1835],"tags":[2144,2062,3364,29,2386,262323,14967,262322,30,1648,20695,14,859,37497,120133,37514,7556,9839,16686],"class_list":["post-1269997","post","type-post","status-publish","format-standard","has-post-thumbnail","category-dresden","tag-barrierefreiheit","tag-behinderung","tag-de","tag-deutschland","tag-dresden","tag-dresdner-presseclub","tag-engagement","tag-erich-kaestner-preis","tag-germany","tag-inklusion","tag-menschlichkeit","tag-nachrichten","tag-sachsen","tag-samuel-koch","tag-schloss-albrechtsberg","tag-soziales-engagement","tag-teilhabe","tag-toleranz","tag-wetten-dass"],"share_on_mastodon":{"url":"https:\/\/pubeurope.com\/@de\/117185268512208994","error":""},"_links":{"self":[{"href":"https:\/\/www.europesays.com\/de\/wp-json\/wp\/v2\/posts\/1269997","targetHints":{"allow":["GET"]}}],"collection":[{"href":"https:\/\/www.europesays.com\/de\/wp-json\/wp\/v2\/posts"}],"about":[{"href":"https:\/\/www.europesays.com\/de\/wp-json\/wp\/v2\/types\/post"}],"author":[{"embeddable":true,"href":"https:\/\/www.europesays.com\/de\/wp-json\/wp\/v2\/users\/2"}],"replies":[{"embeddable":true,"href":"https:\/\/www.europesays.com\/de\/wp-json\/wp\/v2\/comments?post=1269997"}],"version-history":[{"count":0,"href":"https:\/\/www.europesays.com\/de\/wp-json\/wp\/v2\/posts\/1269997\/revisions"}],"wp:featuredmedia":[{"embeddable":true,"href":"https:\/\/www.europesays.com\/de\/wp-json\/wp\/v2\/media\/1269998"}],"wp:attachment":[{"href":"https:\/\/www.europesays.com\/de\/wp-json\/wp\/v2\/media?parent=1269997"}],"wp:term":[{"taxonomy":"category","embeddable":true,"href":"https:\/\/www.europesays.com\/de\/wp-json\/wp\/v2\/categories?post=1269997"},{"taxonomy":"post_tag","embeddable":true,"href":"https:\/\/www.europesays.com\/de\/wp-json\/wp\/v2\/tags?post=1269997"}],"curies":[{"name":"wp","href":"https:\/\/api.w.org\/{rel}","templated":true}]}}