{"id":1270012,"date":"2026-08-30T16:02:24","date_gmt":"2026-08-30T16:02:24","guid":{"rendered":"https:\/\/www.europesays.com\/de\/1270012\/"},"modified":"2026-08-30T16:02:24","modified_gmt":"2026-08-30T16:02:24","slug":"rb-leipzig-im-tv-nicht-zusehen-boss-von-bundesligist-macht-bei-fan-choreo-mit-sport","status":"publish","type":"post","link":"https:\/\/www.europesays.com\/de\/1270012\/","title":{"rendered":"RB Leipzig: Im TV nicht zusehen! Boss von Bundesligist macht bei Fan-Choreo mit | Sport"},"content":{"rendered":"<p><a class=\"skip-content skip-content--link\" href=\"#in-content-skip-link-target-v-0-0\">TTS-Player \u00fcberspringen\u21b5<\/a><a id=\"in-content-skip-link-target-v-0-0\" class=\"skip-content--target-link-hidden skip-content skip-content--target-link\" href=\"#in-content-skip-link-target-v-0-0\">Artikel weiterlesen<\/a><\/p>\n<p><b>Besser h\u00e4tte es kaum laufen k\u00f6nnen! RB Leipzig \u00fcberzeugt mit einem 3:0 gegen Gladbach zum Saisonstart. Doch nicht nur auf dem Rasen passierte viel. Auch auf den R\u00e4ngen, im Stadioninnenraum und in den Katakomben war ordentlich was los.<\/b><\/p>\n<p>BILD verr\u00e4t, was Sie zum Bundesliga-Auftakt nicht im TV gesehen haben.<\/p>\n<p>Olympiasiegerin filmt Sportboss<\/p>\n<p>Mit einer beeindruckenden Stadionchoreografie feierten die Fans kurz vor dem Anpfiff den 70. Geburtstag des Zentralstadions. 4000 gelbe und 2400 schwarze Folienfahnen sowie rund 24.000 rote und weinrote Folienschals wurden dabei von den Zuschauern in die Luft gehalten \u2013 und das selbst von Leipzigs F\u00fchrungsetage!<\/p>\n<p><img decoding=\"async\" width=\"992\" height=\"1178\" alt=\"W\u00e4hrend Red-Bull-Boss Oliver Mintzlaff (51, M.) filmt, machen Sportgesch\u00e4ftsf\u00fchrer Marcel Sch\u00e4fer (r.) und CEO Tatjana Haenni bei der Choreo mit\" loading=\"lazy\" src=\"https:\/\/www.europesays.com\/de\/wp-content\/uploads\/2026\/08\/3a6cbb45368b2c4347b736ad85ebdab7,2b2a4446.jpeg\"   class=\"portrait\"\/><\/p>\n<p class=\"fig__caption__text\">W\u00e4hrend Red-Bull-Boss Oliver Mintzlaff (51, M.) filmt, machen Sportgesch\u00e4ftsf\u00fchrer Marcel Sch\u00e4fer (r.) und CEO Tatjana Haenni bei der Choreo mit<\/p>\n<p>Foto: INSTAGRAM\/juliataubitz<\/p>\n<p>Ein Instagram-Video aus der RB-Loge von Rodel-Olympiasiegerin Julia Taubitz (30) enth\u00fcllt, wie auch Sportgesch\u00e4ftsf\u00fchrer Marcel Sch\u00e4fer (42) und Leipzig-CEO Tatjana Haenni (59) bei der Fan-Choreo mitmachen.<\/p>\n<p>Leipzig-Flop sagt Servus<\/p>\n<p>Sieben Minuten durfte Conrad Harder (21) am Samstag nochmal f\u00fcr <a href=\"https:\/\/www.bild.de\/sport\/fussball\/rb-leipzig\/startseite-leipzig-31148870.bild.html\" class=\"text-link\" rel=\"nofollow noopener\" target=\"_blank\">RB Leipzig<\/a> gegen Gladbach ran. Gut 24 Stunden sp\u00e4ter hob der eigenwillige D\u00e4ne mit dem Privatjet nach Frankreich ab. Harder wechselt per Leihe ohne Kaufoption zu Racing Stra\u00dfburg \u2013\u00a0und wusste das offenbar bereits am Tag zuvor.<\/p>\n<p>Mehr zum Thema<\/p>\n<p>Schon nach Abpfiff sagte Harder offensichtlich Tsch\u00fcss: Im Kabinengang war zu beobachten, wie er Rocco Reitz (24) zu sich holte (\u201eRocco, Bruder\u201c), ihn dann umarmte und sich noch kurz mit ihm austauschte. Sp\u00e4ter verlie\u00df er als erster Spieler weit vor den anderen das Stadion.<\/p>\n<p>DFB-Star l\u00e4sst sich auf Trib\u00fcne heben<\/p>\n<p>Auf dem rechten Fl\u00fcgel \u00fcberzeugte Brajan Gruda (22) und legte nach dem Spiel noch ein paar extra Meter zur\u00fcck \u2013 allerdings nach oben! <\/p>\n<p><img decoding=\"async\" width=\"992\" height=\"1178\" alt=\"Von einem RB-Mitarbeiter l\u00e4sst sich Brajan Gruda nach oben heben\" loading=\"lazy\" src=\"https:\/\/www.europesays.com\/de\/wp-content\/uploads\/2026\/08\/64694bbf8119bd8270ac4b1df78306f5,d40fd765.jpeg\"   class=\"portrait\"\/><\/p>\n<p class=\"fig__caption__text\">Von einem RB-Mitarbeiter l\u00e4sst sich Brajan Gruda nach oben heben<\/p>\n<p>Foto: privat<\/p>\n<p>Ein Fan wollte auf der etwa drei Meter h\u00f6her liegenden Trib\u00fcne ein Autogramm. Also kletterte der Nationalspieler kurzerhand auf die Schultern eines RB-Mitarbeiters, der ihn per Huckepack zum Unterschreiben in die H\u00f6he hievte. Voller Einsatz!<\/p>\n","protected":false},"excerpt":{"rendered":"TTS-Player \u00fcberspringen\u21b5Artikel weiterlesen Besser h\u00e4tte es kaum laufen k\u00f6nnen! RB Leipzig \u00fcberzeugt mit einem 3:0 gegen Gladbach zum&hellip;\n","protected":false},"author":2,"featured_media":1270013,"comment_status":"","ping_status":"","sticky":false,"template":"","format":"standard","meta":{"footnotes":"","_share_on_mastodon":"0"},"categories":[1832],"tags":[815,3364,29,538,347,30,71,1655,18893,859,10779,3460,4581],"class_list":["post-1270012","post","type-post","status-publish","format-standard","has-post-thumbnail","category-leipzig","tag-borussia-moenchengladbach","tag-de","tag-deutschland","tag-erste-bundesliga","tag-fussball","tag-germany","tag-leipzig","tag-rb-leipzig","tag-reitz-rocco","tag-sachsen","tag-schaefer-marcel","tag-sport-leuchtturm-leipzig","tag-sport-tag-im-ticker"],"share_on_mastodon":{"url":"https:\/\/pubeurope.com\/@de\/117185307639672244","error":""},"_links":{"self":[{"href":"https:\/\/www.europesays.com\/de\/wp-json\/wp\/v2\/posts\/1270012","targetHints":{"allow":["GET"]}}],"collection":[{"href":"https:\/\/www.europesays.com\/de\/wp-json\/wp\/v2\/posts"}],"about":[{"href":"https:\/\/www.europesays.com\/de\/wp-json\/wp\/v2\/types\/post"}],"author":[{"embeddable":true,"href":"https:\/\/www.europesays.com\/de\/wp-json\/wp\/v2\/users\/2"}],"replies":[{"embeddable":true,"href":"https:\/\/www.europesays.com\/de\/wp-json\/wp\/v2\/comments?post=1270012"}],"version-history":[{"count":0,"href":"https:\/\/www.europesays.com\/de\/wp-json\/wp\/v2\/posts\/1270012\/revisions"}],"wp:featuredmedia":[{"embeddable":true,"href":"https:\/\/www.europesays.com\/de\/wp-json\/wp\/v2\/media\/1270013"}],"wp:attachment":[{"href":"https:\/\/www.europesays.com\/de\/wp-json\/wp\/v2\/media?parent=1270012"}],"wp:term":[{"taxonomy":"category","embeddable":true,"href":"https:\/\/www.europesays.com\/de\/wp-json\/wp\/v2\/categories?post=1270012"},{"taxonomy":"post_tag","embeddable":true,"href":"https:\/\/www.europesays.com\/de\/wp-json\/wp\/v2\/tags?post=1270012"}],"curies":[{"name":"wp","href":"https:\/\/api.w.org\/{rel}","templated":true}]}}