{"id":1270018,"date":"2026-08-30T16:06:58","date_gmt":"2026-08-30T16:06:58","guid":{"rendered":"https:\/\/www.europesays.com\/de\/1270018\/"},"modified":"2026-08-30T16:06:58","modified_gmt":"2026-08-30T16:06:58","slug":"generelles-grillverbot-wird-aufgehoben-sonderregelung-am-max-eyth-see","status":"publish","type":"post","link":"https:\/\/www.europesays.com\/de\/1270018\/","title":{"rendered":"Generelles Grillverbot wird aufgehoben \u2013 Sonderregelung am Max-Eyth-See"},"content":{"rendered":"<p>F\u00fcr den Max-Eyth-See im Stadtbezirk M\u00fchlhausen gelten ab sofort spezielle Einschr\u00e4nkungen. Dort darf freitags, samstags und sonntags sowie an Feiertagen und den jeweiligen Tagen davor nicht mehr gegrillt werden. Von Montag bis Donnerstag bleibt das Grillen in den ausgewiesenen Grillbereichen zwischen 12 und 20 Uhr wie bisher erlaubt.<\/p>\n<p>Der Grund f\u00fcr die Sonderregelung: Insbesondere an den Wochenenden und Feiertagen kam es an dem \u00fcberregional beliebten Naherholungsgebiet zu erheblichen Problemen mit M\u00fcll oder achtlos entsorgten Grillkohlen. Deshalb hatte der zust\u00e4ndige Gemeinderatsausschuss Ende Juli beschlossen, vorerst befristet bis zum 31. Dezember f\u00fcr den See eigene Grillregeln aufzustellen und zu pr\u00fcfen, wie sich die Beschr\u00e4nkung bew\u00e4hrt. Zudem ist seit Ende Juli wie im vergangenen Jahr wieder ein Sicherheitsdienst vor Ort, um die Einhaltung der Regeln zu unterst\u00fctzen.<\/p>\n<p>Die Landeshauptstadt bittet alle Besucherinnen und Besucher um Beachtung der neuen Regelung und um R\u00fccksichtnahme, damit das Erholungsgebiet Max-Eyth-See f\u00fcr alle sicher und sauber bleibt.<\/p>\n","protected":false},"excerpt":{"rendered":"F\u00fcr den Max-Eyth-See im Stadtbezirk M\u00fchlhausen gelten ab sofort spezielle Einschr\u00e4nkungen. Dort darf freitags, samstags und sonntags sowie&hellip;\n","protected":false},"author":2,"featured_media":4018,"comment_status":"","ping_status":"","sticky":false,"template":"","format":"standard","meta":{"footnotes":"","_share_on_mastodon":"0"},"categories":[1830],"tags":[8017,1634,3364,29,30,31569,14482,58291,1441],"class_list":["post-1270018","post","type-post","status-publish","format-standard","has-post-thumbnail","category-stuttgart","tag-grillen","tag-baden-wuerttemberg","tag-de","tag-deutschland","tag-germany","tag-grillverbot","tag-max-eyth-see","tag-regelung","tag-stuttgart"],"share_on_mastodon":{"url":"https:\/\/pubeurope.com\/@de\/117185324416819048","error":""},"_links":{"self":[{"href":"https:\/\/www.europesays.com\/de\/wp-json\/wp\/v2\/posts\/1270018","targetHints":{"allow":["GET"]}}],"collection":[{"href":"https:\/\/www.europesays.com\/de\/wp-json\/wp\/v2\/posts"}],"about":[{"href":"https:\/\/www.europesays.com\/de\/wp-json\/wp\/v2\/types\/post"}],"author":[{"embeddable":true,"href":"https:\/\/www.europesays.com\/de\/wp-json\/wp\/v2\/users\/2"}],"replies":[{"embeddable":true,"href":"https:\/\/www.europesays.com\/de\/wp-json\/wp\/v2\/comments?post=1270018"}],"version-history":[{"count":0,"href":"https:\/\/www.europesays.com\/de\/wp-json\/wp\/v2\/posts\/1270018\/revisions"}],"wp:featuredmedia":[{"embeddable":true,"href":"https:\/\/www.europesays.com\/de\/wp-json\/wp\/v2\/media\/4018"}],"wp:attachment":[{"href":"https:\/\/www.europesays.com\/de\/wp-json\/wp\/v2\/media?parent=1270018"}],"wp:term":[{"taxonomy":"category","embeddable":true,"href":"https:\/\/www.europesays.com\/de\/wp-json\/wp\/v2\/categories?post=1270018"},{"taxonomy":"post_tag","embeddable":true,"href":"https:\/\/www.europesays.com\/de\/wp-json\/wp\/v2\/tags?post=1270018"}],"curies":[{"name":"wp","href":"https:\/\/api.w.org\/{rel}","templated":true}]}}