{"id":1270029,"date":"2026-08-30T16:13:15","date_gmt":"2026-08-30T16:13:15","guid":{"rendered":"https:\/\/www.europesays.com\/de\/1270029\/"},"modified":"2026-08-30T16:13:15","modified_gmt":"2026-08-30T16:13:15","slug":"wiesn-2026-betrug-bei-tischreservierung-tipps-und-tricks-gegen-betrugsfallen","status":"publish","type":"post","link":"https:\/\/www.europesays.com\/de\/1270029\/","title":{"rendered":"Wiesn 2026: Betrug bei Tischreservierung \u2013 Tipps und Tricks gegen Betrugsfallen"},"content":{"rendered":"<p class=\"mb-6 text-xs-varying md:text-m lg:text-l font-serif group-[.font-sans]:font-sans \">\n    Das bekannteste Volksfest der Welt steht vor der T\u00fcr: In weniger als einem Monat beginnt die traditionelle Wiesn-Gaudi in <a href=\"https:\/\/www.augsburger-allgemeine.de\/orte\/aa-muenchen\" target=\"_self\" class=\"underline \" rel=\"nofollow noopener\">M\u00fcnchen<\/a>. Wer beim <a href=\"https:\/\/www.augsburger-allgemeine.de\/veranstaltungen\/aa-oktoberfest\" target=\"_self\" class=\"underline \" rel=\"nofollow noopener\">Oktoberfest<\/a> in einem der knapp 40 Festzelte einen Tisch ergattern m\u00f6chte, <a href=\"https:\/\/www.augsburger-allgemeine.de\/bayern\/oktoberfest-2026-tische-im-festzelt-jetzt-online-reservieren-muenchen-12-06-113724731\" target=\"_self\" class=\"underline \" rel=\"nofollow noopener\">hat bereits seit einigen Monaten die M\u00f6glichkeit, einen Platz zu reservieren.<\/a> Doch Obacht: Nicht auf allen Webseiten geht es mir rechten Dingen zu. Worauf Besucherinnen und Besucher bei der Reservierung f\u00fcr einen Platz auf der Wiesn achten sollten.\n  <\/p>\n<p>            Wiesn 2026: So zocken die Betr\u00fcger die Oktoberfest-G\u00e4ste ab<\/p>\n<p class=\"mb-6 text-xs-varying md:text-m lg:text-l font-serif group-[.font-sans]:font-sans \">\n    Die Wien startet heuer in die 191. Runde. <a href=\"https:\/\/www.augsburger-allgemeine.de\/panorama\/veranstaltungen\/oktoberfest-2026-termin-programm-bierzelte-reservieren-oeffnungszeiten-26-8-26-114982704\" target=\"_self\" class=\"underline \" rel=\"nofollow noopener\">Mitte September beginnt das ber\u00fchmte M\u00fcnchner Oktoberfest wieder auf der  Theresienwiese.<\/a> Die zahlreichen Festzelte z\u00e4hlen dabei zu den beliebtesten Attraktionen auf dem Festgel\u00e4nde. Doch wer sich einen Platz sichern m\u00f6chte, sollte aufpassen, wo er die Reservierung abschlie\u00dft.\n  <\/p>\n<p class=\"mb-6 text-xs-varying md:text-m lg:text-l font-serif group-[.font-sans]:font-sans \">\n    Die Betr\u00fcger gehen immer professioneller vor. Laut der Verbraucherzentrale Bayern bauen Betr\u00fcger die offiziellen Webseiten der Anbietenden t\u00e4uschend echt nach. Zum Teil w\u00fcrden sie ihre Webadresse im Vergleich zur offiziellen Seite nur minimal ver\u00e4ndern.\n  <\/p>\n<p>      <a href=\"https:\/\/www.augsburger-allgemeine.de\/bayern\/fahrgeschaefte-wiesnhit-und-mehr-das-ist-2026-neu-auf-der-wiesn-20-08-2026-b-114983761\" class=\"hidden  &#010;                md:block md:mr-5 md:min-w-[140px]  aspect-photo md:aspect-tv lg:aspect-tv w-fullXXX relative self-start inline overflow-hidden\" rel=\"nofollow noopener\" target=\"_blank\"><\/p>\n<p>    <img decoding=\"async\" src=\"\" alt=\"Das Oktoberfest wird heuer zum 191. Mal gefeiert.\" title=\"Das Oktoberfest wird heuer zum 191. Mal gefeiert.\" loading=\"lazy\" class=\"h-full w-full object-cover\"\/><br \/>\n   <\/a><\/p>\n<p class=\"mb-6 text-xs-varying md:text-m lg:text-l font-serif group-[.font-sans]:font-sans \">\n    Ein weiterer Trick der Betr\u00fcger sei, dass sie Online-Werbeanzeigen kaufen w\u00fcrden, die auf die falschen Internetseiten aufmerksam machen oder auf diese Betrugsseite f\u00fchren. Solche Werbungen finden sich nicht nur auf Webseiten, sondern auch auf zahlreichen Social-Media-Plattformen.\n  <\/p>\n<p class=\"mb-6 text-xs-varying md:text-m lg:text-l font-serif group-[.font-sans]:font-sans \">\n    Ein erster Hinweis auf einen m\u00f6glichen Betrug ist der Preis der Reservierung. Einen Tisch auf der Wiesn zu ergattern kostet keine Tausend Euro.  Der Eintritt in das Festzelt und auch der Sitzplatz an sich sind kostenlos. Allerdings m\u00fcssen Wiesn-Besucherinnen und -Besucher im Voraus Gutscheine kaufen und bezahlen. Diese funktionieren dann als Wertmarken, <a href=\"https:\/\/www.augsburger-allgemeine.de\/panorama\/veranstaltungen\/oktoberfest-2026-bierpreis-auf-der-wiesn-in-allen-zelten-26-8-26-114983909\" target=\"_self\" class=\"underline \" rel=\"nofollow noopener\">die f\u00fcr das Festbier<\/a> oder Essen im Festzelt eingel\u00f6st werden k\u00f6nnen.\n  <\/p>\n<p>    <img decoding=\"async\" src=\"https:\/\/www.europesays.com\/de\/wp-content\/uploads\/2026\/08\/548203502.jpg\" alt=\"Der Andrang auf die Wiesn-Zelte ist jedes Jahr gro\u00df.\" title=\"Der Andrang auf die Wiesn-Zelte ist jedes Jahr gro\u00df.\" loading=\"lazy\" class=\"h-full w-full object-cover\"\/><\/p>\n<p>      Icon vergr\u00f6\u00dfern<\/p>\n<p>    Der Andrang auf die Wiesn-Zelte ist jedes Jahr gro\u00df.<br \/>\n    Foto: picture alliance\/dpa (Archivbild)<\/p>\n<p>        Schlie\u00dfen <\/p>\n<p>      Icon Schlie\u00dfen<\/p>\n<p>        Icon vergr\u00f6\u00dfern<\/p>\n<p>        Icon verkleinern<\/p>\n<p>      Icon Pfeil bewegen<\/p>\n<p>    Der Andrang auf die Wiesn-Zelte ist jedes Jahr gro\u00df.<br \/>\n    Foto: picture alliance\/dpa (Archivbild)<\/p>\n<p>            Online-Tischreservierung: So sch\u00fctzen sich Wiesn-Besucher vor Betr\u00fcgern<\/p>\n<p class=\"mb-6 text-xs-varying md:text-m lg:text-l font-serif group-[.font-sans]:font-sans \">\n    Besucherinnen und Besucher des Oktoberfests sollten deshalb besonders genau aufpassen. Die Verbraucherzentrale appelliert an die Kundinnen und Kunden, immer <a href=\"https:\/\/www.oktoberfest-booking.com\/de\" rel=\"nofollow noopener\" target=\"_blank\" class=\"underline \">das offizielle Buchungsportal der Wiesn, oktoberfest-booking.com<\/a>, zu nutzen.\n  <\/p>\n<p class=\"mb-6 text-xs-varying md:text-m lg:text-l font-serif group-[.font-sans]:font-sans \">\n    Wer sp\u00e4t dran ist mit einer Reservierung, kann sich dennoch weiter Hoffnungen auf einen Platz in einem Wiesn-Festzelt machen. Besucherinnen und Besucher, die an dem reservierten Tag doch nicht kommen, stellen ihre Reservierung auf dem offiziellen Portal zum Verkauf oder bieten einen Tausch an. So bleibt bei der \u201eSecond-Hand\u201c-Reservierung alles sicher und der Festzeltbesuch ist doch noch m\u00f6glich.\n  <\/p>\n<p>      <a href=\"https:\/\/www.augsburger-allgemeine.de\/bayern\/wiesn-2026-streit-um-neugestaltung-der-teufelsrad-figuren-auf-dem-oktoberfest-115097443\" class=\"hidden  &#010;                md:block md:mr-5 md:min-w-[140px]  aspect-photo md:aspect-tv lg:aspect-tv w-fullXXX relative self-start inline overflow-hidden\" rel=\"nofollow noopener\" target=\"_blank\"><\/p>\n<p>    <img decoding=\"async\" src=\"\" alt=\"Die Figuren am Teufelsrad sehen k\u00fcnftig etwas anders aus.\" title=\"Die Figuren am Teufelsrad sehen k\u00fcnftig etwas anders aus.\" loading=\"lazy\" class=\"h-full w-full object-cover\"\/><br \/>\n   <\/a><\/p>\n<p>            Opfer von Reservierungsbetrug: Das sind die Konsequenzen<\/p>\n<p class=\"mb-6 text-xs-varying md:text-m lg:text-l font-serif group-[.font-sans]:font-sans \">\n    Wer auf einen Betrug im Internet hereinf\u00e4llt, f\u00fcr den k\u00f6nnte es doppelt bitter werden. Ein gef\u00e4lschtes Angebot berechtigt nicht zum Eintritt in das Festzelt \u2013 und garantiert somit auch keinen Platz auf der Wiesn.\n  <\/p>\n<p class=\"mb-6 text-xs-varying md:text-m lg:text-l font-serif group-[.font-sans]:font-sans \">\n    Kundinnen und Kunden, die ihre Reservierung nicht auf dem offiziellen Portal des Oktoberfests gekauft oder getauscht haben k\u00f6nnen ebenfalls abgewiesen werden. Reservierungen sind nicht einfach auf andere Personen \u00fcbertragbar \u2013 das gilt auch f\u00fcr legitime Angebote, die unter der Hand verkauft werden. Die Wiesn-Wirte k\u00f6nnen sich dann auf die Allgemeinen Gesch\u00e4ftsbedingungen (AGB) berufen und die neuen, inoffiziellen Besitzer der Reservierung am Zelteingang abweisen.\n  <\/p>\n<p>    <img decoding=\"async\" src=\"https:\/\/images.mgpd.de\/img\/111085195\/crop\/c16_9-w100\/820840184\/1426304759\/start-190-muenchner-oktoberfest.jpg\" alt=\"Im vergangenen Jahr wurde das Oktoberfest zum Teil wegen \u00dcberf\u00fcllung geschlossen.\" title=\"Im vergangenen Jahr wurde das Oktoberfest zum Teil wegen \u00dcberf\u00fcllung geschlossen.\" loading=\"lazy\" class=\"h-full w-full object-cover\"\/><\/p>\n<p>      Icon vergr\u00f6\u00dfern<\/p>\n<p>    Im vergangenen Jahr wurde das Oktoberfest zum Teil wegen \u00dcberf\u00fcllung geschlossen.<br \/>\n    Foto: Karl-Josef Hildenbrand, dpa (Archivbild)<\/p>\n<p>        Schlie\u00dfen <\/p>\n<p>      Icon Schlie\u00dfen<\/p>\n<p>        Icon vergr\u00f6\u00dfern<\/p>\n<p>        Icon verkleinern<\/p>\n<p>      Icon Pfeil bewegen<\/p>\n<p>    Im vergangenen Jahr wurde das Oktoberfest zum Teil wegen \u00dcberf\u00fcllung geschlossen.<br \/>\n    Foto: Karl-Josef Hildenbrand, dpa (Archivbild)<\/p>\n<p>            Keine Tische mehr frei \u2013 und jetzt?<\/p>\n<p class=\"mb-6 text-xs-varying md:text-m lg:text-l font-serif group-[.font-sans]:font-sans \">\n    Einige Festzelte melden, dass bereits alle verf\u00fcgbaren Reservierungen vergeben sind. Gibt es also keine M\u00f6glichkeit mehr, doch noch einen Platz in einem der Oktoberfestzelte zu erhalten?\n  <\/p>\n<p class=\"mb-6 text-xs-varying md:text-m lg:text-l font-serif group-[.font-sans]:font-sans \">\n    Doch, denn eine gewisse Anzahl an Pl\u00e4tzen wird w\u00e4hrend der gesamten Festzeit f\u00fcr spontane Besuchende freigehalten. So viele Pl\u00e4tze stehen zu diesen Uhrzeiten auf der Wiesn auch ohne Reservierung zur Verf\u00fcgung:\n  <\/p>\n<p>            Montag bis Freitag<\/p>\n<p>            Samstag, Sonntag und an Feiertagen<\/p>\n<ul rel=\"\" class=\"[&amp;&gt;li]:relative list-none  [&amp;&gt;li]:pl-[1.2em] [&amp;&gt;li]:marker:text-[0] [&amp;&gt;li]:relative [&amp;&gt;li]:before:absolute [&amp;&gt;li]:before:w-3 [&amp;&gt;li]:before:h-3 [&amp;&gt;li]:before:bg-brand [&amp;&gt;li]:before:left-0 [&amp;&gt;li]:before:rounded-full [&amp;&gt;li]:before:top-[8px] md:[&amp;&gt;li]:before:top-[9px] lg:[&amp;&gt;li]:before:top-[11px]  my-5\">\n<li class=\" mb-3 text-xs-varying md:text-m lg:text-l\">Bis 15 Uhr: 40 Prozent aller Pl\u00e4tze<\/li>\n<li class=\" mb-3 text-xs-varying md:text-m lg:text-l\">Ab 15 Uhr: 25 Prozent aller Pl\u00e4tze<\/li>\n<\/ul>\n<p class=\"mb-6 text-xs-varying md:text-m lg:text-l font-serif group-[.font-sans]:font-sans \">\n    Personen mit Wohnsitz in M\u00fcnchen haben dabei noch bessere Chancen. Denn: Am Wochenende und an Feiertagen d\u00fcrfen die Wirtinnen und Wirte weitere 10 Prozent f\u00fcr M\u00fcnchnerinnen und M\u00fcnchner freihalten.\n  <\/p>\n<p class=\"mb-6 text-xs-varying md:text-m lg:text-l font-serif group-[.font-sans]:font-sans \">\n    Um den Bonus zu nutzen, ist ein Personalausweis mit dem entsprechenden Nachweis des Wohnsitzes notwendig. Mit viel Gl\u00fcck und Geduld kann es also auch w\u00e4hrend der Wiesn-Zeit mit einer Fest-Ma\u00df in einem der ber\u00fchmten Bierzelte klappen \u2013 auch nach stundenlangem Anstehen.\n  <\/p>\n","protected":false},"excerpt":{"rendered":"Das bekannteste Volksfest der Welt steht vor der T\u00fcr: In weniger als einem Monat beginnt die traditionelle Wiesn-Gaudi&hellip;\n","protected":false},"author":2,"featured_media":1270030,"comment_status":"","ping_status":"","sticky":false,"template":"","format":"standard","meta":{"footnotes":"","_share_on_mastodon":"0"},"categories":[1827],"tags":[772,29,3486,30,1268,6927,99943,2959,185519,132829,12480,6296],"class_list":["post-1270029","post","type-post","status-publish","format-standard","has-post-thumbnail","category-muenchen","tag-bayern","tag-deutschland","tag-festzelt","tag-germany","tag-muenchen","tag-oktoberfest","tag-reservierung","tag-theresienwiese","tag-tischreservierung","tag-verbraucherzentrale-bayern","tag-volksfest","tag-wien"],"share_on_mastodon":{"url":"https:\/\/pubeurope.com\/@de\/117185349960745986","error":""},"_links":{"self":[{"href":"https:\/\/www.europesays.com\/de\/wp-json\/wp\/v2\/posts\/1270029","targetHints":{"allow":["GET"]}}],"collection":[{"href":"https:\/\/www.europesays.com\/de\/wp-json\/wp\/v2\/posts"}],"about":[{"href":"https:\/\/www.europesays.com\/de\/wp-json\/wp\/v2\/types\/post"}],"author":[{"embeddable":true,"href":"https:\/\/www.europesays.com\/de\/wp-json\/wp\/v2\/users\/2"}],"replies":[{"embeddable":true,"href":"https:\/\/www.europesays.com\/de\/wp-json\/wp\/v2\/comments?post=1270029"}],"version-history":[{"count":0,"href":"https:\/\/www.europesays.com\/de\/wp-json\/wp\/v2\/posts\/1270029\/revisions"}],"wp:featuredmedia":[{"embeddable":true,"href":"https:\/\/www.europesays.com\/de\/wp-json\/wp\/v2\/media\/1270030"}],"wp:attachment":[{"href":"https:\/\/www.europesays.com\/de\/wp-json\/wp\/v2\/media?parent=1270029"}],"wp:term":[{"taxonomy":"category","embeddable":true,"href":"https:\/\/www.europesays.com\/de\/wp-json\/wp\/v2\/categories?post=1270029"},{"taxonomy":"post_tag","embeddable":true,"href":"https:\/\/www.europesays.com\/de\/wp-json\/wp\/v2\/tags?post=1270029"}],"curies":[{"name":"wp","href":"https:\/\/api.w.org\/{rel}","templated":true}]}}