{"id":1270048,"date":"2026-08-30T16:23:21","date_gmt":"2026-08-30T16:23:21","guid":{"rendered":"https:\/\/www.europesays.com\/de\/1270048\/"},"modified":"2026-08-30T16:23:21","modified_gmt":"2026-08-30T16:23:21","slug":"21-hochzeitstag-jana-ina-zarrella-teilt-ruehrende-erinnerungen","status":"publish","type":"post","link":"https:\/\/www.europesays.com\/de\/1270048\/","title":{"rendered":"21. Hochzeitstag: Jana Ina Zarrella teilt r\u00fchrende Erinnerungen"},"content":{"rendered":"<p>\nStars\n<\/p>\n<p>Aktualisiert am 30.08.2026, 17:07 Uhr\n<\/p>\n<p><a href=\"https:\/\/i0.web.de\/image\/780\/42668780,pd=1\/jana-ina-zarrella-giovanni-zarrella-2005-verheirat.jpg\" data-brain-zone=\".42668778.content.lead.1\" data-component-path=\"content.lead.1\" data-component-name=\"article-image\" rel=\"nofollow noopener\" target=\"_blank\"> <\/p>\n<p><img loading=\"lazy\" decoding=\"async\" src=\"https:\/\/www.europesays.com\/de\/wp-content\/uploads\/2026\/08\/jana-ina-zarrella-giovanni-zarrella-2005-verheirat.jpg\" alt=\"Jana Ina Zarrella und Giovanni Zarrella sind seit 2005 verheiratet.\" width=\"950\" height=\"534\"\/><\/p>\n<p><\/a> <\/p>\n<p>\nJana Ina Zarrella und Giovanni Zarrella sind seit 2005 verheiratet.<br \/>\n\u00a9\u00a0Imago images\/Sp\u00f6ttel Picture\n<\/p>\n<p class=\"content__description\" data-speakable=\"\">Ein Standesamt in der schw\u00e4bischen Provinz, eine Burg und eine Gro\u00dfmutter, die daf\u00fcr zum ersten Mal ihr Heimatland verlie\u00df: Zum Jahrestag ihrer Trauung hat Jana Ina Zarrella private Aufnahmen von 2005 ver\u00f6ffentlicht und dazu r\u00fchrende Erinnerungen geteilt.<\/p>\n<p data-speakable=\"\"><a data-component-name=\"link.semantic\" data-brain-zone=\".42668778.content.textlink_2\" data-component-path=\"content.textlink_2\" href=\"https:\/\/web.de\/magazine\/unterhaltung\/thema\/jana-ina-zarrella\" rel=\"nofollow noopener\" target=\"_blank\">Jana Ina Zarrella<\/a> (49) hat zum 21. Hochzeitstag Aufnahmen ihrer standesamtlichen Trauung ver\u00f6ffentlicht. <a target=\"_blank\" data-brain-zone=\".42668778.content.textlink_3\" data-component-path=\"content.textlink_3\" data-component-name=\"link.external\" rel=\"noopener nofollow\" href=\"https:\/\/www.instagram.com\/p\/DcqinthDWmJ\/?hl=de&amp;img_index=1\">Auf Instagram<\/a> teilte sie gemeinsam mit ihrem Mann <a data-component-name=\"link.semantic\" data-brain-zone=\".42668778.content.textlink_4\" data-component-path=\"content.textlink_4\" href=\"https:\/\/web.de\/magazine\/unterhaltung\/thema\/giovanni-zarrella\" rel=\"nofollow noopener\" target=\"_blank\">Giovanni Zarrella<\/a> (48) eine Bilderstrecke vom 30. August 2005 und kommentierte die einzelnen Fotos mit R\u00fcckblicken auf den Tag. &#8222;Der Anfang unserer Love Story&#8220;, schrieb sie dazu.<\/p>\n<p data-speakable=\"\">Geheiratet hat das Paar im Standesamt von Hechingen in Baden-W\u00fcrttemberg. Der Ort war kein Zufall: Dort hatten nach Zarrellas Angaben schon die Eltern ihres Mannes geheiratet, knapp 50 Jahre zuvor. Den Ring von damals trage sie bis heute. Sie sei sich sicher, dass er f\u00fcr immer ein Teil ihres Lebens bleibe.<\/p>\n<p>Gefeiert wurde auf der Burg Hohenzollern<\/p>\n<p data-speakable=\"\">Nach dem Standesamt ging es zur Burg Hohenzollern. Rund 30 G\u00e4ste seien dabei gewesen, &#8222;klein, pers\u00f6nlich und einfach wundersch\u00f6n&#8220;, fasste die Moderatorin zusammen. <\/p>\n<p data-speakable=\"\">Die Gesellschaft bekam eine F\u00fchrung durch die Burg und feierte bis in den Abend. Ein Moment blieb Zarrella besonders im Ged\u00e4chtnis: Der Prinz sei pers\u00f6nlich vorbeigekommen und habe dem Paar gratuliert. Angesto\u00dfen wurde ebenfalls, f\u00fcr die Braut eine Ausnahme. Es sei eines von h\u00f6chstens vier Malen in ihrem Leben gewesen, dass sie Alkohol getrunken habe.<\/p>\n<p>Die Gro\u00dfmutter kam aus Brasilien<\/p>\n<p data-speakable=\"\">Ein Gast war eigens angereist. Ihre Gro\u00dfmutter sei aus Brasilien eingeflogen und habe daf\u00fcr zum ersten Mal \u00fcberhaupt ihr Heimatland verlassen. Sie sei eine der wichtigsten Personen in ihrem Leben gewesen, schreibt Zarrella. Die Burg habe die Gro\u00dfmutter besonders beeindruckt.<\/p>\n<p data-speakable=\"\">Seit knapp 18 Jahren lebt sie nicht mehr. &#8222;Ich vermisse sie so sehr&#8220;, schrieb ihre Enkelin zu einem der Fotos.<\/p>\n<p>&#8222;Viele fanden es verr\u00fcckt&#8220;<\/p>\n<p data-speakable=\"\">Zum Zeitpunkt der Trauung war das Paar erst anderthalb Jahre zusammen. Im Umfeld sei das auf Skepsis gesto\u00dfen, sie selbst habe es nie so empfunden. &#8222;Wenn du die richtige Person gefunden hast, warum warten?&#8220;, fragt Zarrella r\u00fcckblickend.<\/p>\n<p data-speakable=\"\">\u00dcber die Bilder von damals kann die Moderatorin heute schmunzeln. Sie erinnert sich an ihre Aufregung beim Kauf des Brautkleids, das &#8222;f\u00fcr mich damals wirklich so teuer war&#8220;, und an ein Missgeschick ihres Mannes, bei dem er &#8222;danach eine genauso glatte Haut&#8220; wie seine Ehefrau hatte, scherzte diese. Am 3. September 2005 folgte die kirchliche Trauung.<\/p>\n<p><strong>Empfehlungen der Redaktion<\/strong><\/p>\n<p data-speakable=\"\">Kennengelernt haben sich die beiden vor 22 Jahren. Sie w\u00fcrde sich wieder genauso entscheiden, schrieb Zarrella. &#8222;Wie stolz ich bin, wenn ich daran denke, dass wir seit 21 Jahren als Ehepaar durch dick und d\u00fcnn gehen. Und ich bin mir sicher: Das ist f\u00fcr die Ewigkeit.&#8220; (jom\/spot)\u00a0<br \/>\n\u00a9 spot on news\n<\/p>\n<p><script async src=\"\/\/www.instagram.com\/embed.js\"><\/script><\/p>\n","protected":false},"excerpt":{"rendered":"Stars Aktualisiert am 30.08.2026, 17:07 Uhr Jana Ina Zarrella und Giovanni Zarrella sind seit 2005 verheiratet. \u00a9\u00a0Imago images\/Sp\u00f6ttel&hellip;\n","protected":false},"author":2,"featured_media":1270049,"comment_status":"","ping_status":"","sticky":false,"template":"","format":"standard","meta":{"footnotes":"","_share_on_mastodon":"0"},"categories":[1776],"tags":[10644,1801,29,214,30,24802,7621,110866,1802,34658,215],"class_list":["post-1270048","post","type-post","status-publish","format-standard","has-post-thumbnail","category-prominente","tag-standesamt","tag-celebrities","tag-deutschland","tag-entertainment","tag-germany","tag-heimatland","tag-hochzeitstag","tag-jana-ina-zarrella","tag-prominente","tag-trauung","tag-unterhaltung"],"share_on_mastodon":{"url":"https:\/\/pubeurope.com\/@de\/117185388968667392","error":""},"_links":{"self":[{"href":"https:\/\/www.europesays.com\/de\/wp-json\/wp\/v2\/posts\/1270048","targetHints":{"allow":["GET"]}}],"collection":[{"href":"https:\/\/www.europesays.com\/de\/wp-json\/wp\/v2\/posts"}],"about":[{"href":"https:\/\/www.europesays.com\/de\/wp-json\/wp\/v2\/types\/post"}],"author":[{"embeddable":true,"href":"https:\/\/www.europesays.com\/de\/wp-json\/wp\/v2\/users\/2"}],"replies":[{"embeddable":true,"href":"https:\/\/www.europesays.com\/de\/wp-json\/wp\/v2\/comments?post=1270048"}],"version-history":[{"count":0,"href":"https:\/\/www.europesays.com\/de\/wp-json\/wp\/v2\/posts\/1270048\/revisions"}],"wp:featuredmedia":[{"embeddable":true,"href":"https:\/\/www.europesays.com\/de\/wp-json\/wp\/v2\/media\/1270049"}],"wp:attachment":[{"href":"https:\/\/www.europesays.com\/de\/wp-json\/wp\/v2\/media?parent=1270048"}],"wp:term":[{"taxonomy":"category","embeddable":true,"href":"https:\/\/www.europesays.com\/de\/wp-json\/wp\/v2\/categories?post=1270048"},{"taxonomy":"post_tag","embeddable":true,"href":"https:\/\/www.europesays.com\/de\/wp-json\/wp\/v2\/tags?post=1270048"}],"curies":[{"name":"wp","href":"https:\/\/api.w.org\/{rel}","templated":true}]}}