{"id":1270052,"date":"2026-08-30T16:26:20","date_gmt":"2026-08-30T16:26:20","guid":{"rendered":"https:\/\/www.europesays.com\/de\/1270052\/"},"modified":"2026-08-30T16:26:20","modified_gmt":"2026-08-30T16:26:20","slug":"rtl-soap-aus-berlin-fans-kritisieren-julian-krenns-gzsz-rolle-vor-debuet","status":"publish","type":"post","link":"https:\/\/www.europesays.com\/de\/1270052\/","title":{"rendered":"RTL-Soap aus Berlin: Fans kritisieren Julian Krenns GZSZ-Rolle vor Deb\u00fct"},"content":{"rendered":"<p>&#8222;Bisschen unrealistisch&#8220; <\/p>\n<p>Noch vor erstem Auftritt: GZSZ-Neuzugang st\u00f6\u00dft bei Fans auf Kritik<\/p>\n<p>30.08.2026 &#8211; 16:29 UhrLesedauer: 2 Min.<\/p>\n<p><a href=\"#focus-0\" class=\"transition-colors block text-current relative\" data-sctrack=\"FocusGalleryImage.Reference\"><img fetchpriority=\"high\" data-testid=\"Opener.Image\"   loading=\"eager\" src=\"https:\/\/www.europesays.com\/de\/wp-content\/uploads\/2026\/08\/1788107179_169_julian-krenn-er-spielt-bei-gzsz-mit.png\" alt=\"Julian Krenn: Er spielt bei GZSZ mit.\" title=\"Julian Krenn: Er spielt bei GZSZ mit.\" width=\"1442\" height=\"811\" class=\"bg-[url:var(--lqipURL)] bg-cover bg-center flex h-full w-full max-w-full\" style=\"--lqipURL:url('https:\/\/images.t-online.de\/2026\/08\/kaw-lK-MNhJs\/96x0:1442x811\/fit-in\/150x0\/filters:blur(25)\/julian-krenn-er-spielt-bei-gzsz-mit.png')\" decoding=\"async\"\/><img loading=\"lazy\" src=\"https:\/\/berlin.t-online.de\/s\/paper\/_next\/static\/media\/zoom-in.f7dae02f.svg\" alt=\"Vergr\u00f6\u00dfern des Bildes\" title=\"Vergr\u00f6\u00dfern des Bildes\" class=\"block h-[calc(var(--height)_\/_16_*_1rem)] w-[calc(var(--width)_\/_16_*_1rem)] max-w-none absolute right-8 bottom-8 rounded-4 bg-snow p-8\" style=\"--width:32;--height:32\" decoding=\"async\"\/><\/a><\/p>\n<p>Julian Krenn: Der 22-J\u00e4hrige spielt bei GZSZ den 16-j\u00e4hrigen Benni. (Quelle: RTL \/ Pit Faul)<\/p>\n<p><img loading=\"lazy\" src=\"https:\/\/berlin.t-online.de\/s\/paper\/_next\/static\/media\/audio-volume.6689034c.svg\" alt=\"\" title=\"\" class=\"block h-[calc(var(--height)_\/_16_*_1rem)] w-[calc(var(--width)_\/_16_*_1rem)] max-w-none group-hover:brightness-0 group-hover:invert\" style=\"--width:16;--height:16\" decoding=\"async\"\/>Vorlesen<\/p>\n<p>Aktuelle Zeit:0:00Gesamtdauer:0:00<\/p>\n<p>1x<img loading=\"lazy\" src=\"https:\/\/berlin.t-online.de\/s\/paper\/_next\/static\/media\/font-sizes.32942e33.svg\" alt=\"\" title=\"\" class=\"block h-[calc(var(--height)_\/_16_*_1rem)] w-[calc(var(--width)_\/_16_*_1rem)] max-w-none group-hover:hidden group-aria-expanded:hidden\" style=\"--width:16;--height:16\" decoding=\"async\"\/><img loading=\"lazy\" src=\"https:\/\/berlin.t-online.de\/s\/paper\/_next\/static\/media\/font-sizes-dark-mode.e382645c.svg\" alt=\"\" title=\"\" class=\"block h-[calc(var(--height)_\/_16_*_1rem)] w-[calc(var(--width)_\/_16_*_1rem)] max-w-none hidden group-hover:block group-aria-expanded:block\" style=\"--width:16;--height:16\" decoding=\"async\"\/><img loading=\"lazy\" src=\"https:\/\/berlin.t-online.de\/s\/paper\/_next\/static\/media\/sharing-menu-icon.1eb71368.svg\" alt=\"\" title=\"\" class=\"block h-[calc(var(--height)_\/_16_*_1rem)] w-[calc(var(--width)_\/_16_*_1rem)] max-w-none group-hover:brightness-0 group-hover:invert\" style=\"--width:16;--height:16\" decoding=\"async\"\/>Artikel teilen<\/p>\n<p class=\"font-bold text-18 leading-17 user-text-lg:text-22 user-text-xl:text-24\">Julian Krenn ist bald in der Berliner RTL-Soap GZSZ zu sehen. Einige Fans st\u00f6ren sich schon jetzt an einem Detail seiner neuen Rolle.<\/p>\n<p class=\"text-18 leading-17 user-text-lg:text-22 user-text-xl:text-24\">Noch bevor Julian Krenn als Benni erstmals bei &#8222;Gute Zeiten, schlechte Zeiten&#8220; (GZSZ) auftaucht, st\u00f6\u00dft seine Besetzung bei einigen Fans auf Zweifel. Unter einem Video auf dem offiziellen TikTok-Kanal kommentiert ein Nutzer mit Blick auf Bennis Alter: &#8222;16 bisschen unrealistisch oder?&#8220;<\/p>\n<p class=\"text-18 leading-17 user-text-lg:text-22 user-text-xl:text-24\">Der 22-j\u00e4hrige Krenn spielt in der Serie einen 16-J\u00e4hrigen. Andere Nutzer fragen, warum kein j\u00fcngerer Schauspieler verpflichtet worden sei. Krenn wirke eher wie ein Bruder als wie ein Sohn, hei\u00dft es in einer weiteren Reaktion.<\/p>\n<p class=\"text-18 leading-17 user-text-lg:text-22 user-text-xl:text-24\">Das Video z\u00e4hlt inzwischen rund 4.000 Likes und 140 Kommentare (Stand: Sonntag, 30. August 2026). Die Kritik geh\u00f6rt zu den prominent angezeigten Reaktionen. Von einer einhelligen Ablehnung kann jedoch keine Rede sein. Andere Fans halten Krenn f\u00fcr passend besetzt und sehen eine deutliche \u00c4hnlichkeit zu den GZSZ-Figuren John und Caro. Einige freuen sich auf ein neues Gesicht im Kiez.<\/p>\n<ul class=\"text-18 leading-17 block pl-24 *:pb-16 *:before:inline-block *:before:size-8 *:before:bg-magenta *:before:mt-0 *:before:mr-12 *:before:mb-2 *:before:-ml-[20px]\">\n<li><strong class=\"font-bold\">Von Hollywood nach Berlin:<\/strong> <a href=\"https:\/\/berlin.t-online.de\/region\/berlin\/id_101395260\/gzsz-neuzugang-julian-krenn-er-bringt-hollywood-erfahrung-nach-berlin-mit.html\" class=\"transition-colors cursor-pointer no-underline md:hover:text-magenta md:focus:text-magenta border-b border-solid border-current text-salemsfur md:hover:border-magenta\" data-tracking=\"{&quot;action&quot;:&quot;click&quot;,&quot;category&quot;:&quot;intextLink&quot;,&quot;label&quot;:&quot;\/region\/berlin\/id_101395260\/gzsz-neuzugang-julian-krenn-er-bringt-hollywood-erfahrung-nach-berlin-mit.html&quot;}\" data-sctrack=\"BodyAnchor\" rel=\"nofollow noopener\" target=\"_blank\">Julian Krenn \u00fcbernimmt bald neue Rolle bei GZSZ<\/a><\/li>\n<\/ul>\n<p>Julian Krenn kommt als Teenager Benni nach Berlin<\/p>\n<p class=\"text-18 leading-17 user-text-lg:text-22 user-text-xl:text-24\">RTL beschreibt Benni als impulsiv, extrovertiert und widerspr\u00fcchlich. Der Jugendliche sei im Ausland aufgewachsen und komme nun nach Berlin. Welche Verbindungen er zu den bisherigen Figuren hat, gab der Sender bislang nicht bekannt.<\/p>\n<p class=\"text-18 leading-17 user-text-lg:text-22 user-text-xl:text-24\">Krenn selbst wuchs in Prag und Budapest auf. Nach der Zusage f\u00fcr GZSZ zog er nach Potsdam. Vor seinem Einstieg in die RTL-Serie spielte er bereits in internationalen Produktionen wie &#8222;FBI: International&#8220; und der Netflix-Serie &#8222;Death by Lightning&#8220;.<\/p>\n<p class=\"text-18 leading-17 user-text-lg:text-22 user-text-xl:text-24\">Sein Deb\u00fct gibt Krenn in Folge 8.606. RTL zeigt sie am 11. September. Bei RTL+ ist die Folge planm\u00e4\u00dfig bereits eine Woche vorher verf\u00fcgbar.<\/p>\n","protected":false},"excerpt":{"rendered":"&#8222;Bisschen unrealistisch&#8220; Noch vor erstem Auftritt: GZSZ-Neuzugang st\u00f6\u00dft bei Fans auf Kritik 30.08.2026 &#8211; 16:29 UhrLesedauer: 2 Min.&hellip;\n","protected":false},"author":2,"featured_media":1270053,"comment_status":"","ping_status":"","sticky":false,"template":"","format":"standard","meta":{"footnotes":"","_share_on_mastodon":"0"},"categories":[1773],"tags":[522,296,29,214,30,725,259996,640,471,1780,151,215],"class_list":["post-1270052","post","type-post","status-publish","format-standard","has-post-thumbnail","category-serien","tag-522","tag-berlin","tag-deutschland","tag-entertainment","tag-germany","tag-gzsz","tag-julian-krenn","tag-rtl","tag-serien","tag-series","tag-tiktok","tag-unterhaltung"],"share_on_mastodon":{"url":"","error":""},"_links":{"self":[{"href":"https:\/\/www.europesays.com\/de\/wp-json\/wp\/v2\/posts\/1270052","targetHints":{"allow":["GET"]}}],"collection":[{"href":"https:\/\/www.europesays.com\/de\/wp-json\/wp\/v2\/posts"}],"about":[{"href":"https:\/\/www.europesays.com\/de\/wp-json\/wp\/v2\/types\/post"}],"author":[{"embeddable":true,"href":"https:\/\/www.europesays.com\/de\/wp-json\/wp\/v2\/users\/2"}],"replies":[{"embeddable":true,"href":"https:\/\/www.europesays.com\/de\/wp-json\/wp\/v2\/comments?post=1270052"}],"version-history":[{"count":0,"href":"https:\/\/www.europesays.com\/de\/wp-json\/wp\/v2\/posts\/1270052\/revisions"}],"wp:featuredmedia":[{"embeddable":true,"href":"https:\/\/www.europesays.com\/de\/wp-json\/wp\/v2\/media\/1270053"}],"wp:attachment":[{"href":"https:\/\/www.europesays.com\/de\/wp-json\/wp\/v2\/media?parent=1270052"}],"wp:term":[{"taxonomy":"category","embeddable":true,"href":"https:\/\/www.europesays.com\/de\/wp-json\/wp\/v2\/categories?post=1270052"},{"taxonomy":"post_tag","embeddable":true,"href":"https:\/\/www.europesays.com\/de\/wp-json\/wp\/v2\/tags?post=1270052"}],"curies":[{"name":"wp","href":"https:\/\/api.w.org\/{rel}","templated":true}]}}