{"id":1270068,"date":"2026-08-30T16:35:14","date_gmt":"2026-08-30T16:35:14","guid":{"rendered":"https:\/\/www.europesays.com\/de\/1270068\/"},"modified":"2026-08-30T16:35:14","modified_gmt":"2026-08-30T16:35:14","slug":"yalla-yalla-intifada-offener-judenhass-im-wahlkampf-der-neukoellner-linken-gruene-zweifeln-an-regierungsfaehigkeit","status":"publish","type":"post","link":"https:\/\/www.europesays.com\/de\/1270068\/","title":{"rendered":"\u201eYalla Yalla Intifada\u201c: Offener Judenhass im Wahlkampf der Neuk\u00f6llner Linken \u2013 Gr\u00fcne zweifeln an Regierungsf\u00e4higkeit"},"content":{"rendered":"<p class=\"tspCJpg tspCJph\">Auf einer Wahlkampfkundgebung der Linken Neuk\u00f6lln ist es am Samstagabend zu Gewaltaufrufen gegen den Staat Israel und Angeh\u00f6rige des israelischen Milit\u00e4rs gekommen.<\/p>\n<p class=\"tspCJpg\">Formuliert hat die Aussagen der auf Einladung der Linken aufgetretene Rapper Dahabflex. Kurz vor dem Ende der Versammlung pr\u00e4sentierte er den Song \u201eStop the Genocide\u201c (Stoppt den V\u00f6lkermord). Darin hei\u00dft es unter anderem \u201eYalla Yalla Intifada \u2013 Westbank, Pal\u00e4stina, Gaza\u201c sowie \u201eDeath to the IDF\u201c (Tod der israelischen Armee).<\/p>\n<p class=\"tspCJpg\">Beide Slogans wurden von Dahabflex deutlich erkennbar und wiederholt vorgetragen. Sie gelten als klare Gewaltaufrufe gegen den Staat Israel, dessen Einwohner und Mitglieder der israelischen Streitkr\u00e4fte (IDF).<\/p>\n<p> Besucher tanzen zum Israelhass <\/p>\n<p class=\"tspCJpg\">W\u00e4hrend des Songs tanzten zahlreiche, mehrheitlich jugendliche Besucher der Kundgebung und sangen den Text mit. Eine Pal\u00e4stina-Flagge wurde geschwungen, einzelne Besucher vermummten sich.<\/p>\n<blockquote class=\"tspCMpp\">\n<p>Elif Eralp spielt dabei das Feigenblatt.<\/p>\n<\/blockquote>\n<p class=\"tspCMpq\"><strong>Stefan Evers (CDU)<\/strong> attackiert die Linke-Spitzenkandidatin.<\/p>\n<p class=\"tspCJpg\">Noch w\u00e4hrend des Auftritts betrat Hermann Nehls, Co-Vorsitzender der Linken Neuk\u00f6lln, kurzzeitig die B\u00fchne und machte Fotos. Eine Einordnung oder Distanzierung der Textpassagen erfolgte weder durch ihn noch ein anderes Mitglied der Linken Neuk\u00f6lln unmittelbar im Anschluss an den Auftritt.<\/p>\n<p class=\"tspCJpg\">Am Sonntag erkl\u00e4rte Nehls: \u201eDer Song geh\u00f6rte nicht zum vorher mit uns abgesprochenen k\u00fcnstlerischen Programm und wurde am Ende der Veranstaltung spontan aufgef\u00fchrt.\u201c Es sei \u201ev\u00f6llig klar, dass Aufrufe zu Gewalt gegen Personen nicht gehen\u00a0\u2013 weder in Liedtexten noch in anderer Form.\u201c Die Linke Neuk\u00f6lln werde den Abend \u201enun intern aufarbeiten\u201c<\/p>\n<p> SPD-Spitzenkandidat Krach: \u201eLackmustest, wo Linke steht\u201c <\/p>\n<p class=\"tspCJpg\">Ebenfalls am Sonntag \u00e4u\u00dferten sich die Spitzenkandidaten von CDU, Gr\u00fcnen und SPD zu dem Vorfall. \u201eAntisemitismus ist bei der Berliner Linkspartei l\u00e4ngst kein Ausrutscher mehr, sondern Teil ihres politischen Systems. Elif Eralp spielt dabei das Feigenblatt\u201c, erkl\u00e4rte Stefan Evers (CDU) mit Bezug auf die Spitzenkandidatin der Berliner Linken, die in Neuk\u00f6lln aber nicht anwesend war. Evers forderte Gr\u00fcne und SPD auf, eine Zusammenarbeit mit der Linken auszuschlie\u00dfen.<\/p>\n<p class=\"tspCJpg\">Werner Graf von den Gr\u00fcnen sagte: \u201eAufrufe zur Gewalt und die Infragestellung des Existenzrechts Israels sind niemals akzeptabel. Die Linken-Spitze um Elif Eralp muss unmissverst\u00e4ndlich klarmachen, dass auch sie dergleichen nicht hinnimmt, schon gar nicht als Teil des Linken-Wahlkampfes. Ich erwarte hier eine klare Distanzierung. Alles andere l\u00e4sst daran zweifeln, ob diese Linke in Berlin \u00fcberhaupt regieren kann und will.\u201c<\/p>\n<p class=\"tspCJpg\">Steffen Krach, Spitzenkandidat der Berliner SPD, erkl\u00e4rte: \u201eIch finde es unertr\u00e4glich, dass die Linke auf ihrer Wahlkampfveranstaltung Israelhass eine B\u00fchne geboten hat. Ich erwarte jetzt nicht nur Worte, sondern das entschlossene Handeln, das Spitzenkandidatin Eralp selbst immer versprochen hat. Das ist jetzt der Lackmustest, wo die Linke Berlin steht.\u201c<\/p>\n<p> Linke-Spitzenkandidatin Eralp: \u201eAbsolut inakzeptabel\u201c <\/p>\n<p class=\"tspCJpg\">Eralp \u00e4u\u00dferte sich auf Anfrage zun\u00e4chst nicht zu dem Vorfall. An ihrer Stelle erkl\u00e4rte Landeschefin Kerstin Wolter, sie sei \u201estinksauer \u00fcber den Liedtext, der dort offenbar gesungen wurde\u201c. Ein Aufruf zur T\u00f6tung von Zivilisten und Soldaten \u201egeht gar nicht\u201c, sagte sie und forderte von der Linke Neuk\u00f6lln Aufkl\u00e4rung und \u201eKonsequenzen\u201c.<\/p>\n<p class=\"tspCJpg\">Sp\u00e4ter bezog Eralp dann doch Stellung. \u201eWie meine Parteivorsitzende Kerstin Wolter verurteile ich den Auftritt in Neuk\u00f6lln aufs Sch\u00e4rfste. Aufrufe zur Gewalt und zur T\u00f6tung von Menschen sind absolut inakzeptabel\u201c, teilte sie am Nachmittag der Deutschen Presse-Agentur mit. \u201eIch bin entsetzt, die Verantwortlichen h\u00e4tten sofort intervenieren m\u00fcssen.\u201c<\/p>\n<p class=\"tspCJpg\">Eralp erkl\u00e4rte weiter: \u201eDer Bezirksverband Neuk\u00f6lln hat den S\u00e4nger eingeladen, ich erwarte, dass dort aufgekl\u00e4rt wird, wie es zu so einer Grenz\u00fcberschreitung kommen konnte, und dass es Konsequenzen gibt. <a href=\"https:\/\/www.tagesspiegel.de\/berlin\/diese-frau-will-berlin-regieren-elif-eralp-und-ihr-balanceakt-mit-der-linken-15608799.html?icid=in-text-link_15997499\" class=\"link link--internal\" data-gtm-class=\"article-text-link\" data-gtm-val=\"internal\" rel=\"nofollow noopener\" target=\"_blank\">Ich stehe klar f\u00fcr den Schutz von j\u00fcdischem Leben und gegen jede Form von Antisemitismus.<\/a>\u201c<\/p>\n<p> Dahabflex-Song klarer Aufruf zur Gewalt <\/p>\n<p class=\"tspCJpg\">Der Begriff \u201eIntifada\u201c hei\u00dft w\u00f6rtlich \u201eabsch\u00fctteln\u201c, bezeichnet aber vor allem die gewaltsamen und auf beiden Seiten t\u00f6dlichen Aufst\u00e4nde der pal\u00e4stinensischen Bev\u00f6lkerung gegen die israelische Besatzung in den Jahren 1987 bis 1993 (erste Intifada) und 2000 bis 2005 (zweite Intifada).<\/p>\n<p class=\"tspCJpg\">Durch Attacken und Selbstmordanschl\u00e4ge wurden dabei mehr als 1000 Israelis get\u00f6tet. Die Zahl der durch das israelische Milit\u00e4r get\u00f6teten Pal\u00e4stinenser lag um ein Vielfaches h\u00f6her. Kombiniert mit dem Aufruf \u201eYalla\u201c \u2013 arabisch f\u00fcr \u201eLos\u201c oder \u201eLos geht\u2019s\u201c\u00a0\u2013 stellt die Parole einen eindeutigen Gewaltaufruf dar.<\/p>\n<p> Linke spricht von 1000 G\u00e4sten in Neuk\u00f6lln <\/p>\n<p class=\"tspCJpg\">Der Auftritt des wegen seiner politischen Statements und Texte umstrittenen Rappers \u2013 Dahabflex bezieht sich etwa positiv auf die pal\u00e4stinensische Terrororganisation PFLP\u00a0\u2013 war Teil einer Kundgebung unter dem Titel \u201eW\u00fctend auf den Kapitalismus\u201c. Diese hatte der Theaterregisseur Volker L\u00f6sch gemeinsam mit der Linken organisiert.<\/p>\n<p class=\"tspCJpg\">Neben den Auftritten von Dahabflex und der Rapperin Antifuchs gab es von L\u00f6sch moderierte<strong> <\/strong>Gespr\u00e4che mit Kandidierenden der Linken in Neuk\u00f6lln und Treptow\u2011K\u00f6penick. Daneben traten zahlreiche Akteure aus der Zivilgesellschaft auf, unter anderem Deborah Feldman und Matthias Lilienthal, Intendant der Berliner Volksb\u00fchne.<strong> <\/strong>Parteiangaben zufolge besuchten rund 1000 Menschen die Kundgebung.<\/p>\n<p>Mehr zum Thema<a href=\"https:\/\/www.tagesspiegel.de\/berlin\/wir-koalieren-nicht-mit-radikalen-und-antisemiten-berlins-cdu-fraktionschef-fordert-bundnis-mit-linkspartei-auszuschliessen-15580067.html?icid=topic-list_15997499___\" data-gtm-class=\"article-mzt-link\" data-hydrate-fingerprint=\"09740a54944caac75fd2c0c63fd5c5df\" data-hydrate-props=\"{&amp;escapedquot;element&amp;escapedquot;:{&amp;escapedquot;type&amp;escapedquot;:&amp;escapedquot;relatedContent&amp;escapedquot;,&amp;escapedquot;fieldMap&amp;escapedquot;:{},&amp;escapedquot;relation&amp;escapedquot;:{&amp;escapedquot;fields&amp;escapedquot;:{&amp;escapedquot;isPaid&amp;escapedquot;:true},&amp;escapedquot;href&amp;escapedquot;:&amp;escapedquot;\/berlin\/wir-koalieren-nicht-mit-radikalen-und-antisemiten-berlins-cdu-fraktionschef-fordert-bundnis-mit-linkspartei-auszuschliessen-15580067.html&amp;escapedquot;,&amp;escapedquot;teaserTitle&amp;escapedquot;:{&amp;escapedquot;kicker&amp;escapedquot;:&amp;escapedquot;\u201eWir koalieren nicht mit Radikalen und Antisemiten\u201c&amp;escapedquot;,&amp;escapedquot;headline&amp;escapedquot;:&amp;escapedquot;Berlins CDU-Fraktionschef fordert, B\u00fcndnis mit Linkspartei auszuschlie\u00dfen&amp;escapedquot;},&amp;escapedquot;id&amp;escapedquot;:&amp;escapedquot;15580067&amp;escapedquot;,&amp;escapedquot;type&amp;escapedquot;:&amp;escapedquot;story&amp;escapedquot;},&amp;escapedquot;isPartOfList&amp;escapedquot;:true,&amp;escapedquot;topicListType&amp;escapedquot;:&amp;escapedquot;topic-list&amp;escapedquot;},&amp;escapedquot;showArrow&amp;escapedquot;:true}\" data-hydrate-slots=\"{&#039;default&#039;:[]}\" class=\"tspCPp3 tspDEsb\" rel=\"nofollow noopener\" target=\"_blank\">\u201eWir koalieren nicht mit Radikalen und Antisemiten\u201c Berlins CDU-Fraktionschef fordert, B\u00fcndnis mit Linkspartei auszuschlie\u00dfen <\/a><a href=\"https:\/\/www.tagesspiegel.de\/politik\/linke-bekennt-sich-zu-genozid-vorwurf-gegen-israel-als-die-gastrednerin-von-apartheid-spricht-jubelt-der-parteitag-15735665.html?icid=topic-list_15997499___\" data-gtm-class=\"article-mzt-link\" data-hydrate-fingerprint=\"09740a54944caac75fd2c0c63fd5c5df\" data-hydrate-props=\"{&amp;escapedquot;element&amp;escapedquot;:{&amp;escapedquot;type&amp;escapedquot;:&amp;escapedquot;relatedContent&amp;escapedquot;,&amp;escapedquot;fieldMap&amp;escapedquot;:{},&amp;escapedquot;relation&amp;escapedquot;:{&amp;escapedquot;fields&amp;escapedquot;:{&amp;escapedquot;isPaid&amp;escapedquot;:null},&amp;escapedquot;href&amp;escapedquot;:&amp;escapedquot;\/politik\/linke-bekennt-sich-zu-genozid-vorwurf-gegen-israel-als-die-gastrednerin-von-apartheid-spricht-jubelt-der-parteitag-15735665.html&amp;escapedquot;,&amp;escapedquot;teaserTitle&amp;escapedquot;:{&amp;escapedquot;kicker&amp;escapedquot;:&amp;escapedquot;Linke versch\u00e4rft Wortwahl zu Gaza&amp;escapedquot;,&amp;escapedquot;headline&amp;escapedquot;:&amp;escapedquot;Als die Gastrednerin von Apartheid spricht, jubeln die Delegierten&amp;escapedquot;},&amp;escapedquot;id&amp;escapedquot;:&amp;escapedquot;15735665&amp;escapedquot;,&amp;escapedquot;type&amp;escapedquot;:&amp;escapedquot;story&amp;escapedquot;},&amp;escapedquot;isPartOfList&amp;escapedquot;:true,&amp;escapedquot;topicListType&amp;escapedquot;:&amp;escapedquot;topic-list&amp;escapedquot;},&amp;escapedquot;showArrow&amp;escapedquot;:true}\" data-hydrate-slots=\"{&#039;default&#039;:[]}\" class=\"tspCPp3 tspDEsb\" rel=\"nofollow noopener\" target=\"_blank\">Linke versch\u00e4rft Wortwahl zu Gaza Als die Gastrednerin von Apartheid spricht, jubeln die Delegierten <\/a><a href=\"https:\/\/www.tagesspiegel.de\/politik\/bartsch-gysi-und-ramelow-antizionismus-darf-keine-normalitat-in-der-linken-werden-15406989.html?icid=topic-list_15997499___\" data-gtm-class=\"article-mzt-link\" data-hydrate-fingerprint=\"09740a54944caac75fd2c0c63fd5c5df\" data-hydrate-props=\"{&amp;escapedquot;element&amp;escapedquot;:{&amp;escapedquot;type&amp;escapedquot;:&amp;escapedquot;relatedContent&amp;escapedquot;,&amp;escapedquot;fieldMap&amp;escapedquot;:{},&amp;escapedquot;relation&amp;escapedquot;:{&amp;escapedquot;fields&amp;escapedquot;:{&amp;escapedquot;isPaid&amp;escapedquot;:true},&amp;escapedquot;href&amp;escapedquot;:&amp;escapedquot;\/politik\/bartsch-gysi-und-ramelow-antizionismus-darf-keine-normalitat-in-der-linken-werden-15406989.html&amp;escapedquot;,&amp;escapedquot;teaserTitle&amp;escapedquot;:{&amp;escapedquot;kicker&amp;escapedquot;:&amp;escapedquot;Bartsch, Gysi und Ramelow&amp;escapedquot;,&amp;escapedquot;headline&amp;escapedquot;:&amp;escapedquot;\u201eAntizionismus\u201c darf keine Normalit\u00e4t in der Linken werden&amp;escapedquot;},&amp;escapedquot;id&amp;escapedquot;:&amp;escapedquot;15406989&amp;escapedquot;,&amp;escapedquot;type&amp;escapedquot;:&amp;escapedquot;story&amp;escapedquot;},&amp;escapedquot;isPartOfList&amp;escapedquot;:true,&amp;escapedquot;topicListType&amp;escapedquot;:&amp;escapedquot;topic-list&amp;escapedquot;},&amp;escapedquot;showArrow&amp;escapedquot;:true}\" data-hydrate-slots=\"{&#039;default&#039;:[]}\" class=\"tspCPp3 tspDEsb\" rel=\"nofollow noopener\" target=\"_blank\">Bartsch, Gysi und Ramelow \u201eAntizionismus\u201c darf keine Normalit\u00e4t in der Linken werden <\/a><\/p>\n<p class=\"tspCJpg\">Innerhalb der Berliner Linken gilt der Neuk\u00f6llner Kreisverband wegen seiner Position zum Krieg im Nahen Osten <a href=\"https:\/\/www.tagesspiegel.de\/berlin\/unklare-machtverhaltnisse-wie-antisemitisch-ist-die-berliner-linke-14623826.html?icid=in-text-link_15997499\" class=\"link link--internal\" data-gtm-class=\"article-text-link\" data-gtm-val=\"internal\" rel=\"nofollow noopener\" target=\"_blank\">als problematisch<\/a>. Immer wieder hatten Vertreter und Mandatstr\u00e4ger mit Israelkritik auf sich aufmerksam gemacht, den Vorwurf des Antisemitismus aber weit von sich gewiesen.<\/p>\n<p class=\"tspCJpg\">Als besonders exponiert gelten dabei der <a href=\"https:\/\/www.tagesspiegel.de\/berlin\/antisemit-oder-burgermeister-fur-alle-wer-ist-der-neukollner-linke-kandidat-ahmed-abed-15152860.html?icid=in-text-link_15997499\" class=\"link link--internal\" data-gtm-class=\"article-text-link\" data-gtm-val=\"internal\" rel=\"nofollow noopener\" target=\"_blank\">B\u00fcrgermeisterkandidat Ahmed Abed<\/a> sowie der 2025 direkt in den Bundestag gew\u00e4hlte Ferat Kocak. Elif Eralp, Spitzenkandidatin der Berliner Linken f\u00fcr die Abgeordnetenhauswahl, hatte den Vorwurf des Antisemitismus gegen Mitglieder der Partei zuletzt <a href=\"https:\/\/www.tagesspiegel.de\/berlin\/berliner-spitzenkandidatin-elif-eralp-im-gesprach-eine-linke-in-der-regierung-wird-vergesellschaften-15966285.html?icid=in-text-link_15997499\" class=\"link link--internal\" data-gtm-class=\"article-text-link\" data-gtm-val=\"internal\" rel=\"nofollow noopener\" target=\"_blank\">stets zur\u00fcckgewiesen<\/a>.<\/p>\n","protected":false},"excerpt":{"rendered":"Auf einer Wahlkampfkundgebung der Linken Neuk\u00f6lln ist es am Samstagabend zu Gewaltaufrufen gegen den Staat Israel und Angeh\u00f6rige&hellip;\n","protected":false},"author":2,"featured_media":1269597,"comment_status":"","ping_status":"","sticky":false,"template":"","format":"standard","meta":{"footnotes":"","_share_on_mastodon":"0"},"categories":[2],"tags":[9943,31,29,536,122559,738,30,13,411,1635,1891,14,15,2548,12,184,44707,10,8,9,11],"class_list":["post-1270068","post","type-post","status-publish","format-standard","has-post-thumbnail","category-deutschland","tag-abgeordnetenhauswahl","tag-cdu","tag-deutschland","tag-die-linke","tag-elif-eralp","tag-gazastreifen","tag-germany","tag-headlines","tag-israel","tag-jugend","tag-landespolitik-berlin","tag-nachrichten","tag-news","tag-palaestina","tag-schlagzeilen","tag-spd","tag-stefan-evers","tag-top-news","tag-top-meldungen","tag-topmeldungen","tag-topnews"],"share_on_mastodon":{"url":"https:\/\/pubeurope.com\/@de\/117185434558969860","error":""},"_links":{"self":[{"href":"https:\/\/www.europesays.com\/de\/wp-json\/wp\/v2\/posts\/1270068","targetHints":{"allow":["GET"]}}],"collection":[{"href":"https:\/\/www.europesays.com\/de\/wp-json\/wp\/v2\/posts"}],"about":[{"href":"https:\/\/www.europesays.com\/de\/wp-json\/wp\/v2\/types\/post"}],"author":[{"embeddable":true,"href":"https:\/\/www.europesays.com\/de\/wp-json\/wp\/v2\/users\/2"}],"replies":[{"embeddable":true,"href":"https:\/\/www.europesays.com\/de\/wp-json\/wp\/v2\/comments?post=1270068"}],"version-history":[{"count":0,"href":"https:\/\/www.europesays.com\/de\/wp-json\/wp\/v2\/posts\/1270068\/revisions"}],"wp:featuredmedia":[{"embeddable":true,"href":"https:\/\/www.europesays.com\/de\/wp-json\/wp\/v2\/media\/1269597"}],"wp:attachment":[{"href":"https:\/\/www.europesays.com\/de\/wp-json\/wp\/v2\/media?parent=1270068"}],"wp:term":[{"taxonomy":"category","embeddable":true,"href":"https:\/\/www.europesays.com\/de\/wp-json\/wp\/v2\/categories?post=1270068"},{"taxonomy":"post_tag","embeddable":true,"href":"https:\/\/www.europesays.com\/de\/wp-json\/wp\/v2\/tags?post=1270068"}],"curies":[{"name":"wp","href":"https:\/\/api.w.org\/{rel}","templated":true}]}}