{"id":1270079,"date":"2026-08-30T16:45:18","date_gmt":"2026-08-30T16:45:18","guid":{"rendered":"https:\/\/www.europesays.com\/de\/1270079\/"},"modified":"2026-08-30T16:45:18","modified_gmt":"2026-08-30T16:45:18","slug":"moenchengladbach-volks-und-heimatfest-in-speick-bringt-den-ort-zusammen","status":"publish","type":"post","link":"https:\/\/www.europesays.com\/de\/1270079\/","title":{"rendered":"M\u00f6nchengladbach: Volks- und Heimatfest in Speick bringt den Ort zusammen"},"content":{"rendered":"<p class=\"text_ohne_einzug richtext text-em-55 !leading-serif mx-6 desktop:mx-0\">Seit 44 Jahren gibt es den B\u00fcrgersch\u00fctzenverein St. Hermann-Josef Speick. Das allj\u00e4hrliche Volks- und Heimatfest ist ein wichtiger Termin f\u00fcr die Mitglieder der Bruderschaften und die Anwohner des Stadtteils. Am Freitag, 28. August, lockte zun\u00e4chst ein Auftritt der Band Riedberg begeisterte Partyg\u00e4nger ins Festzelt. Am Samstag folgten dann der feierliche Zapfenstreich, die gro\u00dfe Festparade und der K\u00f6nigsball.<\/p>\n","protected":false},"excerpt":{"rendered":"Seit 44 Jahren gibt es den B\u00fcrgersch\u00fctzenverein St. Hermann-Josef Speick. Das allj\u00e4hrliche Volks- und Heimatfest ist ein wichtiger&hellip;\n","protected":false},"author":2,"featured_media":1270080,"comment_status":"","ping_status":"","sticky":false,"template":"","format":"standard","meta":{"footnotes":"","_share_on_mastodon":"0"},"categories":[1849],"tags":[6329,23078,83269,25949,3364,29,548,663,3934,3486,30,13,50981,226083,35235,11073,4455,14,15,1209,262326,12,9877,50988,23079,14975,104067,10434,25006,53385,51965],"class_list":["post-1270079","post","type-post","status-publish","format-standard","has-post-thumbnail","category-moenchengladbach","tag-band","tag-bruderschaft","tag-buergerschuetzenverein","tag-damen","tag-de","tag-deutschland","tag-eu","tag-europa","tag-europe","tag-festzelt","tag-germany","tag-headlines","tag-heimatfest","tag-klompen","tag-klompenparade","tag-mitglied","tag-moenchengladbach","tag-nachrichten","tag-news","tag-nordrhein-westfalen","tag-schillings","tag-schlagzeilen","tag-schuetzen","tag-schuetzenfamilie","tag-schuetzenfest","tag-schuetzenwesen","tag-speick","tag-verein","tag-vereinsmitglied","tag-vereinsmitglieder","tag-volks"],"share_on_mastodon":{"url":"https:\/\/pubeurope.com\/@de\/117185473970287356","error":""},"_links":{"self":[{"href":"https:\/\/www.europesays.com\/de\/wp-json\/wp\/v2\/posts\/1270079","targetHints":{"allow":["GET"]}}],"collection":[{"href":"https:\/\/www.europesays.com\/de\/wp-json\/wp\/v2\/posts"}],"about":[{"href":"https:\/\/www.europesays.com\/de\/wp-json\/wp\/v2\/types\/post"}],"author":[{"embeddable":true,"href":"https:\/\/www.europesays.com\/de\/wp-json\/wp\/v2\/users\/2"}],"replies":[{"embeddable":true,"href":"https:\/\/www.europesays.com\/de\/wp-json\/wp\/v2\/comments?post=1270079"}],"version-history":[{"count":0,"href":"https:\/\/www.europesays.com\/de\/wp-json\/wp\/v2\/posts\/1270079\/revisions"}],"wp:featuredmedia":[{"embeddable":true,"href":"https:\/\/www.europesays.com\/de\/wp-json\/wp\/v2\/media\/1270080"}],"wp:attachment":[{"href":"https:\/\/www.europesays.com\/de\/wp-json\/wp\/v2\/media?parent=1270079"}],"wp:term":[{"taxonomy":"category","embeddable":true,"href":"https:\/\/www.europesays.com\/de\/wp-json\/wp\/v2\/categories?post=1270079"},{"taxonomy":"post_tag","embeddable":true,"href":"https:\/\/www.europesays.com\/de\/wp-json\/wp\/v2\/tags?post=1270079"}],"curies":[{"name":"wp","href":"https:\/\/api.w.org\/{rel}","templated":true}]}}