{"id":1270081,"date":"2026-08-30T16:46:20","date_gmt":"2026-08-30T16:46:20","guid":{"rendered":"https:\/\/www.europesays.com\/de\/1270081\/"},"modified":"2026-08-30T16:46:20","modified_gmt":"2026-08-30T16:46:20","slug":"nahversorgung-in-herten-it-nrw-daten-zeigen-luecken-im-norden","status":"publish","type":"post","link":"https:\/\/www.europesays.com\/de\/1270081\/","title":{"rendered":"Nahversorgung in Herten: IT.NRW-Daten zeigen L\u00fccken im Norden"},"content":{"rendered":"<p>\tNahversorgung in Herten: IT.NRW-Daten zeigen L\u00fccken im Norden<\/p>\n<p>    <a class=\"skip-link screen-reader-text\" href=\"#content\">Zum Inhalt springen<\/a><br \/>\n    <a class=\"skip-link screen-reader-text\" href=\"#site-navigation\">Zur Navigation springen<\/a><\/p>\n<p>\t\tInteraktive Karte zur Nahversorgung<br \/>\n\t\t\t\t\tWo Herten gut versorgt ist und wo es hapert<\/p>\n<p>\t\t<img alt=\"\" src=\"https:\/\/www.europesays.com\/de\/wp-content\/uploads\/2025\/04\/Prause_Oliver_Herten_0701_961.png\"  class=\"avatar avatar-36 photo avatar-default\" height=\"36\" width=\"36\" loading=\"eager\" decoding=\"async\"\/>\t\t<a class=\"article-author__name\" href=\"https:\/\/www.hertener-allgemeine.de\/author\/oliver-prause\/\" rel=\"author nofollow noopener\" target=\"_blank\">Oliver Prause<\/a><br \/>\n\t\tRedakteur<\/p>\n<p>    <a href=\"https:\/\/www.hertener-allgemeine.de\/wp-content\/uploads\/2026\/08\/28\/09\/630_0900_6750492_-1648x824.jpg\" rel=\"nofollow noopener\" target=\"_blank\"><\/p>\n<p>            <img loading=\"lazy\" decoding=\"async\" src=\"https:\/\/www.europesays.com\/de\/wp-content\/uploads\/2026\/08\/630_0900_6750421_-640x428.jpg\" width=\"640\" height=\"428\"  alt=\"Eine Kundin mit Einkaufswagen steht im Gang eines Supermarktes.\"\/><\/p>\n<p>    <\/a><br \/>\n    Wie weit ist der Weg zum n\u00e4chsten Supermarkt bzw. Discounter? Diese Frage hat sich IT.NRW als Statistisches Landesamt gestellt und Daten zur Nahversorgung von St\u00e4dten und Gemeinden grafisch ausgewertet. (Symbolfoto) \u00a9 Frank Rumpenhorst\/dpa<\/p>\n<p class=\"article__teaser-text\">Daten von IT.NRW zeigen: In Herten sind Lebensmittelm\u00e4rkte meist gut erreichbar. Im Norden von Langenbochum und Scherlebeck sowie in S\u00fcd gibt es aber L\u00fccken.<\/p>\n<p>2 Min Lesezeit<\/p>\n<p>Ballungszentren in jedem Hertener StadtteilKeine optimale Versorgung im d\u00fcnn besiedelten Norden<\/p>\n<p>Wir haben festgestellt, dass Sie den Hohen Kontrast-Modus nutzen. Wir haben ihn darum auch auf unserer Seite f\u00fcr sie aktiviert:<\/p>\n<p>            Hoher Kontrast Modus\n        <\/p>\n<p>Sie k\u00f6nnen Ihn im <strong> Men\u00fc<\/strong> jederzeit ausschalten.<\/p>\n<p>    Alles klar<\/p>\n<p class=\"boxed centered\">\n\t\tSie sind bereits registriert?<br \/><a href=\"https:\/\/www.hertener-allgemeine.de\/login\/?redirect_to=https%3A%2F%2Fwww.hertener-allgemeine.de%2Fherten%2Fnahversorgung-herten-it-nrw-daten-zeigen-luecken-rewe-supermarkt-langenbochum-feldstrasse-w1240040-8001367276%2F\" rel=\"nofollow noopener\" target=\"_blank\">Hier einloggen<\/a>\n\t<\/p>\n","protected":false},"excerpt":{"rendered":"Nahversorgung in Herten: IT.NRW-Daten zeigen L\u00fccken im Norden Zum Inhalt springen Zur Navigation springen Interaktive Karte zur Nahversorgung&hellip;\n","protected":false},"author":2,"featured_media":1270082,"comment_status":"","ping_status":"","sticky":false,"template":"","format":"standard","meta":{"footnotes":"","_share_on_mastodon":"0"},"categories":[1848],"tags":[13880,3364,29,4289,548,663,3934,3658,30,13,14,15,1209,12],"class_list":["post-1270081","post","type-post","status-publish","format-standard","has-post-thumbnail","category-gelsenkirchen","tag-it-nrw","tag-de","tag-deutschland","tag-einkaufen","tag-eu","tag-europa","tag-europe","tag-gelsenkirchen","tag-germany","tag-headlines","tag-nachrichten","tag-news","tag-nordrhein-westfalen","tag-schlagzeilen"],"share_on_mastodon":{"url":"https:\/\/pubeurope.com\/@de\/117185480563699851","error":""},"_links":{"self":[{"href":"https:\/\/www.europesays.com\/de\/wp-json\/wp\/v2\/posts\/1270081","targetHints":{"allow":["GET"]}}],"collection":[{"href":"https:\/\/www.europesays.com\/de\/wp-json\/wp\/v2\/posts"}],"about":[{"href":"https:\/\/www.europesays.com\/de\/wp-json\/wp\/v2\/types\/post"}],"author":[{"embeddable":true,"href":"https:\/\/www.europesays.com\/de\/wp-json\/wp\/v2\/users\/2"}],"replies":[{"embeddable":true,"href":"https:\/\/www.europesays.com\/de\/wp-json\/wp\/v2\/comments?post=1270081"}],"version-history":[{"count":0,"href":"https:\/\/www.europesays.com\/de\/wp-json\/wp\/v2\/posts\/1270081\/revisions"}],"wp:featuredmedia":[{"embeddable":true,"href":"https:\/\/www.europesays.com\/de\/wp-json\/wp\/v2\/media\/1270082"}],"wp:attachment":[{"href":"https:\/\/www.europesays.com\/de\/wp-json\/wp\/v2\/media?parent=1270081"}],"wp:term":[{"taxonomy":"category","embeddable":true,"href":"https:\/\/www.europesays.com\/de\/wp-json\/wp\/v2\/categories?post=1270081"},{"taxonomy":"post_tag","embeddable":true,"href":"https:\/\/www.europesays.com\/de\/wp-json\/wp\/v2\/tags?post=1270081"}],"curies":[{"name":"wp","href":"https:\/\/api.w.org\/{rel}","templated":true}]}}