{"id":1270085,"date":"2026-08-30T16:48:17","date_gmt":"2026-08-30T16:48:17","guid":{"rendered":"https:\/\/www.europesays.com\/de\/1270085\/"},"modified":"2026-08-30T16:48:17","modified_gmt":"2026-08-30T16:48:17","slug":"sommerraetsel-2026-zeigt-verborgene-kunstwerke-im-landkreis-augsburg","status":"publish","type":"post","link":"https:\/\/www.europesays.com\/de\/1270085\/","title":{"rendered":"Sommerr\u00e4tsel 2026 zeigt verborgene Kunstwerke im Landkreis Augsburg"},"content":{"rendered":"<p class=\"mb-6 text-xs-varying md:text-m lg:text-l font-serif group-[.font-sans]:font-sans \">\n    Sie begegnen einem beinahe jeden Tag: Auf dem Kreisverkehr, in der Dorfmitte, vor dem Rathaus oder an der Kirche stehen kleine und gro\u00dfe Kunstwerke. Die Skulpturen, Installationen oder auch Graffiti sind oft wie versteckte Sch\u00e4tze. Aber wer wei\u00df tats\u00e4chlich mehr \u00fcber sie?\n  <\/p>\n<p>            Eine Entdeckungsreise durch den Landkreis Augsburg<\/p>\n<p class=\"mb-6 text-xs-varying md:text-m lg:text-l font-serif group-[.font-sans]:font-sans \">\n    Fotograf Marcus Merk und Redakteur Maximilian Czysz haben sich auf\u00a0Spurensuche gemacht. Gemeinsam mit allen Lesern und Leserinnen wollen sie unscheinbare Ecken im Landkreis Augsburg erkunden und besondere Kunstwerke im \u00f6ffentlichen Raum zeigen. In den vergangenen Wochen wurden beim Sommerr\u00e4tsel 2026 t\u00e4glich zwei dieser bekannten und weniger bekannten Kunstwerke pr\u00e4sentiert. Das ist die Aufl\u00f6sung.\n  <\/p>\n<ul rel=\"\" class=\"[&amp;&gt;li]:relative list-none  [&amp;&gt;li]:pl-[1.2em] [&amp;&gt;li]:marker:text-[0] [&amp;&gt;li]:relative [&amp;&gt;li]:before:absolute [&amp;&gt;li]:before:w-3 [&amp;&gt;li]:before:h-3 [&amp;&gt;li]:before:bg-brand [&amp;&gt;li]:before:left-0 [&amp;&gt;li]:before:rounded-full [&amp;&gt;li]:before:top-[8px] md:[&amp;&gt;li]:before:top-[9px] lg:[&amp;&gt;li]:before:top-[11px]  my-5\">\n<li class=\" mb-3 text-xs-varying md:text-m lg:text-l\">R\u00e4tsel 13:  In der gr\u00f6\u00dften Stadt des Landkreises Augsburg, in K\u00f6nigsbrunn, ist Balance gefragt:<a href=\"https:\/\/www.augsburger-allgemeine.de\/schwabmuenchen\/mehr-als-rund-kreisverkehre-ueberzeugen-im-landkreis-augsburg-mit-kreativen-gestaltungen-114022761\" target=\"_self\" class=\"underline \" rel=\"nofollow noopener\"> Die Figur von Josef Lang aus Denklingen schwingt auf einer Kugel stehende drei Ringe.<\/a> Mit einem kleinen Betonsockel kommt der \u201eJongleur\u201c auf eine stattliche H\u00f6he von 6,20 Metern.\u00a0Der Jongleur ist aus Aluminium und entstand in der <a href=\"https:\/\/www.augsburger-allgemeine.de\/landsberg\/landsberg-in-der-metallgiesserei-pfefferkorn-entsteht-kunst-aus-guss-102952243\" target=\"_self\" class=\"underline \" rel=\"nofollow noopener\">Pfefferkorn GmbH &amp; Co. Metallgie\u00dferei und Systeme KG in Landsberg<\/a>. Der Kreisverkehr wurde von einem Online-Portal in die Sammlung der besten Kunstwerke in Deutschlands Kreisverkehren aufgenommen.<\/li>\n<li class=\" mb-3 text-xs-varying md:text-m lg:text-l\">R\u00e4tsel 14: Ein sch\u00f6ner Spaziergang f\u00fchrt zwischen Wollishausen und Dietkirch zu einem besonderen Bildstock: Dargestellt wird die \u201eFlucht nach \u00c4gypten\u201c der Heiligen Familie. Der Fu\u00dfweg beginnt s\u00fcdlich der Kirche St. Johannes Baptist in Dietkirch  und f\u00fchrt entlang der Schmutter und \u00fcber die Wiesen nach Wollishausen. Dort k\u00f6nnen Spazierg\u00e4nger auf den Schotterweg auf der anderen Seite wechseln \u2013 vor dem Gessertshauser Ortsteil Dietkirch l\u00e4dt eine Holzplattform, die leicht \u00fcber an die Schmutter ragt, zu einer kleinen Pause ein.<\/li>\n<\/ul>\n<p>    <img decoding=\"async\" src=\"https:\/\/images.mgpd.de\/img\/114867845\/crop\/c16_9-w100\/1120399290\/1844437148\/20250921175634.jpg\" alt=\"Ein besonderer Bildstock steht am Weg zwischen Wollishausen und Dietkirch mit der Kirche St. Johannes Baptist.\" title=\"Ein besonderer Bildstock steht am Weg zwischen Wollishausen und Dietkirch mit der Kirche St. Johannes Baptist.\" loading=\"lazy\" class=\"h-full w-full object-cover\"\/><\/p>\n<p>      Icon vergr\u00f6\u00dfern<\/p>\n<p>    Ein besonderer Bildstock steht am Weg zwischen Wollishausen und Dietkirch mit der Kirche St. Johannes Baptist.<br \/>\n    Foto: Maximilian Czysz<\/p>\n<p>        Schlie\u00dfen <\/p>\n<p>      Icon Schlie\u00dfen<\/p>\n<p>        Icon vergr\u00f6\u00dfern<\/p>\n<p>        Icon verkleinern<\/p>\n<p>      Icon Pfeil bewegen<\/p>\n<p>    Ein besonderer Bildstock steht am Weg zwischen Wollishausen und Dietkirch mit der Kirche St. Johannes Baptist.<br \/>\n    Foto: Maximilian Czysz<\/p>\n<p class=\"mb-6 text-xs-varying md:text-m lg:text-l font-serif group-[.font-sans]:font-sans \">\n    Unsere gro\u00dfe Sommer-Mitmach-Aktion ist mit Ver\u00f6ffentlichung der Aufl\u00f6sungen beendet. Die Gewinnerinnen und Gewinner werden schriftlich benachrichtigt.\n  <\/p>\n","protected":false},"excerpt":{"rendered":"Sie begegnen einem beinahe jeden Tag: Auf dem Kreisverkehr, in der Dorfmitte, vor dem Rathaus oder an der&hellip;\n","protected":false},"author":2,"featured_media":1221519,"comment_status":"","ping_status":"","sticky":false,"template":"","format":"standard","meta":{"footnotes":"","_share_on_mastodon":"0"},"categories":[1846],"tags":[680,772,3364,29,548,663,3934,30,13,25730,137026,250447,145577,14,15,12,250446,61],"class_list":["post-1270085","post","type-post","status-publish","format-standard","has-post-thumbnail","category-augsburg","tag-augsburg","tag-bayern","tag-de","tag-deutschland","tag-eu","tag-europa","tag-europe","tag-germany","tag-headlines","tag-kreisverkehr","tag-landkreis-augsburg","tag-marcus-merk","tag-maximilian-czysz","tag-nachrichten","tag-news","tag-schlagzeilen","tag-sommerraetsel","tag-vielfalt"],"share_on_mastodon":{"url":"https:\/\/pubeurope.com\/@de\/117185485817294652","error":""},"_links":{"self":[{"href":"https:\/\/www.europesays.com\/de\/wp-json\/wp\/v2\/posts\/1270085","targetHints":{"allow":["GET"]}}],"collection":[{"href":"https:\/\/www.europesays.com\/de\/wp-json\/wp\/v2\/posts"}],"about":[{"href":"https:\/\/www.europesays.com\/de\/wp-json\/wp\/v2\/types\/post"}],"author":[{"embeddable":true,"href":"https:\/\/www.europesays.com\/de\/wp-json\/wp\/v2\/users\/2"}],"replies":[{"embeddable":true,"href":"https:\/\/www.europesays.com\/de\/wp-json\/wp\/v2\/comments?post=1270085"}],"version-history":[{"count":0,"href":"https:\/\/www.europesays.com\/de\/wp-json\/wp\/v2\/posts\/1270085\/revisions"}],"wp:featuredmedia":[{"embeddable":true,"href":"https:\/\/www.europesays.com\/de\/wp-json\/wp\/v2\/media\/1221519"}],"wp:attachment":[{"href":"https:\/\/www.europesays.com\/de\/wp-json\/wp\/v2\/media?parent=1270085"}],"wp:term":[{"taxonomy":"category","embeddable":true,"href":"https:\/\/www.europesays.com\/de\/wp-json\/wp\/v2\/categories?post=1270085"},{"taxonomy":"post_tag","embeddable":true,"href":"https:\/\/www.europesays.com\/de\/wp-json\/wp\/v2\/tags?post=1270085"}],"curies":[{"name":"wp","href":"https:\/\/api.w.org\/{rel}","templated":true}]}}