{"id":1270086,"date":"2026-08-30T16:49:36","date_gmt":"2026-08-30T16:49:36","guid":{"rendered":"https:\/\/www.europesays.com\/de\/1270086\/"},"modified":"2026-08-30T16:49:36","modified_gmt":"2026-08-30T16:49:36","slug":"skandalspiel-in-mannheim-fck-coach-lieberknecht-deutlich-derby-randale-war-eine-schande-fuer-den-fussball","status":"publish","type":"post","link":"https:\/\/www.europesays.com\/de\/1270086\/","title":{"rendered":"Skandalspiel in Mannheim: FCK-Coach Lieberknecht deutlich: Derby-Randale war &#8222;eine Schande f\u00fcr den Fu\u00dfball&#8220;"},"content":{"rendered":"<p>            <img loading=\"lazy\" decoding=\"async\" class=\"ts-image\" src=\"https:\/\/www.europesays.com\/de\/wp-content\/uploads\/2026\/08\/swr-fck-trainer-torsten-lieberknecht-freute-sich-ueber-den-sieg-beim-fc-st-pauli-fand-aber-auch-deut.jpeg\" alt=\"FCK-Trainer Torsten Lieberknecht freute sich \u00fcber den Sieg beim FC St. Pauli, fand aber auch deutliche Worte zu der Derby-Randale beim Pokalspiel bei Waldhof Mannheim in der Woche davor. \" title=\"FCK-Trainer Torsten Lieberknecht freute sich \u00fcber den Sieg beim FC St. Pauli, fand aber auch deutliche Worte zu der Derby-Randale beim Pokalspiel bei Waldhof Mannheim in der Woche davor.  | IMAGO, IMAGO \/ Oliver Ruhnke\"\/><\/p>\n<p class=\"metatextline\">Stand: 30.08.2026 \u2022 17:30 Uhr<\/p>\n<p class=\"article-head__shorttext\">\n        <strong>Noch immer besch\u00e4ftigt den 1. FC Kaiserslautern die Aufarbeitung der Derby-Randale bei Waldhof Mannheim. Trainer Torsten Lieberknecht findet nochmals deutliche Worte.<\/strong>\n    <\/p>\n<p class=\"textabsatz m-ten m-offset-one l-eight l-offset-two columns twelve\"><a href=\"https:\/\/www.swr.de\/sport\/fussball\/dfb-pokal-waldhof-fck-eskalation-unterbrechung-100.html\" title=\"Platzsturm, B\u00f6ller im Publikum\" class=\"textlink--extern\" target=\"_blank\" rel=\"noopener nofollow\">Platzsturm, B\u00f6ller im Publikum<\/a> und <a href=\"https:\/\/www.swr.de\/sport\/fussball\/verwuestete-kabine-nach-dem-krawallspiel-zwischen-waldhof-mannheim-und-fck-100.html\" title=\"eine verw\u00fcstete Kabine\" class=\"textlink--extern\" target=\"_blank\" rel=\"noopener nofollow\">eine verw\u00fcstete Kabine<\/a> &#8211; das Pokal-Derby bei Waldhof Mannheim hat der 1. FC Kaiserslautern noch immer nicht vollst\u00e4ndig verarbeitet. &#8222;Das Bild, das wir dort hinterlassen haben, war mit Sicherheit einen Schande f\u00fcr den Fu\u00dfball. Das muss man einfach so sagen&#8220;, sagte FCK-Trainer Torsten Lieberknecht <a href=\"https:\/\/www.swr.de\/sport\/fussball\/st-pauli-fck-reaktionen-100.html\" title=\"nach dem knappen 2:1-Sieg beim FC St. Pauli\" class=\"textlink--extern\" target=\"_blank\" rel=\"noopener nofollow\">nach dem knappen 2:1-Sieg beim FC St. Pauli<\/a>.<\/p>\n<p>    Lieberknecht: FCK nicht allein f\u00fcr die Eskalation verantwortlich<\/p>\n<p class=\"textabsatz m-ten m-offset-one l-eight l-offset-two columns twelve\">Lieberknecht f\u00fcrhte die Ereignisse in Mannheim auf &#8222;\u00fcberbordende Emotionalit\u00e4t, die fast kriminell ist&#8220; zur\u00fcck. Diese m\u00fcsse entsprechend sanktioniert werden. &#8222;Ich glaube, es ist f\u00fcr den deutschen Fu\u00dfball definitiv wichtig, dass es aufgekl\u00e4rt wird und dass man L\u00f6sungen findet&#8220;, sagte der 53-J\u00e4hrige. Er schr\u00e4nkte jedoch ein: &#8222;Da geht es nicht, dass man nur auf einen zeigt. Daran waren einige beteiligt.&#8220;<\/p>\n<p>    Pokal-Derby stand kurz vor dem Abbruch<\/p>\n<p class=\"textabsatz m-ten m-offset-one l-eight l-offset-two columns twelve\">Das S\u00fcdwest-Derby im DFB-Pokal zwischen dem Drittligisten SV Waldhof Mannheim und dem Zweitligisten 1. FC Kaiserslautern war nach der regul\u00e4ren Spielzeit eskaliert. Beim Stand von 0:0 gerieten nach Abpfiff zun\u00e4chst die Spieler aneinander. Anschlie\u00dfend warfen Zuschauer von der Mannheimer Haupttrib\u00fcne zahlreiche Gegenst\u00e4nde in Richtung der Spieler-Traube, wenig sp\u00e4ter schossen FCK-Fans Feuerwerksk\u00f6rper in Richtung der Trib\u00fcnen.<\/p>\n<p class=\"textabsatz m-ten m-offset-one l-eight l-offset-two columns twelve\">Daraufhin st\u00fcrmten Waldhof-Anh\u00e4nger auf das Feld. Die Mannschaften wurden in die Kabine geschickt. Polizeikr\u00e4fte mussten in den Heimblock, w\u00e4hrend berittene Polizisten versuchten, die Situation unter Kontrolle zu bringen.<\/p>\n<p>    Polizei und Politik fordern Konsequenzen<\/p>\n<p class=\"textabsatz m-ten m-offset-one l-eight l-offset-two columns twelve\">&#8222;Da sind eindeutig Grenzen \u00fcberschritten worden&#8220;, sagte Mannheims Oberb\u00fcrgermeister Christian Specht (CDU). Experten rechnen mit einer hohen Geldstrafe oder sogar einem Ausschluss der Fans.<\/p>\n<p class=\"textabsatz m-ten m-offset-one l-eight l-offset-two columns twelve\">Laut Polizei wurden bei der Randale 35 Beamte und 85 Zuschauer verletzt. Dazu leitete Polizei Ermittlungen &#8222;wegen Beleidigungen, verschiedener K\u00f6rperverletzungsdelikte, Sachbesch\u00e4digungen, Landfriedensbruchs, t\u00e4tlichen Angriffs auf Polizeibeamte sowie Verst\u00f6\u00dfen gegen das Sprengstoff-Gesetz&#8220; ein.<\/p>\n<p class=\"textabsatz m-ten m-offset-one l-eight l-offset-two columns twelve\"><a href=\"https:\/\/www.swr.de\/swraktuell\/rheinland-pfalz\/fck-mannheim-krawalle-reaktion-100.html\" title=\"Die Fan-Randale beim Pokal-Derby haben sogar den rheinland-pf\u00e4lzische Innenministerium auf den Plan gerufen\" class=\"textlink--extern\" target=\"_blank\" rel=\"noopener nofollow\">Die Fan-Randale beim Pokal-Derby haben sogar den rheinland-pf\u00e4lzische Innenministerium auf den Plan gerufen<\/a>. Innenminister Achim Schwickert (CDU) forderte, kriminelle Handlungen m\u00fcssten konsequent verfolgt werden. Gegebenenfalls m\u00fcssten die Sanktionen gegen gewaltt\u00e4tige Fans auch versch\u00e4rft werden.<\/p>\n<p>    FCK-Trainer Lieberknecht w\u00fcnscht langfristige L\u00f6sungen<\/p>\n<p class=\"textabsatz m-ten m-offset-one l-eight l-offset-two columns twelve\">Aus der Fankurve gab es jedoch auch Kritik am Polizei-Einsatz: Die Einsatzkr\u00e4fte haben aus Sicht des Fan-Dachverbands &#8222;Pro Waldhof&#8220; nicht deeskalierend gehandelt. Stattdessen habe der Einsatz von Schlagst\u00f6cken und Pfefferspray die Situation auf der Fan-Trib\u00fcne unn\u00f6tig versch\u00e4rft.<\/p>\n<p class=\"textabsatz m-ten m-offset-one l-eight l-offset-two columns twelve\">F\u00fcr FCK-Trainer Lieberknecht sind die Ausschreitungen jedoch kein reine Law-and-Order-Problem: &#8222;Experten werden da jetzt mit Sicherheit erst einmal Sanktionen starten und dann hoffentlich auch L\u00f6sungen finden.&#8220;<\/p>\n<p>                                        <a class=\"backlink__link\" href=\"https:\/\/www.swr.de\/sport\/fussball\/fck-trainer-torsten-lieberknecht-ueber-derby-randale-100.html\" rel=\"nofollow noopener\" target=\"_blank\"><\/p>\n<p>                                                <img decoding=\"async\" src=\"https:\/\/images.sportschau.de\/image\/d14251d0-d158-4797-a47c-e97e1e58a56b\/AAABlap_vas\/AAABnR8VW9w\/original\/lra-swr-logo-100.svg\" alt=\"S\u00fcdwestrundfunk\"\/><\/p>\n<p>                                        <\/a><\/p>\n","protected":false},"excerpt":{"rendered":"Stand: 30.08.2026 \u2022 17:30 Uhr Noch immer besch\u00e4ftigt den 1. FC Kaiserslautern die Aufarbeitung der Derby-Randale bei Waldhof&hellip;\n","protected":false},"author":2,"featured_media":1270087,"comment_status":"","ping_status":"","sticky":false,"template":"","format":"standard","meta":{"footnotes":"","_share_on_mastodon":"0"},"categories":[1845],"tags":[7974,1634,3364,29,548,663,3934,347,30,13,2096,14,15,12,1755],"class_list":["post-1270086","post","type-post","status-publish","format-standard","has-post-thumbnail","category-mannheim","tag-1-fc-kaiserslautern","tag-baden-wuerttemberg","tag-de","tag-deutschland","tag-eu","tag-europa","tag-europe","tag-fussball","tag-germany","tag-headlines","tag-mannheim","tag-nachrichten","tag-news","tag-schlagzeilen","tag-swr"],"share_on_mastodon":{"url":"https:\/\/pubeurope.com\/@de\/117185489767195510","error":""},"_links":{"self":[{"href":"https:\/\/www.europesays.com\/de\/wp-json\/wp\/v2\/posts\/1270086","targetHints":{"allow":["GET"]}}],"collection":[{"href":"https:\/\/www.europesays.com\/de\/wp-json\/wp\/v2\/posts"}],"about":[{"href":"https:\/\/www.europesays.com\/de\/wp-json\/wp\/v2\/types\/post"}],"author":[{"embeddable":true,"href":"https:\/\/www.europesays.com\/de\/wp-json\/wp\/v2\/users\/2"}],"replies":[{"embeddable":true,"href":"https:\/\/www.europesays.com\/de\/wp-json\/wp\/v2\/comments?post=1270086"}],"version-history":[{"count":0,"href":"https:\/\/www.europesays.com\/de\/wp-json\/wp\/v2\/posts\/1270086\/revisions"}],"wp:featuredmedia":[{"embeddable":true,"href":"https:\/\/www.europesays.com\/de\/wp-json\/wp\/v2\/media\/1270087"}],"wp:attachment":[{"href":"https:\/\/www.europesays.com\/de\/wp-json\/wp\/v2\/media?parent=1270086"}],"wp:term":[{"taxonomy":"category","embeddable":true,"href":"https:\/\/www.europesays.com\/de\/wp-json\/wp\/v2\/categories?post=1270086"},{"taxonomy":"post_tag","embeddable":true,"href":"https:\/\/www.europesays.com\/de\/wp-json\/wp\/v2\/tags?post=1270086"}],"curies":[{"name":"wp","href":"https:\/\/api.w.org\/{rel}","templated":true}]}}