{"id":1270098,"date":"2026-08-30T16:57:23","date_gmt":"2026-08-30T16:57:23","guid":{"rendered":"https:\/\/www.europesays.com\/de\/1270098\/"},"modified":"2026-08-30T16:57:23","modified_gmt":"2026-08-30T16:57:23","slug":"mit-vielen-fotos-eine-windboee-entscheidet-den-steher-cup-in-bielefeld","status":"publish","type":"post","link":"https:\/\/www.europesays.com\/de\/1270098\/","title":{"rendered":"Mit vielen Fotos: Eine Windb\u00f6e entscheidet den Steher-Cup in Bielefeld"},"content":{"rendered":"<p id=\"absatz1\" class=\"em_text\">Bielefeld. Eine Windb\u00f6e entschied das Rennen im letzten Moment. Europameister Luca Harter mit Schrittmacher Andr\u00e9 Dippel aus Bielefeld gewannen den 15. Internationalen Steher-Cup denkbar knapp vor Reinier Honig\/Ren\u00e9 Kos aus den Niederlanden und Andr\u00e9 Hagen\/Udo Becker aus Heidenau in einem hart umk\u00e4mpften Rennen.<\/p>\n<p id=\"absatz2\" class=\"em_text\">Der Steher-Cup startete mit einer Neuerung. \u00dcblich ist es, dass die Startreihenfolge der Fahrer ausgelost wird. Renndirektor Stefan Klare hatte f\u00fcr dieses Rennen aber eine neue Idee. Ein Qualifikationsrennen. Jedes Gespann sollte einzeln auf die Bahn und hatte dann vier Vorbereitungsrunden, um auf Geschwindigkeit zu kommen. Die darauffolgende f\u00fcnfte Runde wurde gestoppt. Das schnellste Gespann startete so von der ersten Position ins Rennen.<\/p>\n<p id=\"absatz3\" class=\"em_text\">Diese Regelung sorgte bei den Steherfans f\u00fcr Begeisterung, da man so jedes Gespann in Ruhe beobachten konnte. Die Unterschiede zeigten sich schnell. W\u00e4hrend einige Schrittmacher eher zu zaghaft den Gashahn aufdrehten und nicht alles m\u00f6glich machten, \u00fcberzogen andere und verloren dabei ihren Fahrer aus dem so wichtigen Windschatten.<\/p>\n<p class=\"nw-text-base nw-text-gray-500 nw-font-medium\"><b class=\"bold\">Bahnradsport:<\/b> <a href=\"https:\/\/www.nw.de\/sport\/lokalsport\/sport_in_bielefeld\/lokalsport_bielefeld\/24380933_Bielefelder-Andre-Dippel-wird-Steher-Europameister-und-holt-EM-Doppel.html\" rel=\"nofollow noopener\" target=\"_blank\">Bielefelder Andr\u00e9 Dippel wird Steher-Europameister und holt EM-Doppel<\/a><\/p>\n<p>Der Wind wird fr\u00fch zum Faktor<\/p>\n<p>        <a href=\"https:\/\/www.nw.de\/_em_daten\/_cache\/image\/1xay90VnNUSm5Jak04MUlHRUU3QWhsY0ZCUndEUGhlaEdFTk9xU3l6QVlaUVBHbGIybnVQRlVRY1k3STFuUzFrM2p6SUxjRG9jVEJKand1QmExd0hldUJhQUVqZkphaFlCV2ZRMGlMZHdyYzg9\/260830-1806-924813233.jpg\" class=\"nw-article-image\" title=\"Siegerehrung beim 15. Internationaler Stehercup: Schrittmacher Andr\u00e9 Dippel und Luca Harter auf Platz eins.\" data-glightbox=\"type: image; description: Siegerehrung beim 15. Internationaler Stehercup: Schrittmacher Andr\u00e9 Dippel und Luca Harter auf Platz eins.  | \u00a9 Peter Unger \" rel=\"nofollow noopener\" target=\"_blank\"><br \/>\n            <img decoding=\"async\" src=\"https:\/\/www.europesays.com\/de\/wp-content\/uploads\/2026\/08\/260830-1806-924813233.jpg\" class=\"nw-img-fluid nw-w-full nw-lazy nw-rounded-t-md\" alt=\"Siegerehrung beim 15. Internationaler Stehercup: Schrittmacher Andr\u00e9 Dippel und Luca Harter auf Platz eins. - \u00a9 Peter Unger\" data-format=\"16:9\"\/><br \/>\n        <\/a><\/p>\n<p>                Siegerehrung beim 15. Internationaler Stehercup: Schrittmacher Andr\u00e9 Dippel und Luca Harter auf Platz eins.<br \/>\n                                    | \u00a9 Peter Unger<\/p>\n<p id=\"absatz6\" class=\"em_text\">Schon hier merkten Aktive wie Zuschauer: Der b\u00f6ige Wind w\u00fcrde noch eine wichtige Rolle spielen. Nur ein einziger Fahrer \u00fcberzeugte mit einer blitzsauberen und sehr schnellen Runde. Reinier Honig gewann die Qualifikation mit 15,7 Sekunden und damit fast einer Sekunde Vorsprung auf Andr\u00e9 Hagen und Luca Harter.<\/p>\n<p id=\"absatz7\" class=\"em_text\">Bevor das Rennen begann, ehrte das heimische Publikum die neuen Europameister. Stolz pr\u00e4sentierten diese das wei\u00dfe Trikot mit dem sternenbesetzten blauen Brustring. Dann ging es in den ersten Lauf \u00fcber 75 Runden\/25 Kilometer. Die Gunst des ersten Startplatzes nutzte Honig hier nicht konsequent aus. So \u00fcbernahm schnell Moritz Kaase hinter Matthias Acker vom ausrichtenden RZ Zugvogel den ersten Platz.<\/p>\n<p>Kaase und Kaminski mischen vorne mit<\/p>\n<p>\n                Empfohlener redaktioneller Inhalt\n            <\/p>\n<p>\n                Wir bieten an dieser Stelle weitere externe Informationen zu dem Artikel an. Mit einem Klick k\u00f6nnen Sie sich diese anzeigen lassen und auch wieder ausblenden.\n            <\/p>\n<p>\n                Wenn Sie sich externe Inhalte anzeigen lassen, erkl\u00e4ren Sie sich damit<br \/>\n                ein-verstanden, dass personenbezogene Daten an Drittplattformen<br \/>\n                \u00fcbermittelt werden.\n            <\/p>\n<p>                Weitere Hinweise dazu finden Sie in unserer<br \/>\n                <a href=\"\" class=\"nw-text-red-0\">Datenschutzerkl\u00e4rung.<\/a><\/p>\n<p id=\"absatz9\" class=\"em_text\">Kurz darauf zeigte sich auch das neue Bielefelder Gespann Paul Kaminski\/Andreas Hildebrandt das erste Mal an der Spitze des Rennens. Munter griffen die beiden Gespanne sich mehrfach an und gestalteten das Rennen unter sich. Als die Favoriten zur Rennh\u00e4lfte das Tempo erh\u00f6hten, war das Intermezzo schnell vorbei. W\u00e4hrend sich Kaase noch auf Platz f\u00fcnf hielt, fiel Kaminski bis auf den achten Platz zur\u00fcck.<\/p>\n<p id=\"absatz10\" class=\"em_text\">Nun diktierten Jakub Filip und sp\u00e4ter Reinier Honig das Tempo. Kurz vor Ende des Rennens startete Luca Harter seinen Angriff auf die Spitze des Rennens, musste sich aber knapp dem Niederl\u00e4nder geschlagen geben. Der Tscheche Filip kam auf Platz drei ein, w\u00e4hrend sich Andr\u00e9 Hagen aus Heidenau auf Platz vier wiederfand.<\/p>\n<p id=\"absatz11\"><b class=\"bold\">Radsport:<\/b> <a href=\"https:\/\/www.nw.de\/sport\/lokalsport\/sport_in_bielefeld\/lokalsport_bielefeld\/24344607_Ueberraschungssieger-beim-Leineweberpreis-Hagen-nutzt-Favoriten-Ausfall.html\" rel=\"nofollow noopener\" target=\"_blank\">\u00dcberraschungssieger beim Leineweberpreis: Hagen nutzt Favoriten-Ausfall<\/a><\/p>\n<p>Im zweiten Lauf f\u00e4llt die Entscheidung<\/p>\n<p id=\"absatz12\" class=\"em_text\">Damit standen die vier Favoriten f\u00fcr den zweiten Lauf fest. \u00dcber 105 Runden\/35 Kilometer sollte die Entscheidung um den Gesamtsieg fallen. Der aufgefrischte Wind \u00fcberraschte die Fahrer immer wieder mit B\u00f6en aus verschiedenen Richtungen. Mit den schwierigen Bedingungen kamen nicht alle Gespanne gut zu Recht.<\/p>\n<p id=\"absatz13\" class=\"em_text\">Wieder gelang es Moritz Kaase schnell, die Spitze zu \u00fcbernehmen. Dieses Mal hielt er sich l\u00e4nger dort und konnte Platz eins bei mehreren Angriffen absichern. Im zweiten Renndrittel \u00fcbernahm der zweite Fahrer aus Tschechien, Oldrich Novotny, ruhig und besonnen gef\u00fchrt von Holger Ehnert aus Chemnitz die F\u00fchrung. Dahinter belauerten sich die Favoriten. Keiner wollte bei diesen Windbedingungen seine Kr\u00e4fte zu fr\u00fch verpulvern.<\/p>\n<p>Dippel und Harter \u00fcberraschen mit einer fr\u00fchen Attacke<\/p>\n<p id=\"absatz14\" class=\"em_text\">Reinier Honig war dann der erste, der das Heft in die Hand nahm und an die Spitze zig. Nun zeigte sich, dass Jakub Filip Probleme hatte und von der Rolle kam. Kurze Zeit sp\u00e4ter traf dies auch seinen Landsmann Novotny. In diesem entscheidenden Lauf wartete Schrittmacher Andr\u00e9 Dippel (ebenfalls RZ Zugvogel Bielefeld) nicht bis zum allerletzten Moment, sondern attackierte mit Luca Harter deutlich fr\u00fcher und \u00fcberraschte damit den Niederl\u00e4nder Honig. Auch Andr\u00e9 Hagen versuchte den Niederl\u00e4nder zu passieren, aber der wehrte den Vorsto\u00df ab.<\/p>\n<p id=\"absatz15\" class=\"em_text\">So lief es in den letzten Runden auf das Duell zwischen Harter an der Spitze und Honig dahinter raus. Honig attackierte noch einmal, schaffte es, sich neben Harter zu schieben. Doch dann passierte es selbst dem Altmeister. Bei H\u00f6chstgeschwindigkeit erwischte ihn eine B\u00f6e, und er verlor kurz die Rolle. Bei nur noch einer Runde zu fahren war das die Entscheidung. Harter raste als Erster ins Ziel, gefolgt von Honig und Hagen.<\/p>\n<p id=\"absatz16\" class=\"em_text\">In der Addition der Platzziffern lagen nun Harter und Honig gleichauf, doch der letzte, l\u00e4ngere Lauf entschied zugunsten von Harter. Andr\u00e9 Hagen wurde Gesamtdritter. Er verdr\u00e4ngte den Tschechen Filip, der sich im zweiten Lauf noch hinter Kaase mit Platz f\u00fcnf begn\u00fcgen musste. Knapp 800 Steherfans feierten die Sieger und Platzierten im letzten Rennen dieses Jahres in Bielefeld.<\/p>\n<p>                    <img decoding=\"async\" data-foto-img=\"\" src=\"\" alt=\"\" class=\"foto-lightbox__img nw-block nw-max-w-full nw-object-contain\"\/><\/p>\n","protected":false},"excerpt":{"rendered":"Bielefeld. Eine Windb\u00f6e entschied das Rennen im letzten Moment. Europameister Luca Harter mit Schrittmacher Andr\u00e9 Dippel aus Bielefeld&hellip;\n","protected":false},"author":2,"featured_media":1270099,"comment_status":"","ping_status":"","sticky":false,"template":"","format":"standard","meta":{"footnotes":"","_share_on_mastodon":"0"},"categories":[1841],"tags":[249389,1605,102818,3364,29,30,20442,22486,262331,262338,198715,16352,164252,7774,1613,262333,965,1209,262332,9408,262337,262336,262334,262335,32440],"class_list":["post-1270098","post","type-post","status-publish","format-standard","has-post-thumbnail","category-bielefeld","tag-andre-dippel","tag-bielefeld","tag-cnt_aufmacher","tag-de","tag-deutschland","tag-germany","tag-hagen","tag-heidenau","tag-jakub-filip","tag-luca-harter","tag-meta_artikelklasse_nische","tag-meta_copyrights_nw_freier_mitarbeiter","tag-meta_eo_zusammenfassung","tag-meta_themen_sport","tag-meta_userneeds_informieremich","tag-moritz-kaase","tag-niederlande","tag-nordrhein-westfalen","tag-paul-kaminski","tag-radsport","tag-reinier-honig","tag-rene-kos","tag-stefan-klare","tag-udo-becker","tag-windboee"],"share_on_mastodon":{"url":"https:\/\/pubeurope.com\/@de\/117185522480289615","error":""},"_links":{"self":[{"href":"https:\/\/www.europesays.com\/de\/wp-json\/wp\/v2\/posts\/1270098","targetHints":{"allow":["GET"]}}],"collection":[{"href":"https:\/\/www.europesays.com\/de\/wp-json\/wp\/v2\/posts"}],"about":[{"href":"https:\/\/www.europesays.com\/de\/wp-json\/wp\/v2\/types\/post"}],"author":[{"embeddable":true,"href":"https:\/\/www.europesays.com\/de\/wp-json\/wp\/v2\/users\/2"}],"replies":[{"embeddable":true,"href":"https:\/\/www.europesays.com\/de\/wp-json\/wp\/v2\/comments?post=1270098"}],"version-history":[{"count":0,"href":"https:\/\/www.europesays.com\/de\/wp-json\/wp\/v2\/posts\/1270098\/revisions"}],"wp:featuredmedia":[{"embeddable":true,"href":"https:\/\/www.europesays.com\/de\/wp-json\/wp\/v2\/media\/1270099"}],"wp:attachment":[{"href":"https:\/\/www.europesays.com\/de\/wp-json\/wp\/v2\/media?parent=1270098"}],"wp:term":[{"taxonomy":"category","embeddable":true,"href":"https:\/\/www.europesays.com\/de\/wp-json\/wp\/v2\/categories?post=1270098"},{"taxonomy":"post_tag","embeddable":true,"href":"https:\/\/www.europesays.com\/de\/wp-json\/wp\/v2\/tags?post=1270098"}],"curies":[{"name":"wp","href":"https:\/\/api.w.org\/{rel}","templated":true}]}}