{"id":1270100,"date":"2026-08-30T16:58:23","date_gmt":"2026-08-30T16:58:23","guid":{"rendered":"https:\/\/www.europesays.com\/de\/1270100\/"},"modified":"2026-08-30T16:58:23","modified_gmt":"2026-08-30T16:58:23","slug":"wuelfrath-marcel-raulf-ist-neuer-schuetzenkoenig","status":"publish","type":"post","link":"https:\/\/www.europesays.com\/de\/1270100\/","title":{"rendered":"W\u00fclfrath: Marcel Raulf ist neuer Sch\u00fctzenk\u00f6nig"},"content":{"rendered":"<p class=\"text_ohne_einzug richtext text-em-55 !leading-serif mx-6 desktop:mx-0\"> Es gibt einen Geschlechterwechsel an der Spitze des Sch\u00fctzenvereins W\u00fclfrath: Mit dem 47. Schuss brachte Marcel Raulf den Rumpf zu Fall und errang damit die K\u00f6nigsw\u00fcrde in der Saison 2026\/2027. Er l\u00f6st damit Marina Rebien ab und unterbricht die Erfolgsserie der weiblichen Sch\u00fctzen bei dem Verein, der drei Jahre lang von Frauen regiert wurde. Vor Rebien hatte n\u00e4mlich Wiebke Sander zweimal in Folge das Zepter in der Hand.<\/p>\n<p class=\"richtext text-em-55 !leading-serif mx-6 desktop:mx-0\">Bevor Raulf den Rumpf abschoss, gab es beim traditionellen Prinzen- und K\u00f6nigsschie\u00dfen \u2013 dem Highlight im Veranstaltungskalender der Sch\u00fctzen \u2013 an der vereinseigenen Anlage einen spannenden Kampf. Mit dem siebten Schuss lie\u00df zun\u00e4chst Doris Dahm den silbernen Fl\u00fcgel des Vogels fallen. Volker Schneider sicherte sich mit dem 22. Schuss den goldenen Fl\u00fcgel. Anja Springer errang mit dem 37. Schuss das Zepter, Ralf Fischer mit dem 40. Schuss den Schwanz. Mit dem 48. Schuss sicherte sich Tobias Fahl den Reichsapfel und Jacqueline Fahl mit dem 53. Schuss den Kopf.<\/p>\n<p class=\"richtext text-em-55 !leading-serif mx-6 desktop:mx-0\">Obwohl auch viele Frauen um die K\u00f6nigsw\u00fcrde rangen, wird f\u00fcr das kommende Jahr das K\u00f6nigshaus der Sch\u00fctzen nun rein m\u00e4nnlich bleiben. Es ist das erste Herrenk\u00f6nigshaus und setzt sich wie folgt zusammen: K\u00f6nig Marcel Raulf I. mit seinem K\u00f6nig Daniel Fahl sowie seinem Adjutanten Volker Schneider sowie den Ehrenm\u00e4nnern Karsten Rebien und Oktay Demir.<\/p>\n<p class=\"richtext text-em-55 !leading-serif mx-6 desktop:mx-0\">Auch bei der Jugend ist die Prinzenw\u00fcrde in m\u00e4nnlicher Hand: Mit dem Fall des Rumpfes sicherte sich Lukas Wanzek beim 52. Schuss die Prinzenw\u00fcrde. Er war bereits 2024\/2025 Sch\u00fctzenprinz. Als seine Adjutantin steht ihm Nora Springer zur Seite, die mit dem 32. Schuss den goldenen Fl\u00fcgel abschoss. Au\u00dferdem konnte sich Shourash Sheikho mit dem 26. Schuss \u00fcber den Schwanz des Vogels freuen. Mia F\u00f6rster erlangte mit dem 35. Schuss den silbernen Fl\u00fcgel, Hanna Fahl mit dem 71. Schuss den Kopf.<\/p>\n<p class=\"richtext text-em-55 !leading-serif mx-6 desktop:mx-0\">Die neuen Majest\u00e4ten der Saison 2026\/2027 werden \u00fcbrigens beim Kr\u00f6nungsball offiziell in Amt und W\u00fcrden gehoben, der traditionell im September stattfindet.<\/p>\n","protected":false},"excerpt":{"rendered":"Es gibt einen Geschlechterwechsel an der Spitze des Sch\u00fctzenvereins W\u00fclfrath: Mit dem 47. Schuss brachte Marcel Raulf den&hellip;\n","protected":false},"author":2,"featured_media":1270101,"comment_status":"","ping_status":"","sticky":false,"template":"","format":"standard","meta":{"footnotes":"","_share_on_mastodon":"0"},"categories":[1840],"tags":[3364,29,262342,262340,46076,30,262341,18127,33670,236734,35279,4135,1209,262339,25971,9877,30853,27167,4418],"class_list":["post-1270100","post","type-post","status-publish","format-standard","has-post-thumbnail","category-wuppertal","tag-de","tag-deutschland","tag-errang","tag-fahl","tag-fluegel","tag-germany","tag-herrenkoenigshaus","tag-koenig","tag-koenigshaus","tag-koenigsschiessen","tag-koenigswuerde","tag-marcel","tag-nordrhein-westfalen","tag-raulf","tag-schuss","tag-schuetzen","tag-schuetzenkoenig","tag-wuelfrath","tag-wuppertal"],"share_on_mastodon":{"url":"https:\/\/pubeurope.com\/@de\/117185524976996696","error":""},"_links":{"self":[{"href":"https:\/\/www.europesays.com\/de\/wp-json\/wp\/v2\/posts\/1270100","targetHints":{"allow":["GET"]}}],"collection":[{"href":"https:\/\/www.europesays.com\/de\/wp-json\/wp\/v2\/posts"}],"about":[{"href":"https:\/\/www.europesays.com\/de\/wp-json\/wp\/v2\/types\/post"}],"author":[{"embeddable":true,"href":"https:\/\/www.europesays.com\/de\/wp-json\/wp\/v2\/users\/2"}],"replies":[{"embeddable":true,"href":"https:\/\/www.europesays.com\/de\/wp-json\/wp\/v2\/comments?post=1270100"}],"version-history":[{"count":0,"href":"https:\/\/www.europesays.com\/de\/wp-json\/wp\/v2\/posts\/1270100\/revisions"}],"wp:featuredmedia":[{"embeddable":true,"href":"https:\/\/www.europesays.com\/de\/wp-json\/wp\/v2\/media\/1270101"}],"wp:attachment":[{"href":"https:\/\/www.europesays.com\/de\/wp-json\/wp\/v2\/media?parent=1270100"}],"wp:term":[{"taxonomy":"category","embeddable":true,"href":"https:\/\/www.europesays.com\/de\/wp-json\/wp\/v2\/categories?post=1270100"},{"taxonomy":"post_tag","embeddable":true,"href":"https:\/\/www.europesays.com\/de\/wp-json\/wp\/v2\/tags?post=1270100"}],"curies":[{"name":"wp","href":"https:\/\/api.w.org\/{rel}","templated":true}]}}