{"id":1270120,"date":"2026-08-30T17:11:22","date_gmt":"2026-08-30T17:11:22","guid":{"rendered":"https:\/\/www.europesays.com\/de\/1270120\/"},"modified":"2026-08-30T17:11:22","modified_gmt":"2026-08-30T17:11:22","slug":"kein-eu-beitritt-islands-bevoelkerung-stoppt-neustart-der-verhandlungen","status":"publish","type":"post","link":"https:\/\/www.europesays.com\/de\/1270120\/","title":{"rendered":"Kein EU-Beitritt: Islands Bev\u00f6lkerung stoppt Neustart der Verhandlungen"},"content":{"rendered":"<p>Islands Stimmbev\u00f6lkerung hat sich in einem Referendum <a href=\"https:\/\/www.politico.eu\/article\/icelanders-say-no-to-restarting-talks-to-join-the-eu\" rel=\"nofollow noopener\" target=\"_blank\">gegen die Wiederaufnahme von Beitrittsverhandlungen mit der Europ\u00e4ischen Union ausgesprochen.<\/a><\/p>\n<p>Wie der isl\u00e4ndische Rundfunksender RUV am Sonntag berichtete, stimmten 52,8 Prozent dagegen und 47,2 Prozent daf\u00fcr. Die Differenz betrug rund 12.600 Stimmen. W\u00e4hrend die Zustimmung in Reykjav\u00edk stark ausfiel, erreichte das Nein in l\u00e4ndlicheren Gebieten mehr als 60 Prozent. Dort lag die Wahlbeteiligung teilweise bei \u00fcber 80 Prozent.<\/p>\n<p>                <img src=\"https:\/\/www.europesays.com\/de\/wp-content\/uploads\/2026\/08\/724080555_highres-1024x683.jpg\" alt=\"Copyright 2026 The Associated Press. All rights reserved\" itemprop=\"contentUrl\" class=\"story-img story-img--landscape\" loading=\"lazy\" decoding=\"async\"\/><\/p>\n<p>                                                                            People hold a banner reading &#8222;No&#8220; as they listen to speakers at an &#8222;Afram Island,&#8220; &#8222;Forward, Iceland,&#8220; rally opposing the resumption of European Union accession talks at Austurvollur in Reykjavik, Iceland, Thursday, Aug<br \/>\n                                                                            <\/p>\n<p>                                        Copyright 2026 The Associated Press. All rights reserved<\/p>\n<p>Der fr\u00fchere Aussenminister Gudlaugur Thor Thordarson von der konservativen Unabh\u00e4ngigkeitspartei sagte: \u00abDas Ergebnis ist eindeutig. Die Isl\u00e4nder wollen nicht, dass Island der EU beitritt.\u00bb<\/p>\n<p>Island hatte 2009 nach der Finanzkrise Beitrittsgespr\u00e4che mit der EU begonnen. Die Verhandlungen wurden 2015 endg\u00fcltig beendet. Zu den Streitpunkten geh\u00f6rten die Fischereiquoten. Die Regierung von Ministerpr\u00e4sidentin Kristrun Frostadottir hatte nach ihrem Amtsantritt Ende 2024 ein Referendum \u00fcber neue Gespr\u00e4che versprochen.<\/p>\n<p>Frostadottir warb unter anderem mit wirtschaftlicher Absicherung f\u00fcr eine Ann\u00e4herung an die EU. Gegner verwiesen auf die Kontrolle \u00fcber die Fischerei und bef\u00fcrworteten den Verbleib im Europ\u00e4ischen Wirtschaftsraum.<\/p>\n","protected":false},"excerpt":{"rendered":"Islands Stimmbev\u00f6lkerung hat sich in einem Referendum gegen die Wiederaufnahme von Beitrittsverhandlungen mit der Europ\u00e4ischen Union ausgesprochen. Wie&hellip;\n","protected":false},"author":2,"featured_media":77541,"comment_status":"","ping_status":"","sticky":false,"template":"","format":"standard","meta":{"footnotes":"","_share_on_mastodon":"0"},"categories":[3933],"tags":[331,332,548,663,158,3934,3935,1724,13,984,14,15,16,25019,12,4672,55],"class_list":["post-1270120","post","type-post","status-publish","format-standard","has-post-thumbnail","category-eu","tag-aktuelle-nachrichten","tag-aktuelle-news","tag-eu","tag-europa","tag-europaeische-union","tag-europe","tag-european-union","tag-gesellschaft","tag-headlines","tag-international","tag-nachrichten","tag-news","tag-politik","tag-referendum","tag-schlagzeilen","tag-wahlen","tag-wirtschaft"],"share_on_mastodon":{"url":"https:\/\/pubeurope.com\/@de\/117185577802311804","error":""},"_links":{"self":[{"href":"https:\/\/www.europesays.com\/de\/wp-json\/wp\/v2\/posts\/1270120","targetHints":{"allow":["GET"]}}],"collection":[{"href":"https:\/\/www.europesays.com\/de\/wp-json\/wp\/v2\/posts"}],"about":[{"href":"https:\/\/www.europesays.com\/de\/wp-json\/wp\/v2\/types\/post"}],"author":[{"embeddable":true,"href":"https:\/\/www.europesays.com\/de\/wp-json\/wp\/v2\/users\/2"}],"replies":[{"embeddable":true,"href":"https:\/\/www.europesays.com\/de\/wp-json\/wp\/v2\/comments?post=1270120"}],"version-history":[{"count":0,"href":"https:\/\/www.europesays.com\/de\/wp-json\/wp\/v2\/posts\/1270120\/revisions"}],"wp:featuredmedia":[{"embeddable":true,"href":"https:\/\/www.europesays.com\/de\/wp-json\/wp\/v2\/media\/77541"}],"wp:attachment":[{"href":"https:\/\/www.europesays.com\/de\/wp-json\/wp\/v2\/media?parent=1270120"}],"wp:term":[{"taxonomy":"category","embeddable":true,"href":"https:\/\/www.europesays.com\/de\/wp-json\/wp\/v2\/categories?post=1270120"},{"taxonomy":"post_tag","embeddable":true,"href":"https:\/\/www.europesays.com\/de\/wp-json\/wp\/v2\/tags?post=1270120"}],"curies":[{"name":"wp","href":"https:\/\/api.w.org\/{rel}","templated":true}]}}