{"id":1270130,"date":"2026-08-30T17:17:18","date_gmt":"2026-08-30T17:17:18","guid":{"rendered":"https:\/\/www.europesays.com\/de\/1270130\/"},"modified":"2026-08-30T17:17:18","modified_gmt":"2026-08-30T17:17:18","slug":"fussball-landesliga-sv-budberg-besiegt-duisburg-08-32","status":"publish","type":"post","link":"https:\/\/www.europesays.com\/de\/1270130\/","title":{"rendered":"Fu\u00dfball-Landesliga: SV Budberg besiegt Duisburg 08 3:2"},"content":{"rendered":"<p class=\"text_ohne_einzug richtext text-em-55 !leading-serif mx-6 desktop:mx-0\"> Der SV Budberg hat auch sein zweites Heimspiel in der neuen Landesliga-Saison gewonnen. Gegen den Duisburger FV 08 setzte sich die unver\u00e4nderte Mannschaft von Tim Wilke in einer turbulenten Partie sp\u00e4t mit 3:2 (2:2) durch. Der Trainer musste dabei au\u00dferhalb des Innenraums mitfiebern.<\/p>\n<p>\u201eImmer wieder sonntags\u201c  l\u00e4uft zweimal      <\/p>\n<p class=\"richtext text-em-55 !leading-serif mx-6 desktop:mx-0\">Am Ende durfte auch die pers\u00f6nliche Torhymne von Moritz Paul nicht fehlen. \u201eImmer wieder sonntags\u201c schallte es gleich zweimal \u00fcber die Anlage, nachdem der Angreifer den SVB mit einem sp\u00e4ten Kopfball zum umjubelten Dreier gef\u00fchrt hatte.<\/p>\n<p class=\"richtext text-em-55 !leading-serif mx-6 desktop:mx-0\">Es war der Schlusspunkt eines extrem intensiven und f\u00fcr die Zuschauer attraktiven Landesliga-Spiels. Der SVB steht damit nach drei Partien bei sechs Punkten. Vor dem Ausw\u00e4rtsspiel am kommenden Sonntag beim ASV S\u00fcchteln war es ein richtungsweisender Erfolg. Lediglich Rheinland Hamborn hat nach drei Spieltagen mit neun Z\u00e4hlern die optimale Ausbeute vorzuweisen.<\/p>\n<p class=\"richtext text-em-55 !leading-serif mx-6 desktop:mx-0\">Dabei erwischten die Hausherren den deutlich besseren Start. In der ersten Viertelstunde geh\u00f6rte die Partie klar den Budbergern. Mehrfach gelangen gute Angriffe, einzig beim letzten Pass fehlte die Genauigkeit. Das r\u00e4chte sich prompt: Der erste Versuch der G\u00e4ste aus Hochfeld in Torn\u00e4he f\u00fchrte nach einem Abstimmungsfehler zwischen Tim Beerenberg und Torwart Marc Anders in der 15. Minute durch Obed Adjamah zum 0:1.<\/p>\n<p class=\"richtext text-em-55 !leading-serif mx-6 desktop:mx-0\">Budberg lie\u00df sich davon nicht beeindrucken. Florian Mordt k\u00f6pfte nach 29 Minuten den verdienten Ausgleich. Kurz vor der Pause drehte Paul die Partie (43.). Doch die Freude hielt nur wenige Sekunden. Im direkten Gegenzug konterten die Duisburger die Hausherren zum 2:2 aus (44.). Kadir Yildirim war der Torsch\u00fctze. Das Chancenverh\u00e4ltnis von 5:2 zur Pause sprach dennoch f\u00fcr die Gastgeber.<\/p>\n<p class=\"richtext text-em-55 !leading-serif mx-6 desktop:mx-0\">Auch nach dem Seitenwechsel war Budberg sofort da. Nach einem Freisto\u00df von Ole Egging fehlten Paul per Kopf nur Zentimeter zu seinem zweiten Treffer. Anschlie\u00dfend wurde die Begegnung immer hektischer. Der technisch starke Aufsteiger zeigte, warum er keineswegs wie ein gew\u00f6hnlicher Liganeuling auftritt, und blieb vor allem in der Offensive brandgef\u00e4hrlich. Oliver Nowak verhinderte mit einer starken Gr\u00e4tsche einen erneuten R\u00fcckstand.<\/p>\n<p class=\"richtext text-em-55 !leading-serif mx-6 desktop:mx-0\">Auf der anderen Seite bot sich Felix Weyhofen nach Vorlage von Paul die gro\u00dfe M\u00f6glichkeit zum 3:2, doch Budberg musste bis in die Schlussphase auf die Erl\u00f6sung warten. Dann wurde eine Standardsituation zum entscheidenden Faktor: Nowak brachte eine Ecke herein, Paul stieg hoch und k\u00f6pfte den Ball zum umjubelten Siegtreffer ins Netz (83.).<\/p>\n<p class=\"richtext text-em-55 !leading-serif mx-6 desktop:mx-0\">\u201eWir belohnen uns, weil wir dauerhaft drangeblieben sind\u201c, freute sich Wilke. In der ersten H\u00e4lfte habe seine Mannschaft die Partie weitgehend so bestritten, wie sie es sich vorgenommen hatte. \u201eWir hatten eine bessere Struktur, klarere Durchbr\u00fcche und haben unsere Aktionen herauskombiniert. Nach der Pause gab es dann eine wilde Phase, in der wir nicht in unser Spiel gefunden haben. Diesen Aufsteiger muss man erst einmal bespielen.\u201c<\/p>\n<p class=\"richtext text-em-55 !leading-serif mx-6 desktop:mx-0\">Dennoch sah Wilke M\u00f6glichkeiten, die Partie fr\u00fcher auf die Budberger Seite zu ziehen. \u201eAuch wenn das Spiel eng war, m\u00fcssen wir fr\u00fcher das Tor machen. Dann h\u00e4tten wir befreiter gespielt. Das war so ein Spiel, bei dem am Ende alle Recht haben.\u201c<\/p>\n<p class=\"richtext text-em-55 !leading-serif mx-6 desktop:mx-0\">Der 51-J\u00e4hrige musste das Geschehen diesmal aus ungewohnter Perspektive verfolgen. Kostenpflichtiger Inhalt <a href=\"https:\/\/rp-online.de\/nrw\/staedte\/xanten\/sport\/sv-budberg-trainer-tim-wilke-wehrt-sich-gegen-diskriminierungsvorwurf-in-nettetal_aid-153650585\" rel=\"nofollow noopener\" target=\"_blank\">Nach seiner Roten Karte in Nettetal<\/a> war Wilke f\u00fcr ein Spiel gesperrt worden und durfte sich bereits 30 Minuten vor dem Anpfiff nicht mehr bei seiner Mannschaft aufhalten. Zudem wurde eine Geldstrafe in H\u00f6he von 50 Euro ausgesprochen. Verein und Trainer haben sich dazu entschieden, die Angelegenheit damit ruhen zu lassen.<\/p>\n<p>\u201eIch habe versucht, mitzumachen\u201c      <\/p>\n<p class=\"richtext text-em-55 !leading-serif mx-6 desktop:mx-0\">W\u00e4hrend Co-Trainer Matthias Prinz im Innenraum offiziell die Kommandos gab, lief Wilke hinter der Bank nerv\u00f6s auf und ab und fieberte sichtbar mit. \u201eIch habe versucht, mitzumachen. Wir haben das gut hinbekommen. Es hat keinen gro\u00dfen Unterschied gemacht, ob ich drinnen bin oder nicht.\u201c<\/p>\n<p class=\"richtext text-em-55 !leading-serif mx-6 desktop:mx-0\">Beim kommenden Ausw\u00e4rtsspiel in S\u00fcchteln darf Wilke wieder an seinen gewohnten Platz zur\u00fcckkehren.<\/p>\n","protected":false},"excerpt":{"rendered":"Der SV Budberg hat auch sein zweites Heimspiel in der neuen Landesliga-Saison gewonnen. Gegen den Duisburger FV 08&hellip;\n","protected":false},"author":2,"featured_media":1270131,"comment_status":"","ping_status":"","sticky":false,"template":"","format":"standard","meta":{"footnotes":"","_share_on_mastodon":"0"},"categories":[1838],"tags":[3364,29,3715,8356,30,262346,1209,18524,262347,8678],"class_list":["post-1270130","post","type-post","status-publish","format-standard","has-post-thumbnail","category-duisburg","tag-de","tag-deutschland","tag-duisburg","tag-fabian","tag-germany","tag-kleintges","tag-nordrhein-westfalen","tag-rheinberg","tag-topoll","tag-xxxx"],"share_on_mastodon":{"url":"https:\/\/pubeurope.com\/@de\/117185599718762894","error":""},"_links":{"self":[{"href":"https:\/\/www.europesays.com\/de\/wp-json\/wp\/v2\/posts\/1270130","targetHints":{"allow":["GET"]}}],"collection":[{"href":"https:\/\/www.europesays.com\/de\/wp-json\/wp\/v2\/posts"}],"about":[{"href":"https:\/\/www.europesays.com\/de\/wp-json\/wp\/v2\/types\/post"}],"author":[{"embeddable":true,"href":"https:\/\/www.europesays.com\/de\/wp-json\/wp\/v2\/users\/2"}],"replies":[{"embeddable":true,"href":"https:\/\/www.europesays.com\/de\/wp-json\/wp\/v2\/comments?post=1270130"}],"version-history":[{"count":0,"href":"https:\/\/www.europesays.com\/de\/wp-json\/wp\/v2\/posts\/1270130\/revisions"}],"wp:featuredmedia":[{"embeddable":true,"href":"https:\/\/www.europesays.com\/de\/wp-json\/wp\/v2\/media\/1270131"}],"wp:attachment":[{"href":"https:\/\/www.europesays.com\/de\/wp-json\/wp\/v2\/media?parent=1270130"}],"wp:term":[{"taxonomy":"category","embeddable":true,"href":"https:\/\/www.europesays.com\/de\/wp-json\/wp\/v2\/categories?post=1270130"},{"taxonomy":"post_tag","embeddable":true,"href":"https:\/\/www.europesays.com\/de\/wp-json\/wp\/v2\/tags?post=1270130"}],"curies":[{"name":"wp","href":"https:\/\/api.w.org\/{rel}","templated":true}]}}