{"id":1270142,"date":"2026-08-30T17:24:21","date_gmt":"2026-08-30T17:24:21","guid":{"rendered":"https:\/\/www.europesays.com\/de\/1270142\/"},"modified":"2026-08-30T17:24:21","modified_gmt":"2026-08-30T17:24:21","slug":"dresden-ehrt-schauspieler-samuel-koch-mit-dem-erich-kaestner-preis","status":"publish","type":"post","link":"https:\/\/www.europesays.com\/de\/1270142\/","title":{"rendered":"Dresden ehrt Schauspieler Samuel Koch mit dem Erich-K\u00e4stner-Preis"},"content":{"rendered":"<p>Preisverleihung auf Schloss Albrechtsberg <\/p>\n<p>Dresden ehrt Samuel Koch mit Erich-K\u00e4stner-Preis<\/p>\n<p>30.08.2026 &#8211; 18:43 UhrLesedauer: 1 Min.<\/p>\n<p><a href=\"#focus-0\" class=\"transition-colors block text-current relative\" data-sctrack=\"FocusGalleryImage.Reference\"><img fetchpriority=\"high\" data-testid=\"Opener.Image\"   loading=\"eager\" src=\"https:\/\/www.europesays.com\/de\/wp-content\/uploads\/2026\/08\/samuel-koch-seit-seinem-unfall-bei-wetten-dass-im-jahr-2010-sitzt-er-im-rollstuhl.jpg\" alt=\"Samuel Koch: Seit seinem Unfall bei &quot;Wetten, dass..?&quot; im Jahr 2010 sitzt er im Rollstuhl.\" title=\"Samuel Koch: Seit seinem Unfall bei &quot;Wetten, dass..?&quot; im Jahr 2010 sitzt er im Rollstuhl.\" width=\"3291\" height=\"1851\" class=\"bg-[url:var(--lqipURL)] bg-cover bg-center flex h-full w-full max-w-full\" style=\"--lqipURL:url('https:\/\/images.t-online.de\/2025\/12\/bVJycAyku7n1\/389x135:3291x1851\/fit-in\/150x0\/filters:blur(25)\/samuel-koch-seit-seinem-unfall-bei-wetten-dass-im-jahr-2010-sitzt-er-im-rollstuhl.jpg')\" decoding=\"async\"\/><img loading=\"lazy\" src=\"https:\/\/dresden.t-online.de\/s\/paper\/_next\/static\/media\/zoom-in.f7dae02f.svg\" alt=\"Vergr\u00f6\u00dfern des Bildes\" title=\"Vergr\u00f6\u00dfern des Bildes\" class=\"block h-[calc(var(--height)_\/_16_*_1rem)] w-[calc(var(--width)_\/_16_*_1rem)] max-w-none absolute right-8 bottom-8 rounded-4 bg-snow p-8\" style=\"--width:32;--height:32\" decoding=\"async\"\/><\/a><\/p>\n<p>Samuel Koch: Seit seinem Unfall bei &#8222;Wetten, dass..?&#8220; im Jahr 2010 sitzt er im Rollstuhl. (Quelle: IMAGO)<\/p>\n<p><img loading=\"lazy\" src=\"https:\/\/dresden.t-online.de\/s\/paper\/_next\/static\/media\/audio-volume.6689034c.svg\" alt=\"\" title=\"\" class=\"block h-[calc(var(--height)_\/_16_*_1rem)] w-[calc(var(--width)_\/_16_*_1rem)] max-w-none group-hover:brightness-0 group-hover:invert\" style=\"--width:16;--height:16\" decoding=\"async\"\/>Vorlesen<\/p>\n<p>Aktuelle Zeit:0:00Gesamtdauer:0:00<\/p>\n<p>1x<img loading=\"lazy\" src=\"https:\/\/dresden.t-online.de\/s\/paper\/_next\/static\/media\/font-sizes.32942e33.svg\" alt=\"\" title=\"\" class=\"block h-[calc(var(--height)_\/_16_*_1rem)] w-[calc(var(--width)_\/_16_*_1rem)] max-w-none group-hover:hidden group-aria-expanded:hidden\" style=\"--width:16;--height:16\" decoding=\"async\"\/><img loading=\"lazy\" src=\"https:\/\/dresden.t-online.de\/s\/paper\/_next\/static\/media\/font-sizes-dark-mode.e382645c.svg\" alt=\"\" title=\"\" class=\"block h-[calc(var(--height)_\/_16_*_1rem)] w-[calc(var(--width)_\/_16_*_1rem)] max-w-none hidden group-hover:block group-aria-expanded:block\" style=\"--width:16;--height:16\" decoding=\"async\"\/><img loading=\"lazy\" src=\"https:\/\/dresden.t-online.de\/s\/paper\/_next\/static\/media\/sharing-menu-icon.1eb71368.svg\" alt=\"\" title=\"\" class=\"block h-[calc(var(--height)_\/_16_*_1rem)] w-[calc(var(--width)_\/_16_*_1rem)] max-w-none group-hover:brightness-0 group-hover:invert\" style=\"--width:16;--height:16\" decoding=\"async\"\/>Artikel teilen<\/p>\n<p class=\"font-bold text-18 leading-17 user-text-lg:text-22 user-text-xl:text-24\"><strong class=\"font-bold\">Samuel Koch ist in Dresden f\u00fcr sein gesellschaftliches Engagement ausgezeichnet worden. Das Preisgeld von 10.000 Euro beh\u00e4lt der Schauspieler nicht selbst.<\/strong><\/p>\n<p class=\"text-18 leading-17 user-text-lg:text-22 user-text-xl:text-24\">Der Schauspieler Samuel Koch hat den Erich-K\u00e4stner-Preis des Presseclubs Dresden erhalten. Der 38-J\u00e4hrige nahm die mit 10.000 Euro dotierte Auszeichnung auf Schloss Albrechtsberg entgegen, wie der Verein mitteilte.<\/p>\n<p class=\"text-18 leading-17 user-text-lg:text-22 user-text-xl:text-24\">Gew\u00fcrdigt wird damit Kochs Einsatz f\u00fcr ein respektvolles Miteinander von Menschen mit und ohne Behinderung. Der Schauspieler stehe f\u00fcr Barrierefreiheit, Menschlichkeit und Toleranz und verk\u00f6rpere damit die Werte des Erich-K\u00e4stner-Preises, begr\u00fcndete der Presseclub seine Entscheidung.<\/p>\n<p class=\"text-18 leading-17 user-text-lg:text-22 user-text-xl:text-24\">Das Preisgeld kommt nicht Koch selbst zugute. Es ist f\u00fcr k\u00fcnstlerische, kulturelle oder karitative Projekte bestimmt.<\/p>\n<p>Samuel Koch engagiert sich f\u00fcr Barrierefreiheit<\/p>\n<p class=\"text-18 leading-17 user-text-lg:text-22 user-text-xl:text-24\">Koch ist seit einem Unfall in der ZDF-Sendung &#8222;Wetten, dass..?&#8220; im Jahr 2010 querschnittsgel\u00e4hmt. Vier Jahre sp\u00e4ter schloss er sein Schauspielstudium mit Diplom ab und arbeitet seitdem weiter als Schauspieler.<\/p>\n<p class=\"text-18 leading-17 user-text-lg:text-22 user-text-xl:text-24\">2019 gr\u00fcndete er den Verein &#8222;Samuel Koch und Freunde&#8220;. Dieser setzt sich unter anderem daf\u00fcr ein, Kunst-, Kultur- und Freizeitangebote f\u00fcr Menschen mit Behinderung besser zug\u00e4nglich zu machen. Au\u00dferdem unterst\u00fctzt der Verein Menschen, die anderen in schwierigen Lebenssituationen helfen.<\/p>\n<p class=\"text-18 leading-17 user-text-lg:text-22 user-text-xl:text-24\">Der Erich-K\u00e4stner-Preis wird vom Presseclub Dresden vergeben. Der 1991 gegr\u00fcndete Verein bringt Journalisten, Pressesprecher und Vertreter der \u00d6ffentlichkeitsarbeit zusammen. Zu den bisherigen Preistr\u00e4gern geh\u00f6ren unter anderem der fr\u00fchere Bundespr\u00e4sident Joachim Gauck, Musiker Peter Maffay, Schauspielerin Iris Berben und die Hilfsorganisation \u00c4rzte ohne Grenzen.<\/p>\n","protected":false},"excerpt":{"rendered":"Preisverleihung auf Schloss Albrechtsberg Dresden ehrt Samuel Koch mit Erich-K\u00e4stner-Preis 30.08.2026 &#8211; 18:43 UhrLesedauer: 1 Min. Samuel Koch:&hellip;\n","protected":false},"author":2,"featured_media":1270143,"comment_status":"","ping_status":"","sticky":false,"template":"","format":"standard","meta":{"footnotes":"","_share_on_mastodon":"0"},"categories":[1835],"tags":[51463,722,211307,3879,3364,29,2386,30,8718,859,37497,1284,3878],"class_list":["post-1270142","post","type-post","status-publish","format-standard","has-post-thumbnail","category-dresden","tag-preisgeld","tag-722","tag-albrechtsberg","tag-dass","tag-de","tag-deutschland","tag-dresden","tag-germany","tag-preisverleihung","tag-sachsen","tag-samuel-koch","tag-unfall","tag-wetten"],"share_on_mastodon":{"url":"https:\/\/pubeurope.com\/@de\/117185628188022489","error":""},"_links":{"self":[{"href":"https:\/\/www.europesays.com\/de\/wp-json\/wp\/v2\/posts\/1270142","targetHints":{"allow":["GET"]}}],"collection":[{"href":"https:\/\/www.europesays.com\/de\/wp-json\/wp\/v2\/posts"}],"about":[{"href":"https:\/\/www.europesays.com\/de\/wp-json\/wp\/v2\/types\/post"}],"author":[{"embeddable":true,"href":"https:\/\/www.europesays.com\/de\/wp-json\/wp\/v2\/users\/2"}],"replies":[{"embeddable":true,"href":"https:\/\/www.europesays.com\/de\/wp-json\/wp\/v2\/comments?post=1270142"}],"version-history":[{"count":0,"href":"https:\/\/www.europesays.com\/de\/wp-json\/wp\/v2\/posts\/1270142\/revisions"}],"wp:featuredmedia":[{"embeddable":true,"href":"https:\/\/www.europesays.com\/de\/wp-json\/wp\/v2\/media\/1270143"}],"wp:attachment":[{"href":"https:\/\/www.europesays.com\/de\/wp-json\/wp\/v2\/media?parent=1270142"}],"wp:term":[{"taxonomy":"category","embeddable":true,"href":"https:\/\/www.europesays.com\/de\/wp-json\/wp\/v2\/categories?post=1270142"},{"taxonomy":"post_tag","embeddable":true,"href":"https:\/\/www.europesays.com\/de\/wp-json\/wp\/v2\/tags?post=1270142"}],"curies":[{"name":"wp","href":"https:\/\/api.w.org\/{rel}","templated":true}]}}