{"id":1270153,"date":"2026-08-30T17:33:16","date_gmt":"2026-08-30T17:33:16","guid":{"rendered":"https:\/\/www.europesays.com\/de\/1270153\/"},"modified":"2026-08-30T17:33:16","modified_gmt":"2026-08-30T17:33:16","slug":"sancho-hammer-beim-bvb-hat-immer-funktioniert","status":"publish","type":"post","link":"https:\/\/www.europesays.com\/de\/1270153\/","title":{"rendered":"Sancho-Hammer beim BVB? &#8222;Hat immer funktioniert&#8220;"},"content":{"rendered":"\n<p>Borussia Dortmund muss sich nach der schweren Verletzung von Neuzugang Giannis Konstantelias ordentlich sch\u00fctteln. M\u00f6glich, dass der BVB bis zum Ende der Wechselfrist am Dienstag nun noch einmal auf dem Transfermarkt t\u00e4tig wird. Erneut f\u00e4llt rund um Schwarz-Gelb der Name Jadon Sancho. Ex-Nationalspieler Thomas Helmer sieht Risiken und Chancen zugleich.<\/p>\n<p>Giannis Konstantelias wird dem BVB mehrere Monate fehlen, wie der Revierklub am Sonntagabend bekannt gab. <a href=\"https:\/\/www.sport.de\/news\/ne17105454\/bvb-verkuendet-schock-diagnose-bei-neuzugang-konstantelias\/\" target=\"_blank\" rel=\"nofollow noopener\">Der griechische Neuzugang zog sich gleich im ersten Bundesliga-Spiel seiner Karriere einen Kreuzbandriss im linken Knie zu<\/a>.\u00a0<\/p>\n<p>M\u00f6glich, dass Borussia Dortmund bis zum Ende der Wechselfrist am Dienstag nun noch einmal auf dem Transfermarkt zuschl\u00e4gt. Laut &#8222;Sky&#8220; wird man nun intern \u00fcber einen weiteren Transfer\u00a0beraten. Wie Reporter Patrick Berger berichtet, soll auf den Ausfall aber reagiert werden.\u00a0<\/p>\n<p>Sportdirektor Ole Book wird\u00a0demnach\u00a0nicht mit zum Pokalspiel am Dienstag nach Hamburg reisen, wo der BVB im Volksparkstadion auf den Oberligisten HEBC trifft. Bis zum 1. September um 20 Uhr sind Wechsel noch m\u00f6glich, danach endet die Sommer-Transferphase.<\/p>\n<p>Sancho-Hammer beim BVB? Helmer sieht Pro und Contra<\/p>\n<p>Immer wieder ein Thema beim BVB war in diesem Sommer einmal mehr Jadon Sancho. Der Engl\u00e4nder hat bereits zweimal bei der Borussia gespielt, aktuell ist der 26-J\u00e4hrige vereinslos.<\/p>\n<p>Der Tempodribbler war einst in Dortmund zum Top-Spieler gereift, 2021 zog er f\u00fcr 85 Millionen Euro zu Manchester United weiter. Dort wurde er aber nie gl\u00fccklich: Nach Leihen beim BVB, beim FC Chelsea und bei Aston Villa\u00a0wurde sein Vertrag\u00a0bei ManUnited aufgel\u00f6st. Im Sommer hielt er sich bei einem englischen Zehntligisten fit, bislang hat kein Klub angebissen.<\/p>\n<p>Der ehemalige Nationalspieler Thomas Helmer hob bei &#8222;Bild&#8220; nun das Pro und Contra einer Sancho-Verpflichtung hervor: &#8222;Eine R\u00fcckholaktion birgt nat\u00fcrlich auch gewisse Risiken. Er ist, glaube ich, nicht so einfach zu h\u00e4ndeln. Aber er hat in Dortmund immer funktioniert. Das gibt ein wenig Hoffnung.&#8220;<\/p>\n<p>Ein weiteres Plus laut Helmer: &#8222;Es w\u00e4re auch kein Transfer, der viel Geld kosten w\u00fcrde, au\u00dfer sein Gehalt. Von daher kann ich die \u00dcberlegung durchaus verstehen. Ich bin sehr gespannt: Weil so kurz jetzt noch jemanden aus dem Hut zu zaubern, das ist eine richtige Aufgabe.&#8220;<\/p>\n<p>F\u00fcr Sancho w\u00e4re keine Abl\u00f6sesumme f\u00e4llig, auch beim Gehalt m\u00fcsste er Medienberichten zufolge Abstriche machen. F\u00fcr den BVB absolvierte Sancho bislang 158 Pflichtspiele, in denen er 53 Tore und 67 Vorlagen lieferte. 2020\/21 gewann er mit dem Klub den DFB-Pokal, mit Chelsea holte er 2024\/25 die Conference League, mit Aston Villa in der vergangenen Saison die Europa League.<\/p>\n","protected":false},"excerpt":{"rendered":"Borussia Dortmund muss sich nach der schweren Verletzung von Neuzugang Giannis Konstantelias ordentlich sch\u00fctteln. M\u00f6glich, dass der BVB&hellip;\n","protected":false},"author":2,"featured_media":1270154,"comment_status":"","ping_status":"","sticky":false,"template":"","format":"standard","meta":{"footnotes":"","_share_on_mastodon":"0"},"categories":[1833],"tags":[888,299,3364,29,217,347,30,3470,1209,863,887,4443],"class_list":["post-1270153","post","type-post","status-publish","format-standard","has-post-thumbnail","category-dortmund","tag-borussia-dortmund","tag-bundesliga","tag-de","tag-deutschland","tag-dortmund","tag-fussball","tag-germany","tag-jadon-sancho","tag-nordrhein-westfalen","tag-sport-allgemein","tag-top-fussball","tag-transfers-und-geruechte"],"share_on_mastodon":{"url":"https:\/\/pubeurope.com\/@de\/117185662558801610","error":""},"_links":{"self":[{"href":"https:\/\/www.europesays.com\/de\/wp-json\/wp\/v2\/posts\/1270153","targetHints":{"allow":["GET"]}}],"collection":[{"href":"https:\/\/www.europesays.com\/de\/wp-json\/wp\/v2\/posts"}],"about":[{"href":"https:\/\/www.europesays.com\/de\/wp-json\/wp\/v2\/types\/post"}],"author":[{"embeddable":true,"href":"https:\/\/www.europesays.com\/de\/wp-json\/wp\/v2\/users\/2"}],"replies":[{"embeddable":true,"href":"https:\/\/www.europesays.com\/de\/wp-json\/wp\/v2\/comments?post=1270153"}],"version-history":[{"count":0,"href":"https:\/\/www.europesays.com\/de\/wp-json\/wp\/v2\/posts\/1270153\/revisions"}],"wp:featuredmedia":[{"embeddable":true,"href":"https:\/\/www.europesays.com\/de\/wp-json\/wp\/v2\/media\/1270154"}],"wp:attachment":[{"href":"https:\/\/www.europesays.com\/de\/wp-json\/wp\/v2\/media?parent=1270153"}],"wp:term":[{"taxonomy":"category","embeddable":true,"href":"https:\/\/www.europesays.com\/de\/wp-json\/wp\/v2\/categories?post=1270153"},{"taxonomy":"post_tag","embeddable":true,"href":"https:\/\/www.europesays.com\/de\/wp-json\/wp\/v2\/tags?post=1270153"}],"curies":[{"name":"wp","href":"https:\/\/api.w.org\/{rel}","templated":true}]}}