{"id":1270177,"date":"2026-08-30T17:48:35","date_gmt":"2026-08-30T17:48:35","guid":{"rendered":"https:\/\/www.europesays.com\/de\/1270177\/"},"modified":"2026-08-30T17:48:35","modified_gmt":"2026-08-30T17:48:35","slug":"steinstrasse-in-hamburg-umbau-startet-am-montag-autos-muessen-weichen","status":"publish","type":"post","link":"https:\/\/www.europesays.com\/de\/1270177\/","title":{"rendered":"Steinstra\u00dfe in Hamburg: Umbau startet am Montag \u2013 Autos m\u00fcssen weichen"},"content":{"rendered":"<p>Baustart am Montag <\/p>\n<p>Hamburg baut wichtige City-Stra\u00dfe um \u2013 Autos m\u00fcssen weichen<\/p>\n<p>30.08.2026 &#8211; 18:34 UhrLesedauer: 2 Min.<\/p>\n<p><a href=\"#focus-0\" class=\"transition-colors block text-current relative\" data-sctrack=\"FocusGalleryImage.Reference\"><img fetchpriority=\"high\" data-testid=\"Opener.Image\"   loading=\"eager\" src=\"https:\/\/www.europesays.com\/de\/wp-content\/uploads\/2026\/08\/fussgaenger-gehen-in-hamburg-ueber-die-steinstrasse-archivbild-die-strasse-soll-komplett-umgebaut-we.jpeg\" alt=\"urn:newsml:dpa.com:20090101:230228-99-765833\" title=\"urn:newsml:dpa.com:20090101:230228-99-765833\" width=\"2048\" height=\"1152\" class=\"bg-[url:var(--lqipURL)] bg-cover bg-center flex h-full w-full max-w-full\" style=\"--lqipURL:url('https:\/\/images.t-online.de\/2026\/03\/GWnP6IUvZ7tT\/0x29:2048x1152\/fit-in\/150x0\/filters:blur(25)\/fussgaenger-gehen-in-hamburg-ueber-die-steinstrasse-archivbild-die-strasse-soll-komplett-umgebaut-werden.jpg')\" decoding=\"async\"\/><img loading=\"lazy\" src=\"https:\/\/hamburg.t-online.de\/s\/paper\/_next\/static\/media\/zoom-in.f7dae02f.svg\" alt=\"Vergr\u00f6\u00dfern des Bildes\" title=\"Vergr\u00f6\u00dfern des Bildes\" class=\"block h-[calc(var(--height)_\/_16_*_1rem)] w-[calc(var(--width)_\/_16_*_1rem)] max-w-none absolute right-8 bottom-8 rounded-4 bg-snow p-8\" style=\"--width:32;--height:32\" decoding=\"async\"\/><\/a><\/p>\n<p>Die Steinstra\u00dfe in der Hamburger Innenstadt (Archivbild): K\u00fcnftig soll hier deutlich weniger Autoverkehr m\u00f6glich sein. (Quelle: Daniel Bockwoldt)<\/p>\n<p><img loading=\"lazy\" src=\"https:\/\/hamburg.t-online.de\/s\/paper\/_next\/static\/media\/audio-volume.6689034c.svg\" alt=\"\" title=\"\" class=\"block h-[calc(var(--height)_\/_16_*_1rem)] w-[calc(var(--width)_\/_16_*_1rem)] max-w-none group-hover:brightness-0 group-hover:invert\" style=\"--width:16;--height:16\" decoding=\"async\"\/>Vorlesen<\/p>\n<p>Aktuelle Zeit:0:00Gesamtdauer:0:00<\/p>\n<p>1x<img loading=\"lazy\" src=\"https:\/\/hamburg.t-online.de\/s\/paper\/_next\/static\/media\/font-sizes.32942e33.svg\" alt=\"\" title=\"\" class=\"block h-[calc(var(--height)_\/_16_*_1rem)] w-[calc(var(--width)_\/_16_*_1rem)] max-w-none group-hover:hidden group-aria-expanded:hidden\" style=\"--width:16;--height:16\" decoding=\"async\"\/><img loading=\"lazy\" src=\"https:\/\/hamburg.t-online.de\/s\/paper\/_next\/static\/media\/font-sizes-dark-mode.e382645c.svg\" alt=\"\" title=\"\" class=\"block h-[calc(var(--height)_\/_16_*_1rem)] w-[calc(var(--width)_\/_16_*_1rem)] max-w-none hidden group-hover:block group-aria-expanded:block\" style=\"--width:16;--height:16\" decoding=\"async\"\/><img loading=\"lazy\" src=\"https:\/\/hamburg.t-online.de\/s\/paper\/_next\/static\/media\/sharing-menu-icon.1eb71368.svg\" alt=\"\" title=\"\" class=\"block h-[calc(var(--height)_\/_16_*_1rem)] w-[calc(var(--width)_\/_16_*_1rem)] max-w-none group-hover:brightness-0 group-hover:invert\" style=\"--width:16;--height:16\" decoding=\"async\"\/>Artikel teilen<\/p>\n<p class=\"font-bold text-18 leading-17 user-text-lg:text-22 user-text-xl:text-24\">58 neue B\u00e4ume, mehr Platz f\u00fcr Gastronomie und Fu\u00dfg\u00e4nger: Die Steinstra\u00dfe soll bis 2028 zur &#8222;gr\u00fcnen Allee&#8220; werden.<\/p>\n<p class=\"text-18 leading-17 user-text-lg:text-22 user-text-xl:text-24\">In der Hamburger Innenstadt beginnt am Montag der n\u00e4chste gr\u00f6\u00dfere Stra\u00dfenumbau. Die Steinstra\u00dfe, die parallel zur M\u00f6nckebergstra\u00dfe verl\u00e4uft, soll bis zum 1. Juli 2028 neu gestaltet werden. Das teilte der Landesbetrieb Stra\u00dfen, Br\u00fccken und Gew\u00e4sser (LSBG) mit.<\/p>\n<p class=\"text-18 leading-17 user-text-lg:text-22 user-text-xl:text-24\">F\u00fcr Autofahrer bedeutet der Umbau weitere Einschr\u00e4nkungen in der City. K\u00fcnftig d\u00fcrfen nur noch Busse, Taxis, Einsatzfahrzeuge und Radfahrer die Steinstra\u00dfe durchg\u00e4ngig nutzen. Daf\u00fcr richtet die Stadt eine sogenannte Kommunaltrasse ein.<\/p>\n<p class=\"text-18 leading-17 user-text-lg:text-22 user-text-xl:text-24\">Teilweise ist diese Entwicklung bereits Realit\u00e4t: In westlicher Richtung ist die Steinstra\u00dfe seit 2021 f\u00fcr den allgemeinen Autoverkehr gesperrt. Grund daf\u00fcr waren Bauarbeiten an einer U-Bahnlinie und die damit verbundene Verlegung von Buslinien.<\/p>\n<p>58 neue B\u00e4ume f\u00fcr die Steinstra\u00dfe<\/p>\n<p class=\"text-18 leading-17 user-text-lg:text-22 user-text-xl:text-24\">Mit dem Umbau soll sich auch das Erscheinungsbild der Stra\u00dfe deutlich ver\u00e4ndern. Insgesamt 58 neue B\u00e4ume sind geplant. Sie sollen nach Angaben des LSBG eine durchgehende &#8222;gr\u00fcne Allee&#8220; bilden.<\/p>\n<p><a href=\"#focus-1\" class=\"transition-colors block text-current relative\" data-sctrack=\"FocusGalleryImage.Reference\"><img   loading=\"lazy\" src=\"https:\/\/www.europesays.com\/de\/wp-content\/uploads\/2026\/08\/cafes-baeume-und-breite-gehwege-saeumen-die-steinstrasse-so-soll-sie-einmal-aussehen.jpg\" alt=\"Caf\u00e9s, B\u00e4ume und breite Gehwege s\u00e4umen die Steinstra\u00dfe: So soll sie einmal aussehen.\" title=\"Caf\u00e9s, B\u00e4ume und breite Gehwege s\u00e4umen die Steinstra\u00dfe: So soll sie einmal aussehen.\" width=\"3840\" height=\"2160\" class=\"h-full w-full max-w-full rounded-8\" decoding=\"async\"\/><img loading=\"lazy\" src=\"https:\/\/hamburg.t-online.de\/s\/paper\/_next\/static\/media\/zoom-in.f7dae02f.svg\" alt=\"Vergr\u00f6\u00dfern des Bildes\" title=\"Vergr\u00f6\u00dfern des Bildes\" class=\"block h-[calc(var(--height)_\/_16_*_1rem)] w-[calc(var(--width)_\/_16_*_1rem)] max-w-none absolute right-8 bottom-8 rounded-4 bg-snow p-8\" style=\"--width:32;--height:32\" decoding=\"async\"\/>Caf\u00e9s, B\u00e4ume und breite Gehwege s\u00e4umen die Steinstra\u00dfe: So soll sie einmal aussehen. (Quelle: West 8)<\/a><\/p>\n<p class=\"text-18 leading-17 user-text-lg:text-22 user-text-xl:text-24\">Im Sommer sollen die B\u00e4ume Schatten spenden und durch Verdunstung f\u00fcr Abk\u00fchlung sorgen. Zugleich ist mehr Platz f\u00fcr Au\u00dfengastronomie vorgesehen. Fu\u00dfg\u00e4nger sollen die Steinstra\u00dfe k\u00fcnftig leichter \u00fcberqueren k\u00f6nnen.<\/p>\n<p class=\"text-18 leading-17 user-text-lg:text-22 user-text-xl:text-24\">Trotz des geringeren Autoverkehrs bleibt die Stra\u00dfe eine wichtige Verkehrsachse. Nach Angaben des LSBG sollen dort k\u00fcnftig pro Stunde und Fahrtrichtung rund 30 Busse unterwegs sein.<\/p>\n<p>Hamburger Innenstadt soll attraktiver werden<\/p>\n<p class=\"text-18 leading-17 user-text-lg:text-22 user-text-xl:text-24\">Die Pl\u00e4ne f\u00fcr die Neugestaltung hatten B\u00fcrgermeister Peter Tschentscher, Stadtentwicklungssenatorin Karen Pein (beide SPD) und Verkehrssenator Anjes Tjarks (Gr\u00fcne) Anfang 2023 vorgestellt. Vorausgegangen waren Beratungen am Runden Tisch Innenstadt, an dem Vertreter von Verb\u00e4nden, Unternehmen und Verwaltung beteiligt sind.<\/p>\n<p class=\"text-18 leading-17 user-text-lg:text-22 user-text-xl:text-24\">Der Umbau ist Teil der Pl\u00e4ne, die Hamburger Innenstadt attraktiver zu machen und zugleich den Autoverkehr zu reduzieren. Bereits zuvor waren Stra\u00dfen rund um die Binnenalster weitgehend f\u00fcr Autos gesperrt worden.<\/p>\n","protected":false},"excerpt":{"rendered":"Baustart am Montag Hamburg baut wichtige City-Stra\u00dfe um \u2013 Autos m\u00fcssen weichen 30.08.2026 &#8211; 18:34 UhrLesedauer: 2 Min.&hellip;\n","protected":false},"author":2,"featured_media":1270178,"comment_status":"","ping_status":"","sticky":false,"template":"","format":"standard","meta":{"footnotes":"","_share_on_mastodon":"0"},"categories":[1826],"tags":[722,2069,16365,262354,29,6763,30,692,2065,262353,97254],"class_list":["post-1270177","post","type-post","status-publish","format-standard","has-post-thumbnail","category-hamburg","tag-722","tag-autoverkehr","tag-baustart","tag-city-strasse","tag-deutschland","tag-gastronomie","tag-germany","tag-hamburg","tag-innenstadt","tag-lsbg","tag-steinstrasse"],"share_on_mastodon":{"url":"https:\/\/pubeurope.com\/@de\/117185723939272344","error":""},"_links":{"self":[{"href":"https:\/\/www.europesays.com\/de\/wp-json\/wp\/v2\/posts\/1270177","targetHints":{"allow":["GET"]}}],"collection":[{"href":"https:\/\/www.europesays.com\/de\/wp-json\/wp\/v2\/posts"}],"about":[{"href":"https:\/\/www.europesays.com\/de\/wp-json\/wp\/v2\/types\/post"}],"author":[{"embeddable":true,"href":"https:\/\/www.europesays.com\/de\/wp-json\/wp\/v2\/users\/2"}],"replies":[{"embeddable":true,"href":"https:\/\/www.europesays.com\/de\/wp-json\/wp\/v2\/comments?post=1270177"}],"version-history":[{"count":0,"href":"https:\/\/www.europesays.com\/de\/wp-json\/wp\/v2\/posts\/1270177\/revisions"}],"wp:featuredmedia":[{"embeddable":true,"href":"https:\/\/www.europesays.com\/de\/wp-json\/wp\/v2\/media\/1270178"}],"wp:attachment":[{"href":"https:\/\/www.europesays.com\/de\/wp-json\/wp\/v2\/media?parent=1270177"}],"wp:term":[{"taxonomy":"category","embeddable":true,"href":"https:\/\/www.europesays.com\/de\/wp-json\/wp\/v2\/categories?post=1270177"},{"taxonomy":"post_tag","embeddable":true,"href":"https:\/\/www.europesays.com\/de\/wp-json\/wp\/v2\/tags?post=1270177"}],"curies":[{"name":"wp","href":"https:\/\/api.w.org\/{rel}","templated":true}]}}