{"id":1270181,"date":"2026-08-30T17:52:18","date_gmt":"2026-08-30T17:52:18","guid":{"rendered":"https:\/\/www.europesays.com\/de\/1270181\/"},"modified":"2026-08-30T17:52:18","modified_gmt":"2026-08-30T17:52:18","slug":"merz-nennt-afd-und-linke-radikale-sieben-kanzler-worte-die-im-gedaechtnis-bleiben","status":"publish","type":"post","link":"https:\/\/www.europesays.com\/de\/1270181\/","title":{"rendered":"Merz nennt AfD und Linke \u201eRadikale\u201c: Sieben Kanzler-Worte, die im Ged\u00e4chtnis bleiben"},"content":{"rendered":"<p class=\"tspCJpg tspCJph\">Am Sonntagabend hat sich Bundeskanzler Friedrich Merz (CDU) dem ARD-Sommerinterview gestellt. Das Wichtigste im \u00dcberblick.<\/p>\n<p> Die Wahl in Sachsen-Anhalt <\/p>\n<p class=\"tspCJpg\">Nat\u00fcrlich wurde Merz auf die <a href=\"https:\/\/www.tagesspiegel.de\/politik\/sachsen-anhalt-wahlt-die-afd-wird-sich-an-der-macht-nicht-entzaubern-15997233.html?icid=in-text-link_15998941\" class=\"link link--internal\" data-gtm-class=\"article-text-link\" data-gtm-val=\"internal\" rel=\"nofollow noopener\" target=\"_blank\">bevorstehende Wahl in Sachsen-Anhalt angesprochen<\/a>. Es stehe die Regierungsf\u00e4higkeit eines Bundeslandes auf dem Spiel, sagte er. Und stellte dann AfD und Linkspartei rhetorisch auf eine Stufe: \u201eWir werden alles tun, um zu verhindern, dass Sachsen-Anhalt an die Radikalen f\u00e4llt. Das gilt sowohl f\u00fcr die AfD als auch f\u00fcr die Linkspartei.\u201c<\/p>\n<p class=\"tspCJpg\">Damit liegt das gro\u00dfe Dilemma, vor dem die CDU steht, noch einmal offen zutage: Entweder die AfD holt in Sachsen-Anhalt eine absolute Mehrheit. Oder es kann keine Mehrheit gegen sie ohne die Linkspartei geben. Jede der beiden M\u00f6glichkeiten ist f\u00fcr die CDU h\u00f6chst unangenehm. Dass der Kanzler nun AfD und Linkspartei kurz vor der Wahl unterschiedslos \u201eRadikale\u201c nennt, d\u00fcrfte die Lage nach dem Wahltag nicht unbedingt vereinfachen.<\/p>\n<p class=\"tspCJpg\">Der Kanzler deutete auch an, dass in einer politisch schwierigen Lage die derzeitige Regierung wom\u00f6glich nicht so schnell abtritt wie \u00fcblich. \u201eDie CDU ist an der Regierung in Sachsen-Anhalt, und da muss zun\u00e4chst einmal jemand anders gew\u00e4hlt werden. Das wird man dann nach dem Wahltag entscheiden.\u201c<\/p>\n<blockquote class=\"tspCMpp\">\n<p>Was n\u00fctzt uns das sch\u00f6nste Elterngeld, wenn wir unsere Freiheit verlieren und der Frieden in Europa gef\u00e4hrdet ist.<\/p>\n<\/blockquote>\n<p class=\"tspCMpq\">Bundeskanzler Friedrich Merz<\/p>\n<p class=\"tspCJpg\">F\u00fcr den Fall einer absoluten Mehrheit f\u00fcr die AfD prognostizierte Merz, Sachsen-Anhalt werde \u201eerhebliche Probleme\u201c bekommen. Internationale Investoren w\u00fcrden eher nicht anreisen, um gemeinsam mit einem AfD-Ministerpr\u00e4sidenten den Spatenstich f\u00fcr eine Investition zu vollziehen.<\/p>\n<p> Wehretat und Spardruck <\/p>\n<p class=\"tspCJpg\">Moderator Markus Prei\u00df fragte den Kanzler, ob die gigantischen Summen f\u00fcr Verteidigung und f\u00fcr die Unterst\u00fctzung der Ukraine den B\u00fcrgerinnen und B\u00fcrgern eigentlich vermittelbar seien, wenn an anderer Stelle gek\u00fcrzt werden muss. Merz reagierte bissig: \u201eWas n\u00fctzt uns das sch\u00f6nste Elterngeld, wenn wir unsere Freiheit verlieren und der Frieden in Europa gef\u00e4hrdet ist.\u201c Freiheit und Frieden seien die Priorit\u00e4t.<\/p>\n<p class=\"tspCJpg\">Er sagte aber auch, bei der Ert\u00fcchtigung der Bundeswehr m\u00fcsse sehr viel kosteneffizienter gearbeitet werden. Deutschland kooperiere auch deshalb mit der Ukraine, die das vormache.<\/p>\n<p> Eine Frau als Bundespr\u00e4sidentin <\/p>\n<p class=\"tspCJpg\">Wird das n\u00e4chste Staatsoberhaupt erstmals eine Frau? \u201eEs ist kein Geheimnis, dass ich viele Sympathien daf\u00fcr habe\u201c, sagte Merz. \u201eWahr ist trotzdem, dass wir ein Staatsoberhaupt brauchen, das die Gesellschaft zusammenh\u00e4lt.\u201c Die Frage nach dem Geschlecht sei weniger wichtig als die Pers\u00f6nlichkeit.<\/p>\n<p> Die desastr\u00f6sen Beliebtheitswerte <\/p>\n<p class=\"tspCJpg\">Moderator Prei\u00df legte noch einmal die Zahlen dar: Ein Jahr nach Amtsantritt war Kanzlerin Angela Merkel bei 57 Prozent der Menschen im Land beliebt. F\u00fcr Olaf Scholz lag dieser Wert bei 36 Prozent, f\u00fcr Merz liegt er nur bei 16 Prozent.<\/p>\n<p class=\"tspCJpg\">\u201eJemand, der dem Land Ver\u00e4nderungen zumutet, ist nat\u00fcrlich zu Beginn nicht popul\u00e4r\u201c, konterte Merz. \u201eIch besch\u00e4ftige mich damit, aber es ist nicht der Ma\u00dfstab meiner Politik.\u201c<\/p>\n<p> Das hei\u00dfe Thema Rentenreform <\/p>\n<p class=\"tspCJpg\"><a href=\"https:\/\/www.tagesspiegel.de\/politik\/ende-der-rente-mit-63-arbeitsministerin-bas-zeigt-sich-offen-fur-funfjahrige-ubergangsfrist-15994668.html?icid=in-text-link_15998941\" class=\"link link--internal\" data-gtm-class=\"article-text-link\" data-gtm-val=\"internal\" rel=\"nofollow noopener\" target=\"_blank\">In Sachen Rente steht der Koalition wom\u00f6glich ein sehr turbulenter Herbst bevor<\/a>. \u201eDie Rentenversicherung ist so nicht mehr zukunftsf\u00e4hig angesichts der Demographie, und das wissen wir seit Jahren\u201c, sagte Merz im Sommerinterview. Was sich von dieser \u00dcberzeugung in ein Reformpaket \u00fcbersetzen lassen wird, ist politisch hochspannend.<\/p>\n<p> Die Drohne und die Reaktion <\/p>\n<p class=\"tspCJpg\">Seit Tagen wird erwartet, dass die Bundesregierung sehr bald Russland \u00f6ffentlich f\u00fcr den <a href=\"https:\/\/www.tagesspiegel.de\/politik\/hybride-bedrohung-kam-sprengstoff-drohne-aus-moskau-warten-auf-konsequenzen-15997623.html?icid=in-text-link_15998941\" class=\"link link--internal\" data-gtm-class=\"article-text-link\" data-gtm-val=\"internal\" rel=\"nofollow noopener\" target=\"_blank\">versuchten Anschlag auf den Flughafen Leipzig verantwortlich macht<\/a>. Der Kanzler hatte bereits <a href=\"https:\/\/www.tagesspiegel.de\/politik\/nach-drohnenattacke-in-leipzig-merz-will-offenbar-nationale-massnahmen-gegen-russland-verkunden-15995991.html?icid=in-text-link_15998941\" class=\"link link--internal\" data-gtm-class=\"article-text-link\" data-gtm-val=\"internal\" rel=\"nofollow noopener\" target=\"_blank\">bei der Kabinettsklausur in Neuhardenberg<\/a> in der vergangenen Woche gesagt, man werde bald mit einem Ermittlungsergebnis an die \u00d6ffentlichkeit treten.<\/p>\n<p class=\"tspCJpg\">Das bekr\u00e4ftigte er nun und k\u00fcndigte zudem eine Reaktion an: \u201eWir sind dabei, die Ermittlungen abzuschlie\u00dfen. Wir haben eine weitgehende Einigkeit in der Bundesregierung, wie wir reagieren, und das werden wir in den n\u00e4chsten Tagen auch klar zum Ausdruck bringen. Es wird nicht mehr lange dauern.\u201c Die Reaktion werde in diesen Tagen mit den EU- und NATO-Partnern final abgestimmt.<\/p>\n<p>Mehr zur Bundesregierung und der Lage vor der Wahl in Sachsen-Anhalt bei Tagesspiegel Plus<a href=\"https:\/\/www.tagesspiegel.de\/meinung\/leserbriefe\/reformdebatte-und-merz-machtwort-rente-mit-63-rente-fur-eltern-15988277.html?icid=topic-list_15998941___\" data-gtm-class=\"article-mzt-link\" data-hydrate-fingerprint=\"09740a54944caac75fd2c0c63fd5c5df\" data-hydrate-props=\"{&amp;escapedquot;element&amp;escapedquot;:{&amp;escapedquot;type&amp;escapedquot;:&amp;escapedquot;relatedContent&amp;escapedquot;,&amp;escapedquot;fieldMap&amp;escapedquot;:{},&amp;escapedquot;relation&amp;escapedquot;:{&amp;escapedquot;fields&amp;escapedquot;:{&amp;escapedquot;isPaid&amp;escapedquot;:true},&amp;escapedquot;href&amp;escapedquot;:&amp;escapedquot;\/meinung\/leserbriefe\/reformdebatte-und-merz-machtwort-rente-mit-63-rente-fur-eltern-15988277.html&amp;escapedquot;,&amp;escapedquot;teaserTitle&amp;escapedquot;:{&amp;escapedquot;kicker&amp;escapedquot;:&amp;escapedquot;Reformdebatte und Merz-Machtwort&amp;escapedquot;,&amp;escapedquot;headline&amp;escapedquot;:&amp;escapedquot;Rente mit 63? Rente f\u00fcr Eltern!&amp;escapedquot;},&amp;escapedquot;id&amp;escapedquot;:&amp;escapedquot;15988277&amp;escapedquot;,&amp;escapedquot;type&amp;escapedquot;:&amp;escapedquot;story&amp;escapedquot;},&amp;escapedquot;isPartOfList&amp;escapedquot;:true,&amp;escapedquot;topicListType&amp;escapedquot;:&amp;escapedquot;topic-list&amp;escapedquot;},&amp;escapedquot;showArrow&amp;escapedquot;:true}\" data-hydrate-slots=\"{&#039;default&#039;:[]}\" class=\"tspCPp3 tspDEsb\" rel=\"nofollow noopener\" target=\"_blank\">Reformdebatte und Merz-Machtwort Rente mit 63? Rente f\u00fcr Eltern! <\/a><a href=\"https:\/\/www.tagesspiegel.de\/berlin\/man-wird-als-nazi-abgestempelt-warum-drangt-es-die-jugend-an-die-rander-sechs-berliner-erzahlen-15981948.html?icid=topic-list_15998941___\" data-gtm-class=\"article-mzt-link\" data-hydrate-fingerprint=\"09740a54944caac75fd2c0c63fd5c5df\" data-hydrate-props=\"{&amp;escapedquot;element&amp;escapedquot;:{&amp;escapedquot;type&amp;escapedquot;:&amp;escapedquot;relatedContent&amp;escapedquot;,&amp;escapedquot;fieldMap&amp;escapedquot;:{},&amp;escapedquot;relation&amp;escapedquot;:{&amp;escapedquot;fields&amp;escapedquot;:{&amp;escapedquot;isPaid&amp;escapedquot;:true},&amp;escapedquot;href&amp;escapedquot;:&amp;escapedquot;\/berlin\/man-wird-als-nazi-abgestempelt-warum-drangt-es-die-jugend-an-die-rander-sechs-berliner-erzahlen-15981948.html&amp;escapedquot;,&amp;escapedquot;teaserTitle&amp;escapedquot;:{&amp;escapedquot;kicker&amp;escapedquot;:&amp;escapedquot;\u201eMan wird als Nazi abgestempelt\u201c&amp;escapedquot;,&amp;escapedquot;headline&amp;escapedquot;:&amp;escapedquot;Warum dr\u00e4ngt es die Jugend an die R\u00e4nder? Sechs Berliner erz\u00e4hlen&amp;escapedquot;},&amp;escapedquot;id&amp;escapedquot;:&amp;escapedquot;15981948&amp;escapedquot;,&amp;escapedquot;type&amp;escapedquot;:&amp;escapedquot;story&amp;escapedquot;},&amp;escapedquot;isPartOfList&amp;escapedquot;:true,&amp;escapedquot;topicListType&amp;escapedquot;:&amp;escapedquot;topic-list&amp;escapedquot;},&amp;escapedquot;showArrow&amp;escapedquot;:true}\" data-hydrate-slots=\"{&#039;default&#039;:[]}\" class=\"tspCPp3 tspDEsb\" rel=\"nofollow noopener\" target=\"_blank\">\u201eMan wird als Nazi abgestempelt\u201c Warum dr\u00e4ngt es die Jugend an die R\u00e4nder? Sechs Berliner erz\u00e4hlen <\/a><a href=\"https:\/\/www.tagesspiegel.de\/politik\/landtagswahl-in-sachsen-anhalt-so-radikal-sind-die-afd-kandidaten-15978463.html?icid=topic-list_15998941___\" data-gtm-class=\"article-mzt-link\" data-hydrate-fingerprint=\"09740a54944caac75fd2c0c63fd5c5df\" data-hydrate-props=\"{&amp;escapedquot;element&amp;escapedquot;:{&amp;escapedquot;type&amp;escapedquot;:&amp;escapedquot;relatedContent&amp;escapedquot;,&amp;escapedquot;fieldMap&amp;escapedquot;:{},&amp;escapedquot;relation&amp;escapedquot;:{&amp;escapedquot;fields&amp;escapedquot;:{&amp;escapedquot;isPaid&amp;escapedquot;:true},&amp;escapedquot;href&amp;escapedquot;:&amp;escapedquot;\/politik\/landtagswahl-in-sachsen-anhalt-so-radikal-sind-die-afd-kandidaten-15978463.html&amp;escapedquot;,&amp;escapedquot;teaserTitle&amp;escapedquot;:{&amp;escapedquot;kicker&amp;escapedquot;:&amp;escapedquot;Landtagswahl in Sachsen-Anhalt&amp;escapedquot;,&amp;escapedquot;headline&amp;escapedquot;:&amp;escapedquot;So radikal sind die AfD-Kandidaten&amp;escapedquot;},&amp;escapedquot;id&amp;escapedquot;:&amp;escapedquot;15978463&amp;escapedquot;,&amp;escapedquot;type&amp;escapedquot;:&amp;escapedquot;story&amp;escapedquot;},&amp;escapedquot;isPartOfList&amp;escapedquot;:true,&amp;escapedquot;topicListType&amp;escapedquot;:&amp;escapedquot;topic-list&amp;escapedquot;},&amp;escapedquot;showArrow&amp;escapedquot;:true}\" data-hydrate-slots=\"{&#039;default&#039;:[]}\" class=\"tspCPp3 tspDEsb\" rel=\"nofollow noopener\" target=\"_blank\">Landtagswahl in Sachsen-Anhalt So radikal sind die AfD-Kandidaten <\/a> Keine neue Spritbreisbremse <\/p>\n<p class=\"tspCJpg\">\u201eSie k\u00f6nnen einen \u00d6lpreis von 100 Dollar in Deutschland nicht wegsubventionieren\u201c, sagte Merz und machte noch einmal klar: Eine Neuauflage der Spritpreisbremse kommt nicht.<\/p>\n","protected":false},"excerpt":{"rendered":"Am Sonntagabend hat sich Bundeskanzler Friedrich Merz (CDU) dem ARD-Sommerinterview gestellt. Das Wichtigste im \u00dcberblick. Die Wahl in&hellip;\n","protected":false},"author":2,"featured_media":1270182,"comment_status":"","ping_status":"","sticky":false,"template":"","format":"standard","meta":{"footnotes":"","_share_on_mastodon":"0"},"categories":[1825],"tags":[186,1941,1939,223,296,1937,31,29,536,775,30,137414,1940,1938,379,860,317],"class_list":["post-1270181","post","type-post","status-publish","format-standard","has-post-thumbnail","category-berlin","tag-afd","tag-aktuelle-nachrichten-aus-berlin","tag-aktuelle-news-aus-berlin","tag-ard","tag-berlin","tag-berlin-news","tag-cdu","tag-deutschland","tag-die-linke","tag-friedrich-merz","tag-germany","tag-hauptstadtbuero","tag-nachrichten-aus-berlin","tag-news-aus-berlin","tag-rente","tag-sachsen-anhalt","tag-ukraine"],"share_on_mastodon":{"url":"https:\/\/pubeurope.com\/@de\/117185737184423092","error":""},"_links":{"self":[{"href":"https:\/\/www.europesays.com\/de\/wp-json\/wp\/v2\/posts\/1270181","targetHints":{"allow":["GET"]}}],"collection":[{"href":"https:\/\/www.europesays.com\/de\/wp-json\/wp\/v2\/posts"}],"about":[{"href":"https:\/\/www.europesays.com\/de\/wp-json\/wp\/v2\/types\/post"}],"author":[{"embeddable":true,"href":"https:\/\/www.europesays.com\/de\/wp-json\/wp\/v2\/users\/2"}],"replies":[{"embeddable":true,"href":"https:\/\/www.europesays.com\/de\/wp-json\/wp\/v2\/comments?post=1270181"}],"version-history":[{"count":0,"href":"https:\/\/www.europesays.com\/de\/wp-json\/wp\/v2\/posts\/1270181\/revisions"}],"wp:featuredmedia":[{"embeddable":true,"href":"https:\/\/www.europesays.com\/de\/wp-json\/wp\/v2\/media\/1270182"}],"wp:attachment":[{"href":"https:\/\/www.europesays.com\/de\/wp-json\/wp\/v2\/media?parent=1270181"}],"wp:term":[{"taxonomy":"category","embeddable":true,"href":"https:\/\/www.europesays.com\/de\/wp-json\/wp\/v2\/categories?post=1270181"},{"taxonomy":"post_tag","embeddable":true,"href":"https:\/\/www.europesays.com\/de\/wp-json\/wp\/v2\/tags?post=1270181"}],"curies":[{"name":"wp","href":"https:\/\/api.w.org\/{rel}","templated":true}]}}