{"id":1270183,"date":"2026-08-30T17:53:16","date_gmt":"2026-08-30T17:53:16","guid":{"rendered":"https:\/\/www.europesays.com\/de\/1270183\/"},"modified":"2026-08-30T17:53:16","modified_gmt":"2026-08-30T17:53:16","slug":"schulstress-belastet-jeden-dritten-jugendlichen","status":"publish","type":"post","link":"https:\/\/www.europesays.com\/de\/1270183\/","title":{"rendered":"Schulstress belastet jeden dritten Jugendlichen"},"content":{"rendered":"<p><strong>Mehr als jeder dritte Jugendliche in Berlin und Brandenburg f\u00fchlt sich durch Schulstress stark beeintr\u00e4chtigt. Bei M\u00e4dchen ist der Anteil fast doppelt so hoch wie bei Jungen.<\/strong><\/p>\n<p><img decoding=\"async\" class=\"aligncenter size-large\" src=\"https:\/\/www.europesays.com\/de\/wp-content\/uploads\/2026\/08\/gesamtschule-schulzendorf-titel.jpg\" alt=\"Leeres Klassenzimmer \u2013 Symbolbild\" width=\"1000\"\/>Symbolbild. Foto: tho-ge\/Pixabay<strong>35 Prozent f\u00fchlen sich stark belastet<\/strong><\/p>\n<p>Die Zahlen stammen aus der Sinus-Jugendstudie, auf die die BARMER Berlin\/Brandenburg hinweist. Danach f\u00fchlen sich 35 Prozent der 14- bis 17-J\u00e4hrigen in der Region durch Schulstress stark beeintr\u00e4chtigt. Bundesweit sind es 33 Prozent.<\/p>\n<p>Damit steht Schulstress bei den Belastungen klar an erster Stelle. Es folgen Stress in der Familie mit 20 Prozent und Einsamkeit mit 17 Prozent.<\/p>\n<p><strong>M\u00e4dchen deutlich st\u00e4rker betroffen<\/strong><\/p>\n<p>Der auff\u00e4lligste Befund betrifft den Unterschied zwischen den Geschlechtern: Bundesweit berichten 42 Prozent der M\u00e4dchen von starker Beeintr\u00e4chtigung durch Schulstress, aber nur 25 Prozent der Jungen.<\/p>\n<p>Und das bleibt nicht auf die Schule beschr\u00e4nkt: In allen anderen abgefragten Kategorien sind M\u00e4dchen ebenfalls deutlich h\u00e4ufiger stark belastet.<\/p>\n<p class=\"nla-nl__kicker\">Newsletter<\/p>\n<p>Die Lausitz am Abend \u2013 in zwei Minuten<\/p>\n<p class=\"nla-nl__sub\">Jeden Abend das Wichtigste aus der Region \u2013 und donnerstags die Veranstaltungstipps f\u00fcrs Wochenende. Kostenlos und jederzeit abbestellbar.<\/p>\n<p class=\"nla-nl__row\"><a class=\"nla-nl__btn\" href=\"https:\/\/www.niederlausitz-aktuell.de\/newsletter\" rel=\"nofollow noopener\" target=\"_blank\">Jetzt kostenlos abonnieren<\/a><\/p>\n<p><strong>Bildung macht einen Unterschied<\/strong><\/p>\n<p>Ein zweiter Zusammenhang zieht sich durch die Studie: Jugendliche mit formal niedrigerem Bildungsgrad berichten bundesweit \u00fcber alle abgefragten Belastungsbereiche hinweg h\u00e4ufiger von starken Beeintr\u00e4chtigungen.<\/p>\n<p>Wer ohnehin schwierigere Startbedingungen hat, tr\u00e4gt also zus\u00e4tzlich die gr\u00f6\u00dfere Last \u2013 ein Befund, der \u00fcber die Schule hinausweist.<\/p>\n<p><strong>Was die Krankenkasse daraus folgert<\/strong><\/p>\n<p>BARMER-Landesgesch\u00e4ftsf\u00fchrerin Leyh mahnt Konsequenzen an: Wenn junge Menschen dauerhaft unter Druck st\u00fcnden, d\u00fcrfe das nicht folgenlos bleiben.<\/p>\n<p>F\u00fcr die Region ist das kein akademisches Thema. In einer alternden Gesellschaft mit d\u00fcnner werdender Schullandschaft entscheidet sich an solchen Zahlen, wie viele junge Menschen den Abschluss schaffen \u2013 und wie viele hierbleiben.<\/p>\n<p>Titelbild: Symbolfoto \u00a9 tho-ge\/Pixabay<\/p>\n<p><strong>Weitere aktuelle Meldungen aus der Region<\/strong>Heute in der Lausitz \u2013 Unser t\u00e4glicher News\u00fcberblick<\/p>\n<p>Mehr Infos und News aus der Lausitzer und S\u00fcdbrandenburger Region sowie Videos und Social-Media-Content von heute findet ihr in unserer Tages\u00fcbersicht \u2013&gt;&gt; <a href=\"https:\/\/www.niederlausitz-aktuell.de\/main-artikel\/230749\/heute-in-der-lausitz-unser-taeglicher-news-und-contentueberblick-56.html\" target=\"_blank\" rel=\"noopener nofollow\"><strong>Hier zur \u00dcbersicht<\/strong><\/a><\/p>\n<p style=\"margin:0 0 10px 0;font-size:15px;line-height:1.5;\"> <strong>Uns bei Google als bevorzugte Quelle festlegen<\/strong><br \/>Wer etwas googelt, bekommt neben den normalen Treffern eine Box mit aktuellen<br \/>\n Nachrichten. Legen Sie NIEDERLAUSITZ aktuell als bevorzugte Quelle fest,<br \/>\n erscheinen unsere Beitr\u00e4ge dort h\u00e4ufiger f\u00fcr Sie \u2013 und in den KI-\u00dcbersichten<br \/>\n von Google. Ein Klick gen\u00fcgt, danach sind Sie sofort wieder hier.<\/p>\n<p style=\"margin:10px 0 0 0;font-size:13px;line-height:1.5;\"> Falls der Knopf nicht angezeigt wird: <a href=\"https:\/\/www.google.com\/preferences\/source?q=niederlausitz-aktuell.de\" target=\"_blank\" rel=\"noopener nofollow\">niederlausitz-aktuell.de bei Google<br \/>\n als bevorzugte Quelle hinzuf\u00fcgen<\/a><\/p>\n<p>Red. \/ Presseinformation<\/p>\n","protected":false},"excerpt":{"rendered":"Mehr als jeder dritte Jugendliche in Berlin und Brandenburg f\u00fchlt sich durch Schulstress stark beeintr\u00e4chtigt. Bei M\u00e4dchen ist&hellip;\n","protected":false},"author":2,"featured_media":1270184,"comment_status":"","ping_status":"","sticky":false,"template":"","format":"standard","meta":{"footnotes":"","_share_on_mastodon":"0"},"categories":[1825],"tags":[17464,296,752,1890,29,30,1722,44345,262355,262356],"class_list":["post-1270183","post","type-post","status-publish","format-standard","has-post-thumbnail","category-berlin","tag-barmer","tag-berlin","tag-bildung","tag-brandenburg","tag-deutschland","tag-germany","tag-jugendliche","tag-psychische-gesundheit","tag-schulstress","tag-sinus-jugendstudie"],"share_on_mastodon":{"url":"https:\/\/pubeurope.com\/@de\/117185743094211736","error":""},"_links":{"self":[{"href":"https:\/\/www.europesays.com\/de\/wp-json\/wp\/v2\/posts\/1270183","targetHints":{"allow":["GET"]}}],"collection":[{"href":"https:\/\/www.europesays.com\/de\/wp-json\/wp\/v2\/posts"}],"about":[{"href":"https:\/\/www.europesays.com\/de\/wp-json\/wp\/v2\/types\/post"}],"author":[{"embeddable":true,"href":"https:\/\/www.europesays.com\/de\/wp-json\/wp\/v2\/users\/2"}],"replies":[{"embeddable":true,"href":"https:\/\/www.europesays.com\/de\/wp-json\/wp\/v2\/comments?post=1270183"}],"version-history":[{"count":0,"href":"https:\/\/www.europesays.com\/de\/wp-json\/wp\/v2\/posts\/1270183\/revisions"}],"wp:featuredmedia":[{"embeddable":true,"href":"https:\/\/www.europesays.com\/de\/wp-json\/wp\/v2\/media\/1270184"}],"wp:attachment":[{"href":"https:\/\/www.europesays.com\/de\/wp-json\/wp\/v2\/media?parent=1270183"}],"wp:term":[{"taxonomy":"category","embeddable":true,"href":"https:\/\/www.europesays.com\/de\/wp-json\/wp\/v2\/categories?post=1270183"},{"taxonomy":"post_tag","embeddable":true,"href":"https:\/\/www.europesays.com\/de\/wp-json\/wp\/v2\/tags?post=1270183"}],"curies":[{"name":"wp","href":"https:\/\/api.w.org\/{rel}","templated":true}]}}