{"id":1270187,"date":"2026-08-30T17:55:14","date_gmt":"2026-08-30T17:55:14","guid":{"rendered":"https:\/\/www.europesays.com\/de\/1270187\/"},"modified":"2026-08-30T17:55:14","modified_gmt":"2026-08-30T17:55:14","slug":"15-000-beim-klassentreffen-keine-zahnspangen-glitzern-mich-an-unterhaltung","status":"publish","type":"post","link":"https:\/\/www.europesays.com\/de\/1270187\/","title":{"rendered":"15.000 beim Klassentreffen: \u201eKeine Zahnspangen glitzern mich an\u201c | Unterhaltung"},"content":{"rendered":"<p>Berlin \u2013 <b>Gratis-Shots am Eingang, Autoscooter zwischen den Konzerten und auf der B\u00fchne die Rapper, mit denen eine ganze Generation gro\u00df geworden ist: Beim \u201eKlassentreffen Festival\u201c auf dem Zentralen Festplatz feierten rund 15.000 Fans eine Reise zur\u00fcck in die goldenen Zeiten des Deutschraps.<\/b><\/p>\n<p>Der Name war Programm. Vor den <a href=\"https:\/\/www.bz-berlin.de\/thema\/buehne\" class=\"text-link\" rel=\"nofollow noopener\" target=\"_blank\">B\u00fchnen<\/a> standen vor allem Fans in ihren 30ern, 40ern und 50ern. Menschen, die mit Aggro Berlin, Optik Records und den gro\u00dfen Deutschrap-Hymnen der Nullerjahre aufgewachsen sind. Eko Fresh brachte es auf den Punkt: \u201eWas f\u00fcr ein geiles <a href=\"https:\/\/www.bz-berlin.de\/thema\/festival\" class=\"text-link\" rel=\"nofollow noopener\" target=\"_blank\">Festival<\/a>! Wo andere nicht reinkommen \u2026 \u00dc30, Mann!\u201c Die Menge jubelte.<\/p>\n<p>Musikalisch reichte die Zeitreise von Hip-Hop-Pionieren wie Torch, Toni-L, Curse, den Stieber Twins und Cora E bis zu den gro\u00dfen Stars der Nullerjahre. Die Flying Steps sorgten mit ihrer Breakdance-Show zus\u00e4tzlich f\u00fcr Nostalgie.<\/p>\n<p><img decoding=\"async\" width=\"992\" height=\"558\" alt=\"Lichteffekte machten die Show perfekt\" loading=\"lazy\" src=\"https:\/\/www.europesays.com\/de\/wp-content\/uploads\/2026\/08\/679a327f92c4e26c3d207c536abef945,2d67fd9d.jpeg\"   class=\"landscape\"\/><\/p>\n<p class=\"fig__caption__text\">Lichteffekte machten die Show perfekt<\/p>\n<p>Foto: Redferns<\/p>\n<p>Eko Fresh brachte K\u00f6ln-Kalk nach Berlin. Gemeinsam mit Kool Savas performte er die Klassiker \u201eOptik Anthem\u201c und \u201eDeutschlands 1\u201c. F\u00fcr viele Fans war das mehr als nur ein gemeinsamer Auftritt. Schlie\u00dflich haben die beiden <a href=\"https:\/\/www.bz-berlin.de\/thema\/rapper\" class=\"text-link\" rel=\"nofollow noopener\" target=\"_blank\">Rapper<\/a> nicht nur zusammen Musikgeschichte geschrieben, sondern sich einst auch einen der bekanntesten Beefs des deutschen Hip-Hops geliefert.<\/p>\n<p>Kool Savas sorgte sp\u00e4ter f\u00fcr den emotionalsten Moment des Festivals. Der Rapper verabschiedete sich von seinem langj\u00e4hrigen DJ-Kollegen, der vor wenigen Wochen \u00fcberraschend aus dem Leben gerissen wurde. W\u00e4hrend seiner Ansprache k\u00e4mpfte Savas sichtbar mit den Emotionen. Immer wieder stockte seine Stimme, Tr\u00e4nen standen ihm in den Augen. Auf dem ansonsten ausgelassenen Festival wurde es pl\u00f6tzlich still.<\/p>\n<p>Nach den emotionalen Minuten holte Savas badm\u00f3mzjay auf die B\u00fchne. Mit der Berliner Rapperin holte er eine Vertreterin der neuen Deutschrap-Generation auf das Festival. Gemeinsam performten die beiden den Song \u201eDeine Mutter\u201c. Der Auftritt kam f\u00fcr viele Besucher v\u00f6llig \u00fcberraschend.<\/p>\n<p>Den Abschluss des Abends \u00fcbernahm schlie\u00dflich <a href=\"https:\/\/www.bz-berlin.de\/thema\/sido\" class=\"text-link\" rel=\"nofollow noopener\" target=\"_blank\">Sido<\/a>. Mit Kitty Kat brachte er einen weiteren \u00dcberraschungsgast auf die B\u00fchne. Gemeinsam performten die beiden den Aggro-Berlin-Klassiker \u201eStrip f\u00fcr mich\u201c. Die Menge feierte die unerwartete Reunion frenetisch. Sp\u00e4ter schaute auch B-Tight noch vorbei und machte die Zeitreise in die fr\u00fchen Aggro-Jahre perfekt.<\/p>\n<p>Bei seinem Song \u201eLiebe\u201c kletterte Sido \u00fcber die Wellenbrecher und mischte sich mitten unter seine Fans. Kurz vor Schluss blickte er in die Menge und musste grinsen. Den Anblick kommentierte er trocken: \u201eKeine Zahnspangen glitzern mich an.\u201c<\/p>\n<p>Mit \u201eAstronaut\u201c endete das offizielle Set. Doch nach Hause wollte niemand. Immer wieder erklang vor der B\u00fchne das legend\u00e4re \u201eDa-da-da-da\u201c. Die Fans wollten nur noch eins h\u00f6ren: den ber\u00fcchtigten \u201eArschficksong\u201c. Schlie\u00dflich lie\u00df sich Sido \u00fcberzeugen. Zum Abschluss spielte er tats\u00e4chlich noch den Kult-Hit aus seinen fr\u00fchen Aggro-Berlin-Tagen. Tausende Fans gr\u00f6lten jede Zeile mit.<\/p>\n<p>Haben Sie einen Fehler in diesem Artikel entdeckt? Dann schreiben Sie uns gern: <a href=\"mailto:fehler.melden@bz.de?body=%0A%0A%0AURL%3A%20https%3A%2F%2Fwww.bz-berlin.de%2Funterhaltung%2F15-000-beim-klassentreffen-keine-zahnspangen-glitzern-mich-an-6a9450ae99cae3c1912ab0f6%0ADatum%3A%2030.8.2026%2C%2019%3A54%3A33%0A\" target=\"_blank\" rel=\"noopener\" class=\"anchor anchor--external\">fehler.melden@bz.de.<\/a><\/p>\n","protected":false},"excerpt":{"rendered":"Berlin \u2013 Gratis-Shots am Eingang, Autoscooter zwischen den Konzerten und auf der B\u00fchne die Rapper, mit denen eine&hellip;\n","protected":false},"author":2,"featured_media":1270188,"comment_status":"","ping_status":"","sticky":false,"template":"","format":"standard","meta":{"footnotes":"","_share_on_mastodon":"0"},"categories":[1825],"tags":[25017,296,58576,29,30812,30,2138,1306,210073],"class_list":["post-1270187","post","type-post","status-publish","format-standard","has-post-thumbnail","category-berlin","tag-a2","tag-berlin","tag-depeche-mode","tag-deutschland","tag-eko-fresh","tag-germany","tag-rap","tag-rapper","tag-savas-kool"],"share_on_mastodon":{"url":"https:\/\/pubeurope.com\/@de\/117185749163953955","error":""},"_links":{"self":[{"href":"https:\/\/www.europesays.com\/de\/wp-json\/wp\/v2\/posts\/1270187","targetHints":{"allow":["GET"]}}],"collection":[{"href":"https:\/\/www.europesays.com\/de\/wp-json\/wp\/v2\/posts"}],"about":[{"href":"https:\/\/www.europesays.com\/de\/wp-json\/wp\/v2\/types\/post"}],"author":[{"embeddable":true,"href":"https:\/\/www.europesays.com\/de\/wp-json\/wp\/v2\/users\/2"}],"replies":[{"embeddable":true,"href":"https:\/\/www.europesays.com\/de\/wp-json\/wp\/v2\/comments?post=1270187"}],"version-history":[{"count":0,"href":"https:\/\/www.europesays.com\/de\/wp-json\/wp\/v2\/posts\/1270187\/revisions"}],"wp:featuredmedia":[{"embeddable":true,"href":"https:\/\/www.europesays.com\/de\/wp-json\/wp\/v2\/media\/1270188"}],"wp:attachment":[{"href":"https:\/\/www.europesays.com\/de\/wp-json\/wp\/v2\/media?parent=1270187"}],"wp:term":[{"taxonomy":"category","embeddable":true,"href":"https:\/\/www.europesays.com\/de\/wp-json\/wp\/v2\/categories?post=1270187"},{"taxonomy":"post_tag","embeddable":true,"href":"https:\/\/www.europesays.com\/de\/wp-json\/wp\/v2\/tags?post=1270187"}],"curies":[{"name":"wp","href":"https:\/\/api.w.org\/{rel}","templated":true}]}}