{"id":1270189,"date":"2026-08-30T17:56:23","date_gmt":"2026-08-30T17:56:23","guid":{"rendered":"https:\/\/www.europesays.com\/de\/1270189\/"},"modified":"2026-08-30T17:56:23","modified_gmt":"2026-08-30T17:56:23","slug":"evers-ueber-antisemitismus-in-berlin-wer-juedisches-leben-bedroht-greift-unsere-stadt-an","status":"publish","type":"post","link":"https:\/\/www.europesays.com\/de\/1270189\/","title":{"rendered":"Evers \u00fcber Antisemitismus in Berlin: \u201eWer j\u00fcdisches Leben bedroht, greift unsere Stadt an\u201c"},"content":{"rendered":"<p class=\"tspCJpg tspCJph\">Der Berliner Kultur- und Finanzsenator Stefan Evers warnt vor \u201efalscher Toleranz\u201c im Kampf gegen Antisemitismus. Zur Premiere des Films \u201eAlbrecht Weinberg \u2013 Es ist immer in meinem Kopf\u201c in den Hackeschen H\u00f6fen sagte Evers am Sonntagabend, das Zusammenleben verschiedener Lebensentw\u00fcrfe sei \u201ekeine romantische Angelegenheit\u201c. Eine freie Gesellschaft brauche Verbindlichkeit.<\/p>\n<p class=\"tspCJpg\">\u201eJuden m\u00fcssen in Berlin sichtbar j\u00fcdisch leben k\u00f6nnen. Ohne Angst. Ohne sich erkl\u00e4ren zu m\u00fcssen. Ohne dar\u00fcber nachdenken zu m\u00fcssen, ob eine Kippa, ein Davidstern oder der Besuch einer Synagoge sie in Gefahr bringt\u201c, sagte Evers, der CDU\u2011Spitzenkandidat f\u00fcr die Berlin-Wahl im September ist. \u201eWer j\u00fcdisches Leben bedroht, greift unsere Stadt an.\u201c Daraus folge eine klare Verantwortung des Staates. \u201eJ\u00fcdisches Leben muss gesch\u00fctzt werden \u2013 konsequent und ohne falsche Toleranz. Wo Juden bedroht werden, darf es keinen falsch verstandenen T\u00e4terschutz und kein Wegsehen aus politischer R\u00fccksichtnahme geben.\u201c<\/p>\n<p class=\"tspCJpg\">Evers hatte erst die Linkspartei am Sonntagnachmittag daf\u00fcr kritisiert, dass sie in ihrem Neuk\u00f6llner Bezirksverband offenbar Judenhass duldet. Als einziger Spitzenkandidat der eingeladenen Parteien nahm Evers zudem nicht an einer Podiumsdiskussion in der \u201eNeuk\u00f6llner Begegnungsst\u00e4tte\u201c teil. <a href=\"https:\/\/www.tagesspiegel.de\/berlin\/eklat-bei-wahlforum-in-neukollner-moschee-fdp-politiker-spricht-islamismus-an-dann-kommt-es-zum-wortgefecht-15996604.html?icid=in-text-link_15994124\" class=\"link link--internal\" data-gtm-class=\"article-text-link\" data-gtm-val=\"internal\" rel=\"nofollow noopener\" target=\"_blank\">Kritiker werfen deren Tr\u00e4gerverein vor, der Muslimbruderschaft nahezustehen. Ihr Ziel sei eine Gesellschaft unter der Scharia.<\/a><\/p>\n<p class=\"tspCJpg\">Die Sicherheitsbeh\u00f6rden m\u00fcssten personell, rechtlich und technisch so ausgestattet sein, sagte Evers, dass sie antisemitische Bedrohungen fr\u00fch erkennen und j\u00fcdisches Leben wirksam sch\u00fctzen k\u00f6nnten. \u201eDabei darf es keinen Unterschied machen, <a href=\"https:\/\/www.tagesspiegel.de\/berlin\/molotowcocktails-auf-berliner-synagoge-geworfen-innensenatorin-spranger-sieht-angriff-auf-grundfeste-unseres-miteinanders-10642945.html?icid=in-text-link_15994124\" class=\"link link--internal\" data-gtm-class=\"article-text-link\" data-gtm-val=\"internal\" rel=\"nofollow noopener\" target=\"_blank\">wer die T\u00e4ter sind oder aus welchem politischen oder religi\u00f6sen Umfeld sie kommen<\/a>\u201c, betonte er. Die Erinnerung an die Schoah sei eine Verpflichtung f\u00fcr die Gegenwart: \u201ezum Kampf gegen Antisemitismus \u2013 unabh\u00e4ngig davon, ob er von rechts kommt, von links, aus islamistischen Milieus oder aus der Mitte unserer Gesellschaft\u201c.<\/p>\n<p class=\"tspCJpg\">In dem Dokumentarfilm begleiten die Regisseure G\u00fcner Balci, die zugleich Integrationsbeauftragte des Bezirks Neuk\u00f6lln ist, und Jesco Denzel <a href=\"https:\/\/www.tagesspiegel.de\/gesellschaft\/panorama\/mensch-voller-wurde-warme-humor-holocaust-uberlebender-weinberg-mit-101-jahren-gestorben-15589620.html?icid=in-text-link_15994124\" class=\"link link--internal\" data-gtm-class=\"article-text-link\" data-gtm-val=\"internal\" rel=\"nofollow noopener\" target=\"_blank\">den Holocaust-\u00dcberlebenden Albrecht Weinberg<\/a> auf seiner letzten Reise durch Deutschland. Sechzig Jahre nach seiner Flucht in die USA kehrt Weinberg in seine Heimat Ostfriesland zur\u00fcck. In Leer findet er am Ende seines Lebens einen Neubeginn: Er zog mit seiner ehemaligen Pflegerin zusammen, sie wurden als \u201eDeutschlands \u00e4lteste Wohngemeinschaft\u201c bekannt. Albrecht erz\u00e4hlt im Film von seinem Leben \u2013 auch und gerade vor Sch\u00fclern. Am 12. Mai 2026 starb Albrecht Weinberg im Alter von 101 Jahren.<\/p>\n<p>Lesen Sie mehr zum Thema<a href=\"https:\/\/www.tagesspiegel.de\/gesellschaft\/immer-mehr-antisemitismus-an-deutschen-schulen-oh-mann-da-kommt-der-nervige-jude-15738827.html?icid=topic-list_15994124___\" data-gtm-class=\"article-mzt-link\" data-hydrate-fingerprint=\"09740a54944caac75fd2c0c63fd5c5df\" data-hydrate-props=\"{&amp;escapedquot;element&amp;escapedquot;:{&amp;escapedquot;type&amp;escapedquot;:&amp;escapedquot;relatedContent&amp;escapedquot;,&amp;escapedquot;fieldMap&amp;escapedquot;:{},&amp;escapedquot;relation&amp;escapedquot;:{&amp;escapedquot;fields&amp;escapedquot;:{&amp;escapedquot;isPaid&amp;escapedquot;:true},&amp;escapedquot;href&amp;escapedquot;:&amp;escapedquot;\/gesellschaft\/immer-mehr-antisemitismus-an-deutschen-schulen-oh-mann-da-kommt-der-nervige-jude-15738827.html&amp;escapedquot;,&amp;escapedquot;teaserTitle&amp;escapedquot;:{&amp;escapedquot;kicker&amp;escapedquot;:&amp;escapedquot;Allt\u00e4glicher Antisemitismus an deutschen Schulen&amp;escapedquot;,&amp;escapedquot;headline&amp;escapedquot;:&amp;escapedquot;\u201eOh Mann, da kommt der nervige Jude\u201c&amp;escapedquot;},&amp;escapedquot;id&amp;escapedquot;:&amp;escapedquot;15738827&amp;escapedquot;,&amp;escapedquot;type&amp;escapedquot;:&amp;escapedquot;story&amp;escapedquot;},&amp;escapedquot;isPartOfList&amp;escapedquot;:true,&amp;escapedquot;topicListType&amp;escapedquot;:&amp;escapedquot;topic-list&amp;escapedquot;},&amp;escapedquot;showArrow&amp;escapedquot;:true}\" data-hydrate-slots=\"{&#039;default&#039;:[]}\" class=\"tspCPp3 tspDEsb\" rel=\"nofollow noopener\" target=\"_blank\">Allt\u00e4glicher Antisemitismus an deutschen Schulen \u201eOh Mann, da kommt der nervige Jude\u201c <\/a><a href=\"https:\/\/www.tagesspiegel.de\/berlin\/islamisten-jugendliche-gewalt-berlin-fordert-bundespolizei-an-10647313.html?icid=topic-list_15994124___\" data-gtm-class=\"article-mzt-link\" data-hydrate-fingerprint=\"09740a54944caac75fd2c0c63fd5c5df\" data-hydrate-props=\"{&amp;escapedquot;element&amp;escapedquot;:{&amp;escapedquot;type&amp;escapedquot;:&amp;escapedquot;relatedContent&amp;escapedquot;,&amp;escapedquot;fieldMap&amp;escapedquot;:{},&amp;escapedquot;relation&amp;escapedquot;:{&amp;escapedquot;fields&amp;escapedquot;:{&amp;escapedquot;isPaid&amp;escapedquot;:true},&amp;escapedquot;href&amp;escapedquot;:&amp;escapedquot;\/berlin\/islamisten-jugendliche-gewalt-berlin-fordert-bundespolizei-an-10647313.html&amp;escapedquot;,&amp;escapedquot;teaserTitle&amp;escapedquot;:{&amp;escapedquot;headline&amp;escapedquot;:&amp;escapedquot;Die \u201eMischszene\u201c macht der Berliner Polizei Probleme&amp;escapedquot;,&amp;escapedquot;kicker&amp;escapedquot;:&amp;escapedquot;Islamisten, Jugendliche, B\u00fcrger&amp;escapedquot;},&amp;escapedquot;id&amp;escapedquot;:&amp;escapedquot;10647313&amp;escapedquot;,&amp;escapedquot;type&amp;escapedquot;:&amp;escapedquot;story&amp;escapedquot;},&amp;escapedquot;isPartOfList&amp;escapedquot;:true,&amp;escapedquot;topicListType&amp;escapedquot;:&amp;escapedquot;topic-list&amp;escapedquot;},&amp;escapedquot;showArrow&amp;escapedquot;:true}\" data-hydrate-slots=\"{&#039;default&#039;:[]}\" class=\"tspCPp3 tspDEsb\" rel=\"nofollow noopener\" target=\"_blank\">Islamisten, Jugendliche, B\u00fcrger Die \u201eMischszene\u201c macht der Berliner Polizei Probleme <\/a><a href=\"https:\/\/www.tagesspiegel.de\/berlin\/das-problem-ist-virulent-antisemitismusbeauftragter-beklagt-zunehmenden-israel-hass-bei-berliner-schulern-10603684.html?icid=topic-list_15994124___\" data-gtm-class=\"article-mzt-link\" data-hydrate-fingerprint=\"09740a54944caac75fd2c0c63fd5c5df\" data-hydrate-props=\"{&amp;escapedquot;element&amp;escapedquot;:{&amp;escapedquot;type&amp;escapedquot;:&amp;escapedquot;relatedContent&amp;escapedquot;,&amp;escapedquot;fieldMap&amp;escapedquot;:{},&amp;escapedquot;relation&amp;escapedquot;:{&amp;escapedquot;fields&amp;escapedquot;:{&amp;escapedquot;isPaid&amp;escapedquot;:true},&amp;escapedquot;href&amp;escapedquot;:&amp;escapedquot;\/berlin\/das-problem-ist-virulent-antisemitismusbeauftragter-beklagt-zunehmenden-israel-hass-bei-berliner-schulern-10603684.html&amp;escapedquot;,&amp;escapedquot;teaserTitle&amp;escapedquot;:{&amp;escapedquot;kicker&amp;escapedquot;:&amp;escapedquot;\u201eDas Problem ist virulent\u201c&amp;escapedquot;,&amp;escapedquot;headline&amp;escapedquot;:&amp;escapedquot;Antisemitismusbeauftragter beklagt zunehmenden Israel-Hass bei Berliner Sch\u00fclern&amp;escapedquot;},&amp;escapedquot;id&amp;escapedquot;:&amp;escapedquot;10603684&amp;escapedquot;,&amp;escapedquot;type&amp;escapedquot;:&amp;escapedquot;story&amp;escapedquot;},&amp;escapedquot;isPartOfList&amp;escapedquot;:true,&amp;escapedquot;topicListType&amp;escapedquot;:&amp;escapedquot;topic-list&amp;escapedquot;},&amp;escapedquot;showArrow&amp;escapedquot;:true}\" data-hydrate-slots=\"{&#039;default&#039;:[]}\" class=\"tspCPp3 tspDEsb\" rel=\"nofollow noopener\" target=\"_blank\">\u201eDas Problem ist virulent\u201c Antisemitismusbeauftragter beklagt zunehmenden Israel-Hass bei Berliner Sch\u00fclern <\/a><\/p>\n<p class=\"tspCJpg\"><a href=\"https:\/\/www.tagesspiegel.de\/berlin\/mehr-als-nur-ein-platz-vor-dem-parlament-was-von-margot-friedlander-in-berlin-sichtbar-bleibt-15575016.html?icid=in-text-link_15994124\" class=\"link link--internal\" data-gtm-class=\"article-text-link\" data-gtm-val=\"internal\" rel=\"nofollow noopener\" target=\"_blank\">\u201eInge Deutschkron, Esther Bejarano, Margot Friedl\u00e4nder<\/a> \u2013 und nun auch Albrecht Weinberg: Die Generation der Zeitzeuginnen und Zeitzeugen verl\u00e4sst uns\u201c, sagte Evers. Damit ver\u00e4ndere sich die Verantwortung. \u201eBald wird niemand mehr in ein Klassenzimmer kommen k\u00f6nnen und aus eigener Erfahrung sagen: Ich war dort. Dann m\u00fcssen andere die Geschichten weitertragen: unsere Gedenkst\u00e4tten. Unsere Schulen. Unsere Museen. Unsere Literatur. Und unsere Filme. Das ist eine gro\u00dfe Aufgabe der Kultur.\u201c Erinnerung m\u00fcsse Fragen stellen. Eine dieser Fragen laute: \u201eWie wollen wir heute miteinander leben?\u201c<\/p>\n","protected":false},"excerpt":{"rendered":"Der Berliner Kultur- und Finanzsenator Stefan Evers warnt vor \u201efalscher Toleranz\u201c im Kampf gegen Antisemitismus. Zur Premiere des&hellip;\n","protected":false},"author":2,"featured_media":1270190,"comment_status":"","ping_status":"","sticky":false,"template":"","format":"standard","meta":{"footnotes":"","_share_on_mastodon":"0"},"categories":[1825],"tags":[712,296,258021,31,29,536,30,27668,966,44707],"class_list":["post-1270189","post","type-post","status-publish","format-standard","has-post-thumbnail","category-berlin","tag-antisemitismus","tag-berlin","tag-berlin-wahl-2026","tag-cdu","tag-deutschland","tag-die-linke","tag-germany","tag-kunst-in-berlin","tag-schule","tag-stefan-evers"],"share_on_mastodon":{"url":"https:\/\/pubeurope.com\/@de\/117185752864002916","error":""},"_links":{"self":[{"href":"https:\/\/www.europesays.com\/de\/wp-json\/wp\/v2\/posts\/1270189","targetHints":{"allow":["GET"]}}],"collection":[{"href":"https:\/\/www.europesays.com\/de\/wp-json\/wp\/v2\/posts"}],"about":[{"href":"https:\/\/www.europesays.com\/de\/wp-json\/wp\/v2\/types\/post"}],"author":[{"embeddable":true,"href":"https:\/\/www.europesays.com\/de\/wp-json\/wp\/v2\/users\/2"}],"replies":[{"embeddable":true,"href":"https:\/\/www.europesays.com\/de\/wp-json\/wp\/v2\/comments?post=1270189"}],"version-history":[{"count":0,"href":"https:\/\/www.europesays.com\/de\/wp-json\/wp\/v2\/posts\/1270189\/revisions"}],"wp:featuredmedia":[{"embeddable":true,"href":"https:\/\/www.europesays.com\/de\/wp-json\/wp\/v2\/media\/1270190"}],"wp:attachment":[{"href":"https:\/\/www.europesays.com\/de\/wp-json\/wp\/v2\/media?parent=1270189"}],"wp:term":[{"taxonomy":"category","embeddable":true,"href":"https:\/\/www.europesays.com\/de\/wp-json\/wp\/v2\/categories?post=1270189"},{"taxonomy":"post_tag","embeddable":true,"href":"https:\/\/www.europesays.com\/de\/wp-json\/wp\/v2\/tags?post=1270189"}],"curies":[{"name":"wp","href":"https:\/\/api.w.org\/{rel}","templated":true}]}}