{"id":127021,"date":"2025-05-21T03:02:14","date_gmt":"2025-05-21T03:02:14","guid":{"rendered":"https:\/\/www.europesays.com\/de\/127021\/"},"modified":"2025-05-21T03:02:14","modified_gmt":"2025-05-21T03:02:14","slug":"harvey-weinstein-es-soll-schnell-und-heftig-passiert-sein","status":"publish","type":"post","link":"https:\/\/www.europesays.com\/de\/127021\/","title":{"rendered":"Harvey Weinstein: Es soll &#8222;schnell und heftig&#8220; passiert sein"},"content":{"rendered":"<p>Harvey Weinstein<br \/>\nEs soll &#8222;schnell und heftig&#8220; passiert sein<\/p>\n<p><img class=\"image image-element__image\"   src=\"https:\/\/www.europesays.com\/de\/wp-content\/uploads\/2025\/05\/20--es-soll--schnell-und-heftig--passiert-sein---3-2---spoton-article-1098665.jpg\" alt=\"Harvey Weinstein vor Gericht am 20. Mai 2025.\" decoding=\"async\" fetchpriority=\"high\" loading=\"eager\"\/><br \/>\n<a href=\"https:\/\/image.gala.de\/24377996\/t\/bX\/v3\/w2048\/r1.5\/-\/20--es-soll--schnell-und-heftig--passiert-sein---3-2---spoton-article-1098665.jpg#imago%20images%2FUPI%20Photo%2FANGELA%20WEISS\" class=\"image__magnifier\" aria-label=\"Vergr\u00f6\u00dfern\" rel=\"nofollow noopener\" target=\"_blank\"><\/p>\n<p>\n Harvey Weinstein vor Gericht am 20. Mai 2025. <\/p>\n<p>\u00a9 imago images\/UPI Photo\/ANGELA WEISS<\/p>\n<p>\nJessica Mann erhebt schwere Vorw\u00fcrfe im Prozess gegen Harvey Weinstein. Vor Gericht schildert sie, welchen Horror sie erlebt hat.\n<\/p>\n<p class=\"text-element u-richtext u-typo u-typo--article-text article__text-element text-element--context-article\"> <a class=\"\" data-target-type=\"article\" href=\"https:\/\/www.gala.de\/stars\/news\/themen\/jessica-mann-22216402.html\" rel=\"nofollow noopener\" target=\"_blank\">Jessica Mann<\/a>, 39, ist am 20. Mai in den Zeugenstand zur\u00fcckgekehrt, um weiter gegen <a class=\"\" data-target-type=\"article\" href=\"https:\/\/www.gala.de\/stars\/themen\/harvey-weinstein-20972258.html\" rel=\"nofollow noopener\" target=\"_blank\">Harvey Weinstein<\/a>, 73, auszusagen, wie das <a class=\"link--external\" href=\"https:\/\/variety.com\/2025\/film\/news\/harvey-weinstein-rape-trial-accuser-jessica-mann-1236403918\/\" rel=\"nofollow noopener\" target=\"_blank\">US-Branchenmagazin &#8222;Variety&#8220; berichtet<\/a>. Dem ehemaligen Filmmogul wird vorgeworfen, die Schauspielerin vergewaltigt zu haben. Sie habe ihn damals angefleht, Weinstein habe sich ihr jedoch aufgezwungen.<\/p>\n<p class=\"text-element u-richtext u-typo u-typo--article-text article__text-element text-element--context-article\"> Im Wiederaufnahmeverfahren gegen Weinstein hatte Mann bereits am Montag den Zeugenstand betreten. <a class=\"link--external\" href=\"https:\/\/www.hollywoodreporter.com\/news\/general-news\/harvey-weinstein-accuser-jessica-mann-testifies-1236221908\/\" rel=\"nofollow noopener\" target=\"_blank\">Laut US-Berichten hatte sie erz\u00e4hlt<\/a>, den Angeklagten h\u00e4ufig als &#8222;Dr. Jekyll und Mr. Hyde&#8220; bezeichnet zu haben. Er habe ihr Komplimente gemacht, sich jedoch schlagartig in ein &#8222;Monster&#8220; verwandelt, wenn es um Sex ging. Nach einem ersten sexuellen \u00dcbergriff habe sie zun\u00e4chst eine einvernehmliche Beziehung zu Weinstein gehabt. Im M\u00e4rz 2013 soll er sie dann angeblich in einem Hotelzimmer vergewaltigt haben.<\/p>\n<p>Jessica Mann konnte sich vor Angst nicht bewegen<\/p>\n<p class=\"text-element u-richtext u-typo u-typo--article-text article__text-element text-element--context-article\"> Mann habe jetzt von einem weiteren Vorfall berichtet, der sich rund neun Monate nach der angeblichen <a class=\"taxonomy-entity keyword\" data-target-type=\"article\" href=\"https:\/\/www.gala.de\/stars\/themen\/vergewaltigung-20955554.html\" rel=\"nofollow noopener\" target=\"_blank\">Vergewaltigung<\/a> im M\u00e4rz ereignet haben soll. Gegen Ende des Jahres 2013 habe sie sich in einer Beziehung mit einem anderen Mann befunden. Als Weinstein herausfand, dass es sich um einen Schauspieler handelte, sei er w\u00fctend geworden. Weinstein habe sie ins Schlafzimmer gezerrt, sie auf ein Bett geworfen und gesagt, dass sie ihm ein weiteres Mal &#8222;schuldig&#8220; sei.<\/p>\n<p class=\"text-element u-richtext u-typo u-typo--article-text article__text-element text-element--context-article\"> &#8222;Es geschah so schnell und heftig&#8220;, habe Mann unter Tr\u00e4nen vor Gericht erkl\u00e4rt. &#8222;Ich habe ihn angefleht, weil ich keinen Sex mit ihm haben wollte. Er befahl mir, es zu tun&#8220;, erz\u00e4hlte sie demzufolge weiter. Weinstein habe ihr die Hose heruntergerissen und dabei Kratzspuren an ihren Beinen hinterlassen. Als er im Badezimmer verschwand, habe sie sich gesagt, dass sie rennen sollte, aber offenbar vor lauter Angst habe sie sich nicht bewegen k\u00f6nnen.<\/p>\n<p class=\"text-element u-richtext u-typo u-typo--article-text article__text-element text-element--context-article\"> Sie k\u00f6nne sich an sein Gewicht auf ihr erinnern und daran, dass sie kaum atmen konnte. Ihr sei schwarz vor Augen geworden. Nachdem sie zu sich gekommen sei, habe sie nicht gewusst, was vor sich ging. &#8222;Ich kroch ins Bad, stand auf und sah mich im Spiegel, aber ich wusste nicht, dass ich es war. Ich konnte mich selbst nicht wiedererkennen&#8220;, erinnert sie sich. Mann habe sich in einem Schockzustand befunden, Weinstein habe sich &#8222;sehr gewaltsam&#8220; an ihr vergangen gehabt.<\/p>\n<p>Richter lehnt Antrag ab<\/p>\n<p class=\"text-element u-richtext u-typo u-typo--article-text article__text-element text-element--context-article\"> Mit der Begr\u00fcndung, dass Manns Aussage nichts mit der Anklage zu tun habe und die Geschworenen dadurch beeintr\u00e4chtigt w\u00fcrden, habe Weinsteins Anwalt das Gericht aufgefordert, das Verfahren einzustellen. Der Richter habe den Antrag jedoch abgelehnt.<\/p>\n<p class=\"text-element u-richtext u-typo u-typo--article-text article__text-element text-element--context-article\"> Neben der angeblichen Vergewaltigung werden Weinstein im Wiederaufnahmeverfahren auch sexuelle Straftaten im Zusammenhang mit Filmproduzentin <a class=\"\" data-target-type=\"article\" href=\"https:\/\/www.gala.de\/stars\/news\/themen\/miriam-haley-24075722.html\" rel=\"nofollow noopener\" target=\"_blank\">Miriam Haley<\/a> und dem Model <a class=\"\" data-target-type=\"article\" href=\"https:\/\/www.gala.de\/themen\/kaja-sokola-24369028.html\" rel=\"nofollow noopener\" target=\"_blank\">Kaja Sokola<\/a> vorgeworfen. Weinstein soll die beiden Frauen zum Oralverkehr gen\u00f6tigt haben. Wie schon im ersten Prozess bestreitet der mittlerweile 73-J\u00e4hrige alle gegen ihn erhobenen Anschuldigungen.<\/p>\n<p class=\"text-element u-richtext u-typo u-typo--article-text article__text-element text-element--context-article\"> Die Verurteilung des Ex-Filmmoguls aus dem Jahr 2020 war im April 2024 aufgehoben worden. Davor hatte das Berufungsgericht entschieden, dass der Richter unzul\u00e4ssigerweise Zeugenaussagen anderer Frauen erlaubt hatte, die nichts mit den Anklagepunkten zu tun hatten.<\/p>\n<p>\nSpotOnNews\n<\/p>\n<p>#Themen<\/p>\n","protected":false},"excerpt":{"rendered":"Harvey Weinstein Es soll &#8222;schnell und heftig&#8220; passiert sein Harvey Weinstein vor Gericht am 20. Mai 2025. \u00a9&hellip;\n","protected":false},"author":2,"featured_media":127022,"comment_status":"","ping_status":"","sticky":false,"template":"","format":"standard","meta":{"footnotes":""},"categories":[1776],"tags":[1801,29,214,30,1802,215],"class_list":{"0":"post-127021","1":"post","2":"type-post","3":"status-publish","4":"format-standard","5":"has-post-thumbnail","7":"category-prominente","8":"tag-celebrities","9":"tag-deutschland","10":"tag-entertainment","11":"tag-germany","12":"tag-prominente","13":"tag-unterhaltung"},"share_on_mastodon":{"url":"https:\/\/pubeurope.com\/@de\/114543600769104220","error":""},"_links":{"self":[{"href":"https:\/\/www.europesays.com\/de\/wp-json\/wp\/v2\/posts\/127021","targetHints":{"allow":["GET"]}}],"collection":[{"href":"https:\/\/www.europesays.com\/de\/wp-json\/wp\/v2\/posts"}],"about":[{"href":"https:\/\/www.europesays.com\/de\/wp-json\/wp\/v2\/types\/post"}],"author":[{"embeddable":true,"href":"https:\/\/www.europesays.com\/de\/wp-json\/wp\/v2\/users\/2"}],"replies":[{"embeddable":true,"href":"https:\/\/www.europesays.com\/de\/wp-json\/wp\/v2\/comments?post=127021"}],"version-history":[{"count":0,"href":"https:\/\/www.europesays.com\/de\/wp-json\/wp\/v2\/posts\/127021\/revisions"}],"wp:featuredmedia":[{"embeddable":true,"href":"https:\/\/www.europesays.com\/de\/wp-json\/wp\/v2\/media\/127022"}],"wp:attachment":[{"href":"https:\/\/www.europesays.com\/de\/wp-json\/wp\/v2\/media?parent=127021"}],"wp:term":[{"taxonomy":"category","embeddable":true,"href":"https:\/\/www.europesays.com\/de\/wp-json\/wp\/v2\/categories?post=127021"},{"taxonomy":"post_tag","embeddable":true,"href":"https:\/\/www.europesays.com\/de\/wp-json\/wp\/v2\/tags?post=127021"}],"curies":[{"name":"wp","href":"https:\/\/api.w.org\/{rel}","templated":true}]}}