{"id":1270212,"date":"2026-08-30T18:10:21","date_gmt":"2026-08-30T18:10:21","guid":{"rendered":"https:\/\/www.europesays.com\/de\/1270212\/"},"modified":"2026-08-30T18:10:21","modified_gmt":"2026-08-30T18:10:21","slug":"trump-benennt-lake-ontario-in-lake-america-um-google-zieht-nach","status":"publish","type":"post","link":"https:\/\/www.europesays.com\/de\/1270212\/","title":{"rendered":"Trump benennt Lake Ontario in Lake America um \u2013 Google zieht nach"},"content":{"rendered":"<p><a href=\"#focus-2\" class=\"transition-colors block text-current relative\" data-sctrack=\"FocusGalleryImage.Reference\"><img   loading=\"lazy\" src=\"https:\/\/www.europesays.com\/de\/wp-content\/uploads\/2026\/08\/1788113419_22_tucker-carlson-blickt-auf-den-republikanischen-praesidentschaftskandidaten-und-frueheren-us-praeside.jpeg\" alt=\"Tucker Carlson blickt auf den republikanischen Pr\u00e4sidentschaftskandidaten und fr\u00fcheren US-Pr\u00e4sidenten Donald Trump bei einer Wahlkampfveranstaltung in Georgia, USA, am 23. Oktober 2024: Jetzt stellt er sich gegen ihn.\" title=\"Tucker Carlson blickt auf den republikanischen Pr\u00e4sidentschaftskandidaten und fr\u00fcheren US-Pr\u00e4sidenten Donald Trump bei einer Wahlkampfveranstaltung in Georgia, USA, am 23. Oktober 2024: Jetzt stellt er sich gegen ihn.\" width=\"3280\" height=\"1845\" class=\"h-full w-full max-w-full rounded-8\" decoding=\"async\"\/><img loading=\"lazy\" src=\"https:\/\/www.t-online.de\/s\/paper\/_next\/static\/media\/zoom-in.f7dae02f.svg\" alt=\"Vergr\u00f6\u00dfern des Bildes\" title=\"Vergr\u00f6\u00dfern des Bildes\" class=\"block h-[calc(var(--height)_\/_16_*_1rem)] w-[calc(var(--width)_\/_16_*_1rem)] max-w-none absolute right-8 bottom-8 rounded-4 bg-snow p-8\" style=\"--width:32;--height:32\" decoding=\"async\"\/>Tucker Carlson blickt auf Donald Trump bei einer Wahlkampfveranstaltung (Archivbild): Jetzt ist der Podcaster ein harscher Kritiker des Pr\u00e4sidenten. (Quelle: Carlos Barria)<\/a><\/p>\n<p class=\"text-18 leading-17 user-text-lg:text-22 user-text-xl:text-24\">&#8222;Jeder Regierungschef eines jeden Landes, der vorschl\u00e4gt, nukleare Waffen als Erster einzusetzen, hat seinen F\u00fchrungsanspruch verwirkt&#8220;, sagte der Podcaster. Carlson erkl\u00e4rte, es habe im Pentagon Diskussionen \u00fcber einen Atomwaffeneinsatz gegeben und warf Trump vor, dem <a href=\"https:\/\/www.t-online.de\/themen\/iran\/\" class=\"transition-colors cursor-pointer no-underline md:hover:text-magenta md:focus:text-magenta border-b border-solid border-current text-salemsfur md:hover:border-magenta\" data-tracking=\"{&quot;action&quot;:&quot;click&quot;,&quot;category&quot;:&quot;intextLink&quot;,&quot;label&quot;:&quot;\/themen\/iran\/&quot;}\" data-sctrack=\"BodyAnchor\" rel=\"nofollow noopener\" target=\"_blank\">Iran<\/a> mit einem Nuklearschlag gedroht zu haben.<\/p>\n<p class=\"text-18 leading-17 user-text-lg:text-22 user-text-xl:text-24\">Trump hatte zwar im April gedroht, die gesamte Zivilisation im Iran werde sterben, \u00f6ffentlich hat er bislang jedoch nicht ge\u00e4u\u00dfert, Atomwaffen einsetzen zu wollen. Stattdessen hatte er deren Einsatz zuletzt ausdr\u00fccklich ausgeschlossen.<\/p>\n<p>Loading&#8230;<img decoding=\"async\" src=\"https:\/\/www.t-online.de\/s\/paper\/_next\/static\/media\/image.e47c3ca7.svg\" alt=\"Symbolbild f\u00fcr eingebettete Inhalte\"\/><\/p>\n<p class=\"text-10 leading-12 text-manatee uppercase\">Embed<\/p>\n<p>Geheimdienst: Netanjahus Sohn wegen Bedrohung aus USA zur\u00fcck<\/p>\n<p class=\"text-18 leading-17 user-text-lg:text-22 user-text-xl:text-24\">Israels Inlandsgeheimdienst hat best\u00e4tigt, dass ein Sohn des israelischen Ministerpr\u00e4sidenten Benjamin Netanjahus wegen einer akuten Bedrohung aus den USA zur\u00fcckkehren musste. &#8222;Tats\u00e4chlich bestand eine erhebliche Gefahr f\u00fcr Jair Netanjahu&#8220;, hie\u00df es in einer Mitteilung von Schin Bet. &#8222;Aufgrund dieser Bedrohung und nach einer Lageeinsch\u00e4tzung wurde entschieden, ihn gemeinsam mit seinem Sicherheitsteam dringend nach <a href=\"https:\/\/www.t-online.de\/themen\/israel\/\" class=\"transition-colors cursor-pointer no-underline md:hover:text-magenta md:focus:text-magenta border-b border-solid border-current text-salemsfur md:hover:border-magenta\" data-tracking=\"{&quot;action&quot;:&quot;click&quot;,&quot;category&quot;:&quot;intextLink&quot;,&quot;label&quot;:&quot;\/themen\/israel\/&quot;}\" data-sctrack=\"BodyAnchor\" rel=\"nofollow noopener\" target=\"_blank\">Israel<\/a> zur\u00fcckzubringen.&#8220;<\/p>\n<p><a href=\"#focus-3\" class=\"transition-colors block text-current relative\" data-sctrack=\"FocusGalleryImage.Reference\"><img   loading=\"lazy\" src=\"https:\/\/www.europesays.com\/de\/wp-content\/uploads\/2026\/08\/jair-netanjahu-archivbild-der-sohn-des-israelischen-premierministers-wird-offenbar-akut-bedroht.jpg\" alt=\"Jair Netanjahu (Archivbild): Der Sohn des israelischen Premierministers wird offenbar akut bedroht.\" title=\"Jair Netanjahu (Archivbild): Der Sohn des israelischen Premierministers wird offenbar akut bedroht.\" width=\"627\" height=\"353\" class=\"h-full w-full max-w-full rounded-8\" decoding=\"async\"\/><img loading=\"lazy\" src=\"https:\/\/www.t-online.de\/s\/paper\/_next\/static\/media\/zoom-in.f7dae02f.svg\" alt=\"Vergr\u00f6\u00dfern des Bildes\" title=\"Vergr\u00f6\u00dfern des Bildes\" class=\"block h-[calc(var(--height)_\/_16_*_1rem)] w-[calc(var(--width)_\/_16_*_1rem)] max-w-none absolute right-8 bottom-8 rounded-4 bg-snow p-8\" style=\"--width:32;--height:32\" decoding=\"async\"\/>Jair Netanjahu (Archivbild): Der Sohn des israelischen Premierministers wird offenbar akut bedroht. (Quelle: Orit Ben-Ezzer\/dpa)<\/a><\/p>\n<p class=\"text-18 leading-17 user-text-lg:text-22 user-text-xl:text-24\">Der Geheimdienst \u00e4u\u00dferte sich allerdings nicht zu angeblichen Mordpl\u00e4nen des Iran gegen einen seiner S\u00f6hne, von denen <a href=\"https:\/\/www.t-online.de\/themen\/benjamin-netanjahu\/\" class=\"transition-colors cursor-pointer no-underline md:hover:text-magenta md:focus:text-magenta border-b border-solid border-current text-salemsfur md:hover:border-magenta\" data-tracking=\"{&quot;action&quot;:&quot;click&quot;,&quot;category&quot;:&quot;intextLink&quot;,&quot;label&quot;:&quot;\/themen\/benjamin-netanjahu\/&quot;}\" data-sctrack=\"BodyAnchor\" rel=\"nofollow noopener\" target=\"_blank\">Benjamin Netanjahu<\/a> zuletzt gesprochen hatte.<\/p>\n<p class=\"text-18 leading-17 user-text-lg:text-22 user-text-xl:text-24\">Der US-Sender Newsmax hatte berichtet, der 35-j\u00e4hrige Jair Netanjahu sei Ende vergangenen Jahres Ziel eines iranischen Attentatsplans gewesen. Der israelische Geheimdienst habe im vergangenen Dezember davon erfahren und habe die US-Beh\u00f6rden informiert, berichtete der Sender unter Berufung auf eine Person aus dem Umfeld der US-Strafverfolgung. Demnach h\u00e4tten sich bereits iranische Agenten &#8222;vor Ort&#8220; in Miami befunden und den Wohnsitz von Jair sowie seine Bewegungen \u00fcberwacht.<\/p>\n<p>USA sichern sich \u00d6lvorkommen in Venezuela<\/p>\n<p class=\"text-18 leading-17 user-text-lg:text-22 user-text-xl:text-24\">Die <a href=\"https:\/\/www.t-online.de\/nachrichten\/ausland\/internationale-politik\/id_101410720\/venezuela-usa-sichern-sich-laut-trump-oel-reserven-im-land.html\" class=\"transition-colors cursor-pointer no-underline md:hover:text-magenta md:focus:text-magenta border-b border-solid border-current text-salemsfur md:hover:border-magenta\" data-tracking=\"{&quot;action&quot;:&quot;click&quot;,&quot;category&quot;:&quot;intextLink&quot;,&quot;label&quot;:&quot;\/nachrichten\/ausland\/internationale-politik\/id_101410720\/venezuela-usa-sichern-sich-laut-trump-oel-reserven-im-land.html&quot;}\" data-sctrack=\"BodyAnchor\" rel=\"nofollow noopener\" target=\"_blank\">USA haben sich nach Angaben von Pr\u00e4sident Donald Trump neue riesige \u00d6lvorkommen in Venezuela gesichert<\/a>. Mit der Vereinbarung bringen die USA mehr als 65 Milliarden Barrel nachgewiesener \u00d6lvorkommen unter ihre Kontrolle, wie Trump auf der Plattform <a href=\"https:\/\/www.t-online.de\/themen\/truth-social\/\" class=\"transition-colors cursor-pointer no-underline md:hover:text-magenta md:focus:text-magenta border-b border-solid border-current text-salemsfur md:hover:border-magenta\" data-tracking=\"{&quot;action&quot;:&quot;click&quot;,&quot;category&quot;:&quot;intextLink&quot;,&quot;label&quot;:&quot;\/themen\/truth-social\/&quot;}\" data-sctrack=\"BodyAnchor\" rel=\"nofollow noopener\" target=\"_blank\">Truth Social<\/a> mitteilte. Das sind etwa ein F\u00fcnftel der \u00d6lvorkommen Venezuelas. Damit verdoppelt sich laut Trump die \u00d6lreserve der USA. Er gehe davon aus, dass durch das Abkommen auch die Benzinpreise in den USA fallen.<\/p>\n<p>Loading&#8230;<\/p>\n<p>Loading&#8230;<\/p>\n<p>Loading&#8230;<\/p>\n","protected":false},"excerpt":{"rendered":"Tucker Carlson blickt auf Donald Trump bei einer Wahlkampfveranstaltung (Archivbild): Jetzt ist der Podcaster ein harscher Kritiker des&hellip;\n","protected":false},"author":2,"featured_media":1270213,"comment_status":"","ping_status":"","sticky":false,"template":"","format":"standard","meta":{"footnotes":"","_share_on_mastodon":"0"},"categories":[5],"tags":[1217,326,7797,9770,3057,499,262022,29,106,325,376,2526,124958,12799,8194,53292,261753,13,2229,345,186871,262021,53,261754,14,944,15,3129,58533,234755,12,18335,10,8,9,11,76549,14953,64,1700],"class_list":["post-1270212","post","type-post","status-publish","format-standard","has-post-thumbnail","category-nachrichten","tag-1217","tag-326","tag-7797","tag-america","tag-amerika","tag-benjamin-netanjahu","tag-david-goldwyn","tag-deutschland","tag-donald-trump","tag-geheimdienst","tag-general-motors","tag-gewerkschaften","tag-gm","tag-golf-von-mexiko","tag-google-inc","tag-google-maps","tag-ground-zero","tag-headlines","tag-ice","tag-iran","tag-iran-krieg","tag-jair-netanjahu","tag-kanada","tag-milo-yiannopoulo","tag-nachrichten","tag-new-york","tag-news","tag-newsblog","tag-ontario","tag-ontariosee","tag-schlagzeilen","tag-spritpreis","tag-top-news","tag-top-meldungen","tag-topmeldungen","tag-topnews","tag-tucker-carlson","tag-us-militaer","tag-usa","tag-venezuela"],"share_on_mastodon":{"url":"","error":"Validation failed: Text character limit of 500 exceeded"},"_links":{"self":[{"href":"https:\/\/www.europesays.com\/de\/wp-json\/wp\/v2\/posts\/1270212","targetHints":{"allow":["GET"]}}],"collection":[{"href":"https:\/\/www.europesays.com\/de\/wp-json\/wp\/v2\/posts"}],"about":[{"href":"https:\/\/www.europesays.com\/de\/wp-json\/wp\/v2\/types\/post"}],"author":[{"embeddable":true,"href":"https:\/\/www.europesays.com\/de\/wp-json\/wp\/v2\/users\/2"}],"replies":[{"embeddable":true,"href":"https:\/\/www.europesays.com\/de\/wp-json\/wp\/v2\/comments?post=1270212"}],"version-history":[{"count":0,"href":"https:\/\/www.europesays.com\/de\/wp-json\/wp\/v2\/posts\/1270212\/revisions"}],"wp:featuredmedia":[{"embeddable":true,"href":"https:\/\/www.europesays.com\/de\/wp-json\/wp\/v2\/media\/1270213"}],"wp:attachment":[{"href":"https:\/\/www.europesays.com\/de\/wp-json\/wp\/v2\/media?parent=1270212"}],"wp:term":[{"taxonomy":"category","embeddable":true,"href":"https:\/\/www.europesays.com\/de\/wp-json\/wp\/v2\/categories?post=1270212"},{"taxonomy":"post_tag","embeddable":true,"href":"https:\/\/www.europesays.com\/de\/wp-json\/wp\/v2\/tags?post=1270212"}],"curies":[{"name":"wp","href":"https:\/\/api.w.org\/{rel}","templated":true}]}}