{"id":1270224,"date":"2026-08-30T18:19:15","date_gmt":"2026-08-30T18:19:15","guid":{"rendered":"https:\/\/www.europesays.com\/de\/1270224\/"},"modified":"2026-08-30T18:19:15","modified_gmt":"2026-08-30T18:19:15","slug":"brauchtum-in-willich-anrather-feiern-mit-koenigin-daniela-kempen","status":"publish","type":"post","link":"https:\/\/www.europesays.com\/de\/1270224\/","title":{"rendered":"Brauchtum in Willich: Anrather feiern mit K\u00f6nigin Daniela Kempen"},"content":{"rendered":"<p class=\"text_ohne_einzug richtext text-em-55 !leading-serif mx-6 desktop:mx-0\">Eines steht fest: Sch\u00fctzenk\u00f6nigin Daniela I. (Kempen) wird nicht als \u201eSonnenk\u00f6nigin\u201c in die Geschichte der Anrather St.-Sebastianus-Bruderschaft eingehen: Am Samstag hatte wegen der Regens die Er\u00f6ffnungsparade nach der Festmesse ausfallen m\u00fcssen. Das konnte die gute Stimmung aber kaum tr\u00fcben. Zum Sch\u00fctzenfest-Freitag geh\u00f6rt unter anderem der Sternzug von Kneipe zu Kneipe. Drei Kneipen waren ge\u00f6ffnet, in jeder wurde ein Bier getrunken.<\/p>\n<p class=\"richtext text-em-55 !leading-serif mx-6 desktop:mx-0\">Die Zahl der Security-Mitarbeiter war auf f\u00fcnf aufgestockt worden. Der Grund: In den vergangenen beiden Jahren waren Unruhestifter auf den Kirmesplatz bekommen, um Angst und Schrecken zu verbreiten. Diesmal wurde endlich mal wieder friedlich und unbeschwert gefeiert. \u201eWir f\u00fchlen uns besser, wenn ihr da seid\u201c, erkl\u00e4rte Pr\u00e4sident Alexander Oerschkes den Sicherheitsleuten. Ob er sich bald besser f\u00fchlen wird? Am Samstagabend verk\u00fcndete das Sch\u00fctzen-Urgestein, dass ihm die Ank\u00fcndigung schwerfalle. Aber aus gesundheitlichen Gr\u00fcnden w\u00fcrde er auf der Mitgliederversammlung im November sein Amt gerne abgeben.<\/p>\n<p class=\"richtext text-em-55 !leading-serif mx-6 desktop:mx-0\">Und er zog schon jetzt eine positive Bilanz: \u201e1993 begann meine erste Pr\u00e4sidentschaft. Und ich habe fast alles erreicht, was ich mir vorgenommen hatte.\u201c So konnte binnen vier Jahren der Altersdurchschnitt in der Bruderschaft um knapp zehn Jahre reduziert werden. Aktuell ist der ehemalige Sch\u00fctzenk\u00f6nig und das Ehrenmitglied Bernd Straeten mit seinen 79 Jahren der \u00e4lteste aktive Sch\u00fctze im Regiment.<\/p>\n<p class=\"richtext text-em-55 !leading-serif mx-6 desktop:mx-0\">Was die Anrather Sch\u00fctzen ebenfalls auszeichnet, ist ihr hoher Frauenanteil: Schon zum f\u00fcnften Mal stellt die Bruderschaft mit Daniela Kempen die Sch\u00fctzenk\u00f6nigin. Ex-K\u00f6nigin und jetzt eine der beiden Ministerinnen Natascha Hermann ist die Tochter von Alexander Oerschkes. Er \u00e4u\u00dferte jetzt folgenden Wunsch: \u201eIch w\u00fcrde mich freuen, wenn wir im November zum ersten Mal eine Pr\u00e4sidentin bek\u00e4men.\u201c Er w\u00fcnscht sich aber auf jeden Fall eine j\u00fcngere Person.<\/p>\n<p class=\"richtext text-em-55 !leading-serif mx-6 desktop:mx-0\">Im Zelt \u00fcberzeugte neben DJ Yeti auch die Band Good Vibes. Im Zelt war an allen Tagen schwer was los, und das im positiven Sinne. Bis ein Uhr nachts darf im Anrather Sch\u00fctzenfest gefeiert werden. Der Sch\u00fctzenplatz bietet nach der Umgestaltung vor einigen Jahren nur noch Raum f\u00fcr ein Fahrgesch\u00e4ft \u2013 es ist ein sehr gro\u00dfes und sehr sch\u00f6nes Kinderkarussell. Ansonsten vermisste man nichts auf dem Festplatz. Gelobt wurde die Art und Weise, wie der neue Generaloberst J\u00fcrgen Mews sein Amt aus\u00fcbt. Er hatte es von Rolf Kater \u00fcbernommen.<\/p>\n<p class=\"richtext text-em-55 !leading-serif mx-6 desktop:mx-0\">Kein Sch\u00fctzenfest ohne Ehrungen und Auszeichnungen \u2013 au\u00dferdem gab es eine Bef\u00f6rderung: Heike Gkana ist jetzt Adjutantin. Bezirksbundesmeister Mike Kunze war aus Lank-Latum mit einigen Auszeichnung im Gep\u00e4ck nach Anrath gekommen: Er verlieh Bernd Paasch das Silberne Verdienstkreuz und Guido Kocks den Hohen Bruderschaftsorden. Einige der Verdienste von Bernd Paasch: Er war K\u00f6nigsoffizier, geh\u00f6rte mehr als zehn Jahre dem Bruderschaftsvorstand an und war Kassierer bei den Schwarzen Husaren. Daf\u00fcr gab es aus den Reihen der Zeltbesucher reichlich Applaus. Guido Kocks geh\u00f6rt seit 26 Jahren den Schwarzen Husaren. Das Silberne Verdienstkreuz war dem langj\u00e4hrigen Schie\u00dfmeister der Bruderschaft bereits im Jahre 2009 verliehen worden.<\/p>\n<p class=\"richtext text-em-55 !leading-serif mx-6 desktop:mx-0\">Im vergangenen Jahr hatte sich Daniela Kempen entschlossen, zum zweiten Mal den h\u00f6lzernen K\u00f6nigsvogel von der Stange zu holen, nachdem sich abgezeichnet hatte, dass es keinen Mitbewerber beziehungsweise keine Mitbewerberin geben werde. Auch jetzt hat sich noch niemand als K\u00f6nigsbewerber geoutet. Man darf also gespannt sein auf das, was am Montag um 18.30 Uhr geschehen wird. Wenn sich jemand findet, wird die Kandidatin oder der Kandidat die Treffsicherheit an einer neuen Location unter Beweis stellen k\u00f6nnen: Den mobilen Schie\u00dfstand, der sich gegen\u00fcber dem alten Schie\u00dfstand befindet, hat die Stadt f\u00fcr zehn Jahre gepachtet.<\/p>\n","protected":false},"excerpt":{"rendered":"Eines steht fest: Sch\u00fctzenk\u00f6nigin Daniela I. (Kempen) wird nicht als \u201eSonnenk\u00f6nigin\u201c in die Geschichte der Anrather St.-Sebastianus-Bruderschaft eingehen:&hellip;\n","protected":false},"author":2,"featured_media":1270225,"comment_status":"","ping_status":"","sticky":false,"template":"","format":"standard","meta":{"footnotes":"","_share_on_mastodon":"0"},"categories":[1849],"tags":[61899,222290,23078,35236,76338,71758,3364,29,548,663,3934,156835,17418,30,13,45834,15554,35129,4455,14,15,1209,12,23062,9877,23079,30853,64036,7825],"class_list":["post-1270224","post","type-post","status-publish","format-standard","has-post-thumbnail","category-moenchengladbach","tag-anrath","tag-anrather","tag-bruderschaft","tag-bruderschaftsorden","tag-bruderschaftsvorstand","tag-daniela","tag-de","tag-deutschland","tag-eu","tag-europa","tag-europe","tag-fuehlen","tag-gefeiert","tag-germany","tag-headlines","tag-kempen","tag-kneipe","tag-koenigin","tag-moenchengladbach","tag-nachrichten","tag-news","tag-nordrhein-westfalen","tag-schlagzeilen","tag-schuetze","tag-schuetzen","tag-schuetzenfest","tag-schuetzenkoenig","tag-schuetzenkoenigin","tag-schuetzenplatz"],"share_on_mastodon":{"url":"https:\/\/pubeurope.com\/@de\/117185843224261321","error":""},"_links":{"self":[{"href":"https:\/\/www.europesays.com\/de\/wp-json\/wp\/v2\/posts\/1270224","targetHints":{"allow":["GET"]}}],"collection":[{"href":"https:\/\/www.europesays.com\/de\/wp-json\/wp\/v2\/posts"}],"about":[{"href":"https:\/\/www.europesays.com\/de\/wp-json\/wp\/v2\/types\/post"}],"author":[{"embeddable":true,"href":"https:\/\/www.europesays.com\/de\/wp-json\/wp\/v2\/users\/2"}],"replies":[{"embeddable":true,"href":"https:\/\/www.europesays.com\/de\/wp-json\/wp\/v2\/comments?post=1270224"}],"version-history":[{"count":0,"href":"https:\/\/www.europesays.com\/de\/wp-json\/wp\/v2\/posts\/1270224\/revisions"}],"wp:featuredmedia":[{"embeddable":true,"href":"https:\/\/www.europesays.com\/de\/wp-json\/wp\/v2\/media\/1270225"}],"wp:attachment":[{"href":"https:\/\/www.europesays.com\/de\/wp-json\/wp\/v2\/media?parent=1270224"}],"wp:term":[{"taxonomy":"category","embeddable":true,"href":"https:\/\/www.europesays.com\/de\/wp-json\/wp\/v2\/categories?post=1270224"},{"taxonomy":"post_tag","embeddable":true,"href":"https:\/\/www.europesays.com\/de\/wp-json\/wp\/v2\/tags?post=1270224"}],"curies":[{"name":"wp","href":"https:\/\/api.w.org\/{rel}","templated":true}]}}