{"id":1270244,"date":"2026-08-30T18:31:16","date_gmt":"2026-08-30T18:31:16","guid":{"rendered":"https:\/\/www.europesays.com\/de\/1270244\/"},"modified":"2026-08-30T18:31:16","modified_gmt":"2026-08-30T18:31:16","slug":"schwerer-unfall-auf-der-elberfelder-hochstrasse","status":"publish","type":"post","link":"https:\/\/www.europesays.com\/de\/1270244\/","title":{"rendered":"Schwerer Unfall auf der Elberfelder Hochstra\u00dfe"},"content":{"rendered":"<p class=\"text_ohne_einzug richtext text-em-55 !leading-serif mx-6 desktop:mx-0\"> Ein 28-J\u00e4hriger hat in der Nacht von Samstag auf Sonntag gegen 23.30 Uhr einen schweren Unfall verursacht. Einen Hinweis auf Fremdverschulden gibt es nicht, der Fahrer war nicht alkoholisiert, es gibt keine Anhaltspunkte auf anderen Drogenkonsum. Die Polizei teilt mit, dass sie von \u00fcberh\u00f6hter Geschwindigkeit ausgeht, wobei der Mann wohl die Kontrolle \u00fcber den Wagen verloren hat. Dieser kollidierte an der Hochstra\u00dfe 19 mit einem geparkten Mofa, einem Kleinlaster und schlie\u00dflich mit einer Hauswand. Es entstand ein Schaden von rund 20\u2009000 Euro. Der Fahrer blieb dabei unverletzt. june<\/p>\n","protected":false},"excerpt":{"rendered":"Ein 28-J\u00e4hriger hat in der Nacht von Samstag auf Sonntag gegen 23.30 Uhr einen schweren Unfall verursacht. Einen&hellip;\n","protected":false},"author":2,"featured_media":1270245,"comment_status":"","ping_status":"","sticky":false,"template":"","format":"standard","meta":{"footnotes":"","_share_on_mastodon":"0"},"categories":[1840],"tags":[3364,29,30,5959,1209,4803,1284,4418],"class_list":["post-1270244","post","type-post","status-publish","format-standard","has-post-thumbnail","category-wuppertal","tag-de","tag-deutschland","tag-germany","tag-hochstrasse","tag-nordrhein-westfalen","tag-nordstadt","tag-unfall","tag-wuppertal"],"share_on_mastodon":{"url":"https:\/\/pubeurope.com\/@de\/117185890694857903","error":""},"_links":{"self":[{"href":"https:\/\/www.europesays.com\/de\/wp-json\/wp\/v2\/posts\/1270244","targetHints":{"allow":["GET"]}}],"collection":[{"href":"https:\/\/www.europesays.com\/de\/wp-json\/wp\/v2\/posts"}],"about":[{"href":"https:\/\/www.europesays.com\/de\/wp-json\/wp\/v2\/types\/post"}],"author":[{"embeddable":true,"href":"https:\/\/www.europesays.com\/de\/wp-json\/wp\/v2\/users\/2"}],"replies":[{"embeddable":true,"href":"https:\/\/www.europesays.com\/de\/wp-json\/wp\/v2\/comments?post=1270244"}],"version-history":[{"count":0,"href":"https:\/\/www.europesays.com\/de\/wp-json\/wp\/v2\/posts\/1270244\/revisions"}],"wp:featuredmedia":[{"embeddable":true,"href":"https:\/\/www.europesays.com\/de\/wp-json\/wp\/v2\/media\/1270245"}],"wp:attachment":[{"href":"https:\/\/www.europesays.com\/de\/wp-json\/wp\/v2\/media?parent=1270244"}],"wp:term":[{"taxonomy":"category","embeddable":true,"href":"https:\/\/www.europesays.com\/de\/wp-json\/wp\/v2\/categories?post=1270244"},{"taxonomy":"post_tag","embeddable":true,"href":"https:\/\/www.europesays.com\/de\/wp-json\/wp\/v2\/tags?post=1270244"}],"curies":[{"name":"wp","href":"https:\/\/api.w.org\/{rel}","templated":true}]}}