{"id":1270289,"date":"2026-08-30T18:56:16","date_gmt":"2026-08-30T18:56:16","guid":{"rendered":"https:\/\/www.europesays.com\/de\/1270289\/"},"modified":"2026-08-30T18:56:16","modified_gmt":"2026-08-30T18:56:16","slug":"fw-hb-verheerender-kellerbrand-in-farge-feuer-in-parzelle-in-walle","status":"publish","type":"post","link":"https:\/\/www.europesays.com\/de\/1270289\/","title":{"rendered":"FW-HB: Verheerender Kellerbrand in Farge \/\/ Feuer in Parzelle in Walle"},"content":{"rendered":"<p class=\"date\">30.08.2026 \u2013 20:17<\/p>\n<p class=\"customer\">\n                        <a class=\"story-customer\" title=\"weiter zum newsroom von Feuerwehr Bremen\" href=\"https:\/\/www.presseportal.de\/blaulicht\/nr\/130368\" rel=\"nofollow noopener\" target=\"_blank\">Feuerwehr Bremen<\/a>\n                    <\/p>\n<p><a data-category=\"citylink-story-view\" data-action=\"click\" data-label=\"Citylink in Meldungsansicht\" class=\"story-city event-trigger\" href=\"https:\/\/www.presseportal.de\/regional\/Bremen\" title=\"News aus Bremen \" rel=\"nofollow noopener\" target=\"_blank\">Bremen<\/a> (ots)<\/p>\n<p>Im Ortsteil Farge kam es am fr\u00fchen Sonntagmorgen, 30.08.2026, zu einem verheerenden Kellerbrand in einem siebengeschossigen Wohnkomplex. Noch w\u00e4hrend des Einsatzes forderte ein Brand in einer Parzelle weitere Einsatzkr\u00e4fte der Feuerwehr Bremen.<\/p>\n<p>Gegen 2:40 Uhr gingen in der Feuerwehr- und Rettungsleitstelle die ersten Notrufe zu einer Rauchentwicklung in dem Wohnblock ein. Als die ersten Einsatzkr\u00e4fte der Freiwilligen Feuerwehr Bremen-Farge vor Ort eintrafen, best\u00e4tigten sie die Lage: starke Rauchentwicklung in dem Geb\u00e4ude, noch mehrere Personen im Haus beziehungsweise auf Balkonen.<\/p>\n<p>Parallel leiteten die Einheiten die Menschenrettung \u00fcber eine Drehleiter sowie die Brandbek\u00e4mpfung mit Atemschutztrupps vor.<\/p>\n<p>Die Kr\u00e4fte lokalisierten das Feuer im Keller. Die m\u00fchsamen L\u00f6schma\u00dfnahmen erforderten den Einsatz zahlreicher Atemschutzger\u00e4tetr\u00e4ger. Erst nach einer Stunde war der Brand unter Kontrolle. Die Nachl\u00f6scharbeiten zogen sich noch eine Weile hin. Mit umfangreichen Be- und Entl\u00fcftungsma\u00dfnahmen konnte der Treppenraum nach und nach vom Brandrauch befreit werden.<\/p>\n<p>Der Rettungsdienst sichtete insgesamt 13 Personen. Vier Patienten hatten leichte Verletzungen erlitten, darunter auch zwei Feuerwehrleute. Eine Versorgung im Krankenhaus war jedoch nicht erforderlich.<\/p>\n<p>Gegen 7 Uhr konnten &#8211; nach abschlie\u00dfenden Messungen &#8211; die Wohnungen<br \/>\nwieder freigegeben werden. Im Verlaufe des Sonntags waren Einheiten der Feuerwehr Bremen wiederholt zur Kontrolle des Brandobjekts vor Ort. Ohne weitere Feststellungen.<\/p>\n<p>Im Einsatz waren \u00fcber 50 Einsatzkr\u00e4fte &#8211; vor allem von den Feuer- und Rettungswachen 5 und 6 sowie den Freiwilligen Feuerwehren Bremen-Farge und -Blumenthal.<\/p>\n<p>Noch w\u00e4hrend des laufenden Einsatzes in Farge brannte es pl\u00f6tzlich lichterloh in einem Parzellengebiet im Bereich Hohweg in Walle. Gegen 5:30 Uhr r\u00fcckten Einheiten der Feuer- und Rettungswache 1 und der Freiwilligen Feuerwehr Bremen-Neustadt zu dem Einsatzort aus.<\/p>\n<p>Zwei Pkw und Teilbereiche eines Parzellengeb\u00e4udes standen in Flammen. Aufgrund der starken Rauchentwicklung wurde zwischenzeitlich eine Bev\u00f6lkerungswarnung gesendet. Mit einem massiven L\u00f6schangriff konnten die Einsatzkr\u00e4fte das Feuer unter Kontrolle bringen und im weiteren Verlauf gezielt alle Brandstellen abl\u00f6schen.<\/p>\n<p>Aufgrund der parallelen Einsatzstellen waren die Komponenten Atemschutzlogistik und Einsatzhygiene besonders gefordert.<\/p>\n<p class=\"contact-headline\">R\u00fcckfragen bitte an:<\/p>\n<p class=\"contact-text\">Feuerwehr Bremen<br \/>Christian Patzelt<br \/>Pressestelle<br \/>Telefon: 0421\/361 11333<br \/>E-Mail: <a href=\"https:\/\/www.presseportal.de\/blaulicht\/pm\/130368\/mailto:pressestelle@feuerwehr.bremen.de\" class=\"uri-mailto\" rel=\"nofollow noopener\" target=\"_blank\">pressestelle@feuerwehr.bremen.de<\/a><br \/>Internet: <a target=\"_blank\" class=\"uri-ext outbound\" rel=\"noopener nofollow\" href=\"https:\/\/www.feuerwehr.bremen.de\">https:\/\/www.feuerwehr.bremen.de<\/a><br \/>Instagram: <a target=\"_blank\" class=\"uri-ext outbound\" rel=\"noopener nofollow\" href=\"https:\/\/www.instagram.com\/feuerwehr.bremen\">https:\/\/www.instagram.com\/feuerwehr.bremen<\/a><br \/>YouTube: <a target=\"_blank\" class=\"uri-ext outbound\" rel=\"noopener nofollow\" href=\"https:\/\/www.youtube.com\/@feuerwehrbremen8097\">https:\/\/www.youtube.com\/@feuerwehrbremen8097<\/a><\/p>\n<p class=\"originator\">Original-Content von: Feuerwehr Bremen, \u00fcbermittelt durch news aktuell<\/p>\n<p>                <script async src=\"\/\/www.instagram.com\/embed.js\"><\/script><\/p>\n","protected":false},"excerpt":{"rendered":"30.08.2026 \u2013 20:17 Feuerwehr Bremen Bremen (ots) Im Ortsteil Farge kam es am fr\u00fchen Sonntagmorgen, 30.08.2026, zu einem&hellip;\n","protected":false},"author":2,"featured_media":1266941,"comment_status":"","ping_status":"","sticky":false,"template":"","format":"standard","meta":{"footnotes":"","_share_on_mastodon":"0"},"categories":[1824],"tags":[2919,2420,3364,29,985,30,7309,5669,5404,178,180,179,181,1284],"class_list":["post-1270289","post","type-post","status-publish","format-standard","has-post-thumbnail","category-bremen","tag-brand","tag-bremen","tag-de","tag-deutschland","tag-feuerwehr","tag-germany","tag-hb","tag-hochwasser","tag-ni","tag-presse","tag-pressemeldung","tag-pressemitteilung","tag-pressemitteilungen","tag-unfall"],"share_on_mastodon":{"url":"https:\/\/pubeurope.com\/@de\/117185988811170489","error":""},"_links":{"self":[{"href":"https:\/\/www.europesays.com\/de\/wp-json\/wp\/v2\/posts\/1270289","targetHints":{"allow":["GET"]}}],"collection":[{"href":"https:\/\/www.europesays.com\/de\/wp-json\/wp\/v2\/posts"}],"about":[{"href":"https:\/\/www.europesays.com\/de\/wp-json\/wp\/v2\/types\/post"}],"author":[{"embeddable":true,"href":"https:\/\/www.europesays.com\/de\/wp-json\/wp\/v2\/users\/2"}],"replies":[{"embeddable":true,"href":"https:\/\/www.europesays.com\/de\/wp-json\/wp\/v2\/comments?post=1270289"}],"version-history":[{"count":0,"href":"https:\/\/www.europesays.com\/de\/wp-json\/wp\/v2\/posts\/1270289\/revisions"}],"wp:featuredmedia":[{"embeddable":true,"href":"https:\/\/www.europesays.com\/de\/wp-json\/wp\/v2\/media\/1266941"}],"wp:attachment":[{"href":"https:\/\/www.europesays.com\/de\/wp-json\/wp\/v2\/media?parent=1270289"}],"wp:term":[{"taxonomy":"category","embeddable":true,"href":"https:\/\/www.europesays.com\/de\/wp-json\/wp\/v2\/categories?post=1270289"},{"taxonomy":"post_tag","embeddable":true,"href":"https:\/\/www.europesays.com\/de\/wp-json\/wp\/v2\/tags?post=1270289"}],"curies":[{"name":"wp","href":"https:\/\/api.w.org\/{rel}","templated":true}]}}