{"id":1270301,"date":"2026-08-30T19:06:54","date_gmt":"2026-08-30T19:06:54","guid":{"rendered":"https:\/\/www.europesays.com\/de\/1270301\/"},"modified":"2026-08-30T19:06:54","modified_gmt":"2026-08-30T19:06:54","slug":"sprengstoff-drohne-in-leipzig-merz-kuendigt-reaktion-an","status":"publish","type":"post","link":"https:\/\/www.europesays.com\/de\/1270301\/","title":{"rendered":"Sprengstoff-Drohne in Leipzig: Merz k\u00fcndigt Reaktion an"},"content":{"rendered":"<p>Merz nach Vorfall in Leipzig <\/p>\n<p>&#8222;Werden wir in den n\u00e4chsten Tagen klar zum Ausdruck bringen&#8220;<\/p>\n<p>30.08.2026 &#8211; 20:08 UhrLesedauer: 2 Min.<\/p>\n<p><a href=\"#focus-0\" class=\"transition-colors block text-current relative\" data-sctrack=\"FocusGalleryImage.Reference\"><img fetchpriority=\"high\" data-testid=\"Opener.Image\"   loading=\"eager\" src=\"https:\/\/www.europesays.com\/de\/wp-content\/uploads\/2026\/08\/berlin-deutschland-30-082026-ard-hauptstadtstudio-sommerinterview-bundeskanzler-friedrich-merz-cdu-k.jpeg\" alt=\"imago images 0865309916\" title=\"imago images 0865309916\" width=\"4289\" height=\"2413\" class=\"bg-[url:var(--lqipURL)] bg-cover bg-center flex h-full w-full max-w-full\" style=\"--lqipURL:url('https:\/\/images.t-online.de\/2026\/08\/WgqCFmLyhrLF\/0x223:4289x2413\/fit-in\/150x0\/filters:blur(25)\/berlin-deutschland-30-082026-ard-hauptstadtstudio-sommerinterview-bundeskanzler-friedrich-merz-cdu-kommt-zum-interview-berlin-germany-august-30-2026-ard-capital-studio-summer-interview-chancellor-friedrich-merz-of-the-cdu-arrives-for-the-interview-copyright-xdtsxnachrichtenagenturx-dts-131770.jpg')\" decoding=\"async\"\/><img loading=\"lazy\" src=\"https:\/\/www.t-online.de\/s\/paper\/_next\/static\/media\/zoom-in.f7dae02f.svg\" alt=\"Vergr\u00f6\u00dfern des Bildes\" title=\"Vergr\u00f6\u00dfern des Bildes\" class=\"block h-[calc(var(--height)_\/_16_*_1rem)] w-[calc(var(--width)_\/_16_*_1rem)] max-w-none absolute right-8 bottom-8 rounded-4 bg-snow p-8\" style=\"--width:32;--height:32\" decoding=\"async\"\/><\/a><\/p>\n<p>Bundeskanzler Friedrich Merz im ARD-&#8222;Sommerinterview&#8220;: Er sprach \u00fcber den Drohnenvorfall in Leipzig. (Quelle: IMAGO\/dts Nachrichtenagentur\/imago)<\/p>\n<p class=\"font-bold text-18 leading-17 user-text-lg:text-22 user-text-xl:text-24\">Der Sprengstoff-Drohnenvorfall am Flughafen Leipzig\/Halle hat die Bundesregierung besch\u00e4ftigt. Friedrich Merz k\u00fcndigt nun eine Reaktion darauf an.<\/p>\n<p class=\"text-18 leading-17 user-text-lg:text-22 user-text-xl:text-24\">Die <a href=\"https:\/\/www.t-online.de\/themen\/bundesregierung\/\" class=\"transition-colors cursor-pointer no-underline md:hover:text-magenta md:focus:text-magenta border-b border-solid border-current text-salemsfur md:hover:border-magenta\" data-tracking=\"{&quot;action&quot;:&quot;click&quot;,&quot;category&quot;:&quot;intextLink&quot;,&quot;label&quot;:&quot;\/themen\/bundesregierung\/&quot;}\" data-sctrack=\"BodyAnchor\" rel=\"nofollow noopener\" target=\"_blank\">Bundesregierung<\/a> hat ihre Reaktion auf den Vorfall mit der Sprengstoff-Drohne am <a href=\"https:\/\/www.t-online.de\/themen\/flughafen\/\" class=\"transition-colors cursor-pointer no-underline md:hover:text-magenta md:focus:text-magenta border-b border-solid border-current text-salemsfur md:hover:border-magenta\" data-tracking=\"{&quot;action&quot;:&quot;click&quot;,&quot;category&quot;:&quot;intextLink&quot;,&quot;label&quot;:&quot;\/themen\/flughafen\/&quot;}\" data-sctrack=\"BodyAnchor\" rel=\"nofollow noopener\" target=\"_blank\">Flughafen<\/a> <a href=\"https:\/\/leipzig.t-online.de\/region\/leipzig\/\" class=\"transition-colors cursor-pointer no-underline md:hover:text-magenta md:focus:text-magenta border-b border-solid border-current text-salemsfur md:hover:border-magenta\" data-tracking=\"{&quot;action&quot;:&quot;click&quot;,&quot;category&quot;:&quot;intextLink&quot;,&quot;label&quot;:&quot;https:\/\/leipzig.t-online.de\/region\/leipzig\/&quot;}\" data-sctrack=\"BodyAnchor\" rel=\"nofollow noopener\" target=\"_blank\">Leipzig<\/a> weitgehend festgelegt. &#8222;Wir sind dabei, die Ermittlungen abzuschlie\u00dfen&#8220;, sagte Bundeskanzler <a href=\"https:\/\/www.t-online.de\/themen\/friedrich-merz\/\" class=\"transition-colors cursor-pointer no-underline md:hover:text-magenta md:focus:text-magenta border-b border-solid border-current text-salemsfur md:hover:border-magenta\" data-tracking=\"{&quot;action&quot;:&quot;click&quot;,&quot;category&quot;:&quot;intextLink&quot;,&quot;label&quot;:&quot;\/themen\/friedrich-merz\/&quot;}\" data-sctrack=\"BodyAnchor\" rel=\"nofollow noopener\" target=\"_blank\">Friedrich Merz<\/a> (CDU) am Sonntag im ARD-&#8222;Sommerinterview&#8220;. &#8222;Wir haben eine weitgehende Einigung in der Bundesregierung, wie wir reagieren, und das werden wir in den n\u00e4chsten Tagen auch klar zum Ausdruck bringen.&#8220;<\/p>\n<p class=\"text-18 leading-17 user-text-lg:text-22 user-text-xl:text-24\">Am Wochenende hatten die &#8222;Welt am Sonntag&#8220; und das Portal &#8222;Politico&#8220; berichtet, die Bundesregierung mache <a href=\"https:\/\/www.t-online.de\/themen\/russland\/\" class=\"transition-colors cursor-pointer no-underline md:hover:text-magenta md:focus:text-magenta border-b border-solid border-current text-salemsfur md:hover:border-magenta\" data-tracking=\"{&quot;action&quot;:&quot;click&quot;,&quot;category&quot;:&quot;intextLink&quot;,&quot;label&quot;:&quot;\/themen\/russland\/&quot;}\" data-sctrack=\"BodyAnchor\" rel=\"nofollow noopener\" target=\"_blank\">Russland<\/a> f\u00fcr den Drohnenvorfall verantwortlich und bereite eine harte Reaktion vor. Demnach ist eine Kombination von direkten Ma\u00dfnahmen Deutschlands und neuer EU-Sanktionen geplant.<\/p>\n<p class=\"text-18 leading-17 user-text-lg:text-22 user-text-xl:text-24\">Merz \u00e4u\u00dferte sich in der <a href=\"https:\/\/www.t-online.de\/themen\/ard\/\" class=\"transition-colors cursor-pointer no-underline md:hover:text-magenta md:focus:text-magenta border-b border-solid border-current text-salemsfur md:hover:border-magenta\" data-tracking=\"{&quot;action&quot;:&quot;click&quot;,&quot;category&quot;:&quot;intextLink&quot;,&quot;label&quot;:&quot;\/themen\/ard\/&quot;}\" data-sctrack=\"BodyAnchor\" rel=\"nofollow noopener\" target=\"_blank\">ARD<\/a> erneut noch nicht dazu, ob die Bundesregierung Russland hinter dem Vorfall sieht. Der Bundeskanzler hatte zuletzt mehrfach gesagt, die Zuweisung der Verantwortung werde in den kommenden Tagen erfolgen und dann auch eine entsprechende Reaktion verk\u00fcndet.<\/p>\n<p class=\"text-18 leading-17 user-text-lg:text-22 user-text-xl:text-24\">&#8222;Es wird nicht mehr lange dauern&#8220;, sagte der Kanzler nun. Auf die Frage, ob es eine rein deutsche Reaktion sein werde oder auch eine, die mit EU und <a href=\"https:\/\/www.t-online.de\/themen\/nato\/\" class=\"transition-colors cursor-pointer no-underline md:hover:text-magenta md:focus:text-magenta border-b border-solid border-current text-salemsfur md:hover:border-magenta\" data-tracking=\"{&quot;action&quot;:&quot;click&quot;,&quot;category&quot;:&quot;intextLink&quot;,&quot;label&quot;:&quot;\/themen\/nato\/&quot;}\" data-sctrack=\"BodyAnchor\" rel=\"nofollow noopener\" target=\"_blank\">Nato<\/a> abgestimmt sei, sagte er: &#8222;Es wird eine Reaktion aus Deutschland sein, aber die Partner in der Europ\u00e4ischen Union und in der Nato werden davon nicht \u00fcberrascht&#8220;, sagte Merz. Sie werde mit diesen &#8222;in diesen Tagen auch final abgestimmt&#8220;.<\/p>\n<p class=\"text-18 leading-17 user-text-lg:text-22 user-text-xl:text-24\">Am Abend des 4. August war am Flughafen Leipzig eine mit Sprengstoff beladene Drohne entdeckt worden. In ihrer N\u00e4he befanden sich mehrere ukrainische Frachtflugzeuge. Der Flughafen gilt als Umschlagplatz f\u00fcr milit\u00e4rische Hilfslieferungen f\u00fcr die <a href=\"https:\/\/www.t-online.de\/themen\/ukraine\/\" class=\"transition-colors cursor-pointer no-underline md:hover:text-magenta md:focus:text-magenta border-b border-solid border-current text-salemsfur md:hover:border-magenta\" data-tracking=\"{&quot;action&quot;:&quot;click&quot;,&quot;category&quot;:&quot;intextLink&quot;,&quot;label&quot;:&quot;\/themen\/ukraine\/&quot;}\" data-sctrack=\"BodyAnchor\" rel=\"nofollow noopener\" target=\"_blank\">Ukraine<\/a> im Krieg gegen Russland. Medienberichten zufolge wurden in der Folge Hinweise auf weitere Drohnen entdeckt.<\/p>\n","protected":false},"excerpt":{"rendered":"Merz nach Vorfall in Leipzig &#8222;Werden wir in den n\u00e4chsten Tagen klar zum Ausdruck bringen&#8220; 30.08.2026 &#8211; 20:08&hellip;\n","protected":false},"author":2,"featured_media":1270302,"comment_status":"","ping_status":"","sticky":false,"template":"","format":"standard","meta":{"footnotes":"","_share_on_mastodon":"0"},"categories":[1832],"tags":[326,223,1173,31,3364,29,1478,108949,548,7563,775,30,71,1159,307,859,83946,8016],"class_list":["post-1270301","post","type-post","status-publish","format-standard","has-post-thumbnail","category-leipzig","tag-326","tag-ard","tag-bundesregierung","tag-cdu","tag-de","tag-deutschland","tag-drohne","tag-drohnenvorfall","tag-eu","tag-flughafen-leipzig-halle","tag-friedrich-merz","tag-germany","tag-leipzig","tag-nato","tag-russland","tag-sachsen","tag-sommerinterview","tag-wams"],"share_on_mastodon":{"url":"https:\/\/pubeurope.com\/@de\/117186034648367330","error":""},"_links":{"self":[{"href":"https:\/\/www.europesays.com\/de\/wp-json\/wp\/v2\/posts\/1270301","targetHints":{"allow":["GET"]}}],"collection":[{"href":"https:\/\/www.europesays.com\/de\/wp-json\/wp\/v2\/posts"}],"about":[{"href":"https:\/\/www.europesays.com\/de\/wp-json\/wp\/v2\/types\/post"}],"author":[{"embeddable":true,"href":"https:\/\/www.europesays.com\/de\/wp-json\/wp\/v2\/users\/2"}],"replies":[{"embeddable":true,"href":"https:\/\/www.europesays.com\/de\/wp-json\/wp\/v2\/comments?post=1270301"}],"version-history":[{"count":0,"href":"https:\/\/www.europesays.com\/de\/wp-json\/wp\/v2\/posts\/1270301\/revisions"}],"wp:featuredmedia":[{"embeddable":true,"href":"https:\/\/www.europesays.com\/de\/wp-json\/wp\/v2\/media\/1270302"}],"wp:attachment":[{"href":"https:\/\/www.europesays.com\/de\/wp-json\/wp\/v2\/media?parent=1270301"}],"wp:term":[{"taxonomy":"category","embeddable":true,"href":"https:\/\/www.europesays.com\/de\/wp-json\/wp\/v2\/categories?post=1270301"},{"taxonomy":"post_tag","embeddable":true,"href":"https:\/\/www.europesays.com\/de\/wp-json\/wp\/v2\/tags?post=1270301"}],"curies":[{"name":"wp","href":"https:\/\/api.w.org\/{rel}","templated":true}]}}