{"id":1270305,"date":"2026-08-30T19:09:19","date_gmt":"2026-08-30T19:09:19","guid":{"rendered":"https:\/\/www.europesays.com\/de\/1270305\/"},"modified":"2026-08-30T19:09:19","modified_gmt":"2026-08-30T19:09:19","slug":"fortuna-duesseldorf-f95-in-sauck-sackgasse-ex-gladbach-talent-hat-zwei-optionen","status":"publish","type":"post","link":"https:\/\/www.europesays.com\/de\/1270305\/","title":{"rendered":"Fortuna D\u00fcsseldorf: F95 in Sauck-Sackgasse \u2013 Ex-Gladbach-Talent hat zwei Optionen"},"content":{"rendered":"<p class=\"text_ohne_einzug richtext text-em-55 !leading-serif mx-6 desktop:mx-0\">Unter dem Strich hatten sich beide Parteien deutlich zu weit aus dem Fenster gelehnt. Fortuna mit Sven Mislintat, ihrem damaligen Sportvorstand, an vorderster Front, aber auch Kilian Sauck selbst. Von \u201egro\u00dfem Entwicklungspotenzial\u201c sprach Mislintat, als er den Offensivakteur im Winter, am letzten Tag der Transferperiode, von Borussia M\u00f6nchengladbach verpflichtete. Und Sauck sagte, er sehe seinen Wechsel nach D\u00fcsseldorf \u201eals gro\u00dfe Chance\u201c, ehe er versprach, hart daran zu arbeiten, \u201eum diese zu nutzen\u201c. Doch nach einem halben Jahr ist die Ern\u00fcchterung gro\u00df: Der geb\u00fcrtige Hamburger hat sein Potenzial nicht ansatzweise entfaltet und seine Chance mitnichten genutzt.<\/p>\n","protected":false},"excerpt":{"rendered":"Unter dem Strich hatten sich beide Parteien deutlich zu weit aus dem Fenster gelehnt. Fortuna mit Sven Mislintat,&hellip;\n","protected":false},"author":2,"featured_media":1270306,"comment_status":"","ping_status":"","sticky":false,"template":"","format":"standard","meta":{"footnotes":"","_share_on_mastodon":"0"},"categories":[1831],"tags":[224,3364,29,79274,3405,30,1209,84942,8630,209728,12074],"class_list":["post-1270305","post","type-post","status-publish","format-standard","has-post-thumbnail","category-duesseldorf","tag-abstellgleis","tag-de","tag-deutschland","tag-dinkelborg","tag-duesseldorf","tag-germany","tag-nordrhein-westfalen","tag-nowak","tag-patrick","tag-sauck","tag-tobias"],"share_on_mastodon":{"url":"","error":""},"_links":{"self":[{"href":"https:\/\/www.europesays.com\/de\/wp-json\/wp\/v2\/posts\/1270305","targetHints":{"allow":["GET"]}}],"collection":[{"href":"https:\/\/www.europesays.com\/de\/wp-json\/wp\/v2\/posts"}],"about":[{"href":"https:\/\/www.europesays.com\/de\/wp-json\/wp\/v2\/types\/post"}],"author":[{"embeddable":true,"href":"https:\/\/www.europesays.com\/de\/wp-json\/wp\/v2\/users\/2"}],"replies":[{"embeddable":true,"href":"https:\/\/www.europesays.com\/de\/wp-json\/wp\/v2\/comments?post=1270305"}],"version-history":[{"count":0,"href":"https:\/\/www.europesays.com\/de\/wp-json\/wp\/v2\/posts\/1270305\/revisions"}],"wp:featuredmedia":[{"embeddable":true,"href":"https:\/\/www.europesays.com\/de\/wp-json\/wp\/v2\/media\/1270306"}],"wp:attachment":[{"href":"https:\/\/www.europesays.com\/de\/wp-json\/wp\/v2\/media?parent=1270305"}],"wp:term":[{"taxonomy":"category","embeddable":true,"href":"https:\/\/www.europesays.com\/de\/wp-json\/wp\/v2\/categories?post=1270305"},{"taxonomy":"post_tag","embeddable":true,"href":"https:\/\/www.europesays.com\/de\/wp-json\/wp\/v2\/tags?post=1270305"}],"curies":[{"name":"wp","href":"https:\/\/api.w.org\/{rel}","templated":true}]}}