{"id":1270309,"date":"2026-08-30T19:11:14","date_gmt":"2026-08-30T19:11:14","guid":{"rendered":"https:\/\/www.europesays.com\/de\/1270309\/"},"modified":"2026-08-30T19:11:14","modified_gmt":"2026-08-30T19:11:14","slug":"unfall-mit-mehreren-fahrzeugen-bei-guenzburg-a8-in-richtung-stuttgart-gesperrt","status":"publish","type":"post","link":"https:\/\/www.europesays.com\/de\/1270309\/","title":{"rendered":"Unfall mit mehreren Fahrzeugen bei G\u00fcnzburg\u2013 A8 in Richtung Stuttgart gesperrt"},"content":{"rendered":"<p class=\"mb-6 text-xs-varying md:text-m lg:text-l font-serif group-[.font-sans]:font-sans \">\n    Am Sonntagabend, 30. August, ist es zu einem Unfall auf der A8 bei <a href=\"https:\/\/www.augsburger-allgemeine.de\/guenzburg\/ort\/guenzburg\" target=\"_self\" class=\"underline \" rel=\"nofollow noopener\">G\u00fcnzburg<\/a> gekommen. Das teilte die Polizei mit. Genauere Informationen zum Ablauf des Unfalls gibt es bislang nicht, die Ermittlungen laufen.\n  <\/p>\n<p class=\"mb-6 text-xs-varying md:text-m lg:text-l font-serif group-[.font-sans]:font-sans \">\n    Die A8 war nach dem Unfall zeitweise vollst\u00e4ndig gesperrt. Sp\u00e4ter am Abend wurde zumindest in Richtung M\u00fcnchen eine Spur freigegeben, auf der der Verkehr an der Unfallstelle vorbeigeleitet wurde. In Richtung Stuttgart ging es f\u00fcr Autofahrende weiterhin nicht voran.\n  <\/p>\n<p>            Unfall auf A8: Mehrere Fahrzeuge beteiligt<\/p>\n<p class=\"mb-6 text-xs-varying md:text-m lg:text-l font-serif group-[.font-sans]:font-sans \">\n    Wie die Polizei mitteilte, habe sich der Unfall kurz vor 18.30 Uhr an der Anschlussstelle G\u00fcnzburg ereignet. Auf Nachfrage unserer Redaktion teilte sie mit, dass an dem Unfall insgesamt wohl f\u00fcnf Fahrzeuge beteiligt gewesen waren. Bei dem Unfall sei eine Person leicht verletzt worden.\n  <\/p>\n<p class=\"mb-6 text-xs-varying md:text-m lg:text-l font-serif group-[.font-sans]:font-sans \">\n    Neben der Polizei waren laut Informationen eines Reporters auch Einsatzkr\u00e4fte der Feuerwehren aus <a href=\"https:\/\/augsburger-allgemeine.de\/guenzburg\/ort\/Burgau\" target=\"_self\" class=\"underline \" rel=\"nofollow noopener\">Burgau<\/a>, Leipheim und G\u00fcnzburg vor Ort. Zudem war auch die Kreisbrandinspektion G\u00fcnzburg im Einsatz.\n  <\/p>\n<p>            Stau auf der A8: Fahrbahn nach Unfall in Richtung Stuttgart gesperrt<\/p>\n<p class=\"mb-6 text-xs-varying md:text-m lg:text-l font-serif group-[.font-sans]:font-sans \">\n    Laut des Online-Portals Bayerninfo.de erstreckt sich der Stau in Richtung Stuttgart zwischen Burgau und G\u00fcnzburg \u00fcber elf Kilometer. Demnach seien Personen sowie Gegenst\u00e4nde auf der Fahrbahn, die Polizei bittet darum, eine Rettungsgasse zu bilden. In Richtung M\u00fcnchen bildete sich zwischen Leipheim S\u00fcd und Burgau zwischenzeitlich ein Stau von rund 13 Kilometern.\n  <\/p>\n<p class=\"mb-6 text-xs-varying md:text-m lg:text-l font-serif group-[.font-sans]:font-sans \">\n    (Dieser Artikel wird laufend aktualisiert.)\n  <\/p>\n","protected":false},"excerpt":{"rendered":"Am Sonntagabend, 30. August, ist es zu einem Unfall auf der A8 bei G\u00fcnzburg gekommen. Das teilte die&hellip;\n","protected":false},"author":2,"featured_media":1270310,"comment_status":"","ping_status":"","sticky":false,"template":"","format":"standard","meta":{"footnotes":"","_share_on_mastodon":"0"},"categories":[1830],"tags":[262374,1634,182123,3364,29,9920,514,30,60832,1268,121,2224,1441,1284],"class_list":["post-1270309","post","type-post","status-publish","format-standard","has-post-thumbnail","category-stuttgart","tag-abendverkehr","tag-baden-wuerttemberg","tag-burgau","tag-de","tag-deutschland","tag-fahrbahn","tag-fahrzeug","tag-germany","tag-guenzburg","tag-muenchen","tag-polizei","tag-sperrung","tag-stuttgart","tag-unfall"],"share_on_mastodon":{"url":"https:\/\/pubeurope.com\/@de\/117186047905931746","error":""},"_links":{"self":[{"href":"https:\/\/www.europesays.com\/de\/wp-json\/wp\/v2\/posts\/1270309","targetHints":{"allow":["GET"]}}],"collection":[{"href":"https:\/\/www.europesays.com\/de\/wp-json\/wp\/v2\/posts"}],"about":[{"href":"https:\/\/www.europesays.com\/de\/wp-json\/wp\/v2\/types\/post"}],"author":[{"embeddable":true,"href":"https:\/\/www.europesays.com\/de\/wp-json\/wp\/v2\/users\/2"}],"replies":[{"embeddable":true,"href":"https:\/\/www.europesays.com\/de\/wp-json\/wp\/v2\/comments?post=1270309"}],"version-history":[{"count":0,"href":"https:\/\/www.europesays.com\/de\/wp-json\/wp\/v2\/posts\/1270309\/revisions"}],"wp:featuredmedia":[{"embeddable":true,"href":"https:\/\/www.europesays.com\/de\/wp-json\/wp\/v2\/media\/1270310"}],"wp:attachment":[{"href":"https:\/\/www.europesays.com\/de\/wp-json\/wp\/v2\/media?parent=1270309"}],"wp:term":[{"taxonomy":"category","embeddable":true,"href":"https:\/\/www.europesays.com\/de\/wp-json\/wp\/v2\/categories?post=1270309"},{"taxonomy":"post_tag","embeddable":true,"href":"https:\/\/www.europesays.com\/de\/wp-json\/wp\/v2\/tags?post=1270309"}],"curies":[{"name":"wp","href":"https:\/\/api.w.org\/{rel}","templated":true}]}}